{"id":11831,"date":"2018-08-07T07:49:30","date_gmt":"2018-08-07T05:49:30","guid":{"rendered":"http:\/\/www.frankensicht.de\/?p=11831"},"modified":"2018-08-07T07:49:30","modified_gmt":"2018-08-07T05:49:30","slug":"gebaeude-werden-auf-vordermann-gebracht","status":"publish","type":"post","link":"https:\/\/www.frankensicht.de\/?p=11831","title":{"rendered":"Geb\u00e4ude werden auf Vordermann gebracht"},"content":{"rendered":"<p><span style=\"color: #ff0000;\">Erlangen:<\/span><\/p>\n<p>Geb\u00e4ude werden auf Vordermann gebracht<br \/>\nDie sechsw\u00f6chigen Sommerferien werden vom st\u00e4dtischen Amt f\u00fcr Geb\u00e4udemanagement intensiv genutzt, um notwendige Bauma\u00dfnahmen und Reparaturen in den kommunalen Geb\u00e4uden durchzuf\u00fchren, insbesondere in Schulen. Wie das Referat f\u00fcr Planen und Bauen der Stadtverwaltung informiert, z\u00e4hlen dazu die Erneuerungen von WC-Anlagen und Umkleiden, die Ert\u00fcchtigungen von Rettungswegen zur Verbesserung des Brandschutzes, der Austausch von Fenstern, die Sanierung von Klassenr\u00e4umen und Verwaltungsbereichen sowie die Erneuerung der EDV-Verkabelung. Insgesamt werden mehr als 2,8 Millionen Euro &#8222;verbaut&#8220;, in vier Schulen finden besonders umfangreiche Ma\u00dfnahmen statt. So entsteht in der Michael-Poeschke-Grundschule ein zus\u00e4tzlicher Klassenraum aus mobilen Raumeinheiten, der durch einen Foyeranbau mit der Schule verbunden ist. Dadurch werden auch die bisher nur \u00fcber den Schulhof zug\u00e4nglichen Toiletten in das Geb\u00e4ude integriert. Die Stadt investiert hier in kurzer Zeit \u00fcber 900.000 Euro f\u00fcr die Bildung einer Inklusionsklasse.<\/p>\n<p><a href=\"https:\/\/www.frankensicht.de\/?attachment_id=11409\" rel=\"attachment wp-att-11409\"><img loading=\"lazy\" decoding=\"async\" class=\"alignnone size-medium wp-image-11409\" src=\"https:\/\/www.frankensicht.de\/wp-content\/uploads\/2018\/02\/erlangen-291x300.jpg\" alt=\"\" width=\"291\" height=\"300\" srcset=\"https:\/\/www.frankensicht.de\/wp-content\/uploads\/2018\/02\/erlangen-291x300.jpg 291w, https:\/\/www.frankensicht.de\/wp-content\/uploads\/2018\/02\/erlangen-768x792.jpg 768w, https:\/\/www.frankensicht.de\/wp-content\/uploads\/2018\/02\/erlangen-993x1024.jpg 993w, https:\/\/www.frankensicht.de\/wp-content\/uploads\/2018\/02\/erlangen.jpg 999w\" sizes=\"auto, (max-width: 291px) 100vw, 291px\" \/><\/a><br \/>\nF\u00fcr die barrierefreie Erreichbarkeit der Eing\u00e4nge der Schulgeb\u00e4ude und der Sporthalle werden Rampen angebaut und die bereits w\u00e4hrend der Unterrichtszeit begonnenen Sanierungsma\u00dfnahmen der abgeh\u00e4ngten Decken im Geb\u00e4ude fortgef\u00fchrt.<br \/>\nEin gr\u00f6\u00dferer Umbau in der Realschule am Europakanal f\u00fcr \u00fcber 800.000 Euro schafft die M\u00f6glichkeit f\u00fcr einen neuen Gruppenraum. Gleichzeitig wird die Zeit genutzt, die WC&#8217;s zu sanieren. In der M\u00f6nau-Grundschule erfolgt die strukturierte Geb\u00e4udeverkabelung der Klassen-, Fach- und Gruppenr\u00e4ume mit Datennetzen, neuer Elektroversorgung und fester Beamer-Verkabelung f\u00fcr rund 135.000 Euro. F\u00fcr neue Sanit\u00e4rbereiche und Umkleiden der Sporthalle erh\u00e4lt die Loschge-Grundschule ca. 780.000 Euro. Im Schulgeb\u00e4ude selbst wird mit der umfassenden Datenverkabelung der R\u00e4ume begonnen.<br \/>\nIn nahezu allen Geb\u00e4uden erfolgt zum Ende der Ferien eine intensive Grundreinigung, damit gut ger\u00fcstet ins neue Schuljahr gestartet werden kann.<\/p>\n<p>Quelle:erlangen.de<\/p>\n","protected":false},"excerpt":{"rendered":"<p>Erlangen: Geb\u00e4ude werden auf Vordermann gebracht Die sechsw\u00f6chigen Sommerferien werden vom st\u00e4dtischen Amt f\u00fcr Geb\u00e4udemanagement intensiv genutzt, um notwendige Bauma\u00dfnahmen und Reparaturen in den kommunalen Geb\u00e4uden durchzuf\u00fchren, insbesondere in Schulen. Wie das Referat f\u00fcr Planen und Bauen der Stadtverwaltung informiert, z\u00e4hlen dazu die Erneuerungen von WC-Anlagen und Umkleiden, die Ert\u00fcchtigungen von Rettungswegen zur Verbesserung des [&hellip;]<\/p>\n","protected":false},"author":7,"featured_media":11409,"comment_status":"closed","ping_status":"open","sticky":false,"template":"","format":"standard","meta":{"footnotes":""},"categories":[78,111,71,85],"tags":[2593],"class_list":["post-11831","post","type-post","status-publish","format-standard","has-post-thumbnail","hentry","category-bayern","category-erlangen-mittelfranken","category-menue","category-mittelfranken","tag-renovierungen"],"_links":{"self":[{"href":"https:\/\/www.frankensicht.de\/index.php?rest_route=\/wp\/v2\/posts\/11831","targetHints":{"allow":["GET"]}}],"collection":[{"href":"https:\/\/www.frankensicht.de\/index.php?rest_route=\/wp\/v2\/posts"}],"about":[{"href":"https:\/\/www.frankensicht.de\/index.php?rest_route=\/wp\/v2\/types\/post"}],"author":[{"embeddable":true,"href":"https:\/\/www.frankensicht.de\/index.php?rest_route=\/wp\/v2\/users\/7"}],"replies":[{"embeddable":true,"href":"https:\/\/www.frankensicht.de\/index.php?rest_route=%2Fwp%2Fv2%2Fcomments&post=11831"}],"version-history":[{"count":1,"href":"https:\/\/www.frankensicht.de\/index.php?rest_route=\/wp\/v2\/posts\/11831\/revisions"}],"predecessor-version":[{"id":11832,"href":"https:\/\/www.frankensicht.de\/index.php?rest_route=\/wp\/v2\/posts\/11831\/revisions\/11832"}],"wp:featuredmedia":[{"embeddable":true,"href":"https:\/\/www.frankensicht.de\/index.php?rest_route=\/wp\/v2\/media\/11409"}],"wp:attachment":[{"href":"https:\/\/www.frankensicht.de\/index.php?rest_route=%2Fwp%2Fv2%2Fmedia&parent=11831"}],"wp:term":[{"taxonomy":"category","embeddable":true,"href":"https:\/\/www.frankensicht.de\/index.php?rest_route=%2Fwp%2Fv2%2Fcategories&post=11831"},{"taxonomy":"post_tag","embeddable":true,"href":"https:\/\/www.frankensicht.de\/index.php?rest_route=%2Fwp%2Fv2%2Ftags&post=11831"}],"curies":[{"name":"wp","href":"https:\/\/api.w.org\/{rel}","templated":true}]}}