{"id":11821,"date":"2018-09-26T08:19:42","date_gmt":"2018-09-26T06:19:42","guid":{"rendered":"http:\/\/www.frankensicht.de\/?p=11821"},"modified":"2018-10-04T08:33:40","modified_gmt":"2018-10-04T06:33:40","slug":"zehn-jahre-bayerisches-pflege-und-wohnqualitaetsgesetz","status":"publish","type":"post","link":"https:\/\/www.frankensicht.de\/?p=11821","title":{"rendered":"Zehn Jahre Bayerisches Pflege- und Wohnqualit\u00e4tsgesetz"},"content":{"rendered":"<p><span style=\"color: #ff0000;\">M\u00fcnchen:<\/span><\/p>\n<p>Zehn Jahre Bayerisches Pflege- und Wohnqualit\u00e4tsgesetz &#8211; Pflegeministerin Huml: Gesetz garantiert Schutz f\u00fcr Pflegebed\u00fcrftige und Menschen mit Behinderung<\/p>\n<p>Mit dem Bayerischen Pflege- und Wohnqualit\u00e4tsgesetz (PfleWoqG) stellt der Freistaat Bayern seit genau zehn Jahren (1. August 2008) den Schutz f\u00fcr Pflegebed\u00fcrftige und Menschen mit Behinderung in entsprechenden Wohneinrichtungen sicher. Darauf hat Bayerns Gesundheits- und Pflegeministerin Melanie Huml am Mittwoch hingewiesen. Sie erl\u00e4uterte: &#8222;Viele Menschen w\u00fcnschen sich auch im Alter oder bei Pflegebed\u00fcrftigkeit ein selbstbestimmtes Leben. Deswegen ist es wichtig, die Selbstst\u00e4ndigkeit, die Selbstverantwortung sowie die Lebensqualit\u00e4t der Bewohnerinnen und Bewohner zu wahren und zu f\u00f6rdern.&#8220;<\/p>\n<p><a href=\"https:\/\/www.frankensicht.de\/?attachment_id=1410\" rel=\"attachment wp-att-1410\"><img loading=\"lazy\" decoding=\"async\" class=\"alignnone size-medium wp-image-1410\" src=\"https:\/\/www.frankensicht.de\/wp-content\/uploads\/2012\/05\/paragraf-300x187.jpg\" alt=\"\" width=\"300\" height=\"187\" srcset=\"https:\/\/www.frankensicht.de\/wp-content\/uploads\/2012\/05\/paragraf-300x187.jpg 300w, https:\/\/www.frankensicht.de\/wp-content\/uploads\/2012\/05\/paragraf.jpg 640w\" sizes=\"auto, (max-width: 300px) 100vw, 300px\" \/><\/a><\/p>\n<p>Die Ministerin betonte: &#8222;Wir haben bereits viel in puncto Qualit\u00e4t in der Pflege erreicht. Seit dem 1. August 2008 bildet das Bayerische PfleWoqG die Grundlage f\u00fcr die Beratung, Begleitung und Kontrolle der Einrichtungen durch die \u00f6rtlichen Fachstellen f\u00fcr Pflege- und Behinderteneinrichtungen &amp;ndash; Qualit\u00e4tsentwicklung und Aufsicht (FQA). Deren kompetenter und ausdauernder Einsatz leistet einen wichtigen Beitrag f\u00fcr den Schutz der Selbstbestimmung und Lebensqualit\u00e4t der Bewohnerinnen und Bewohner.&#8220;<\/p>\n<p>Huml erl\u00e4uterte: &#8222;Den individuellen Interessen und Bed\u00fcrfnissen kann durch die Entwicklung alternativer Wohnformen noch mehr Rechnung getragen werden. Die Nachfrage nach entsprechenden Wohnformen steigt.&#8220;<\/p>\n<p>Die Ministerin erg\u00e4nzte: &#8222;Mein Ziel ist deshalb eine fl\u00e4chendeckende Versorgung mit einem breit gef\u00e4cherten Angebot. Denn es ist wichtig, dass Menschen die Wahl haben und gemeinsam mit Angeh\u00f6rigen selbst entscheiden k\u00f6nnen, wie sie im Alter, bei Pflegebed\u00fcrftigkeit und mit Behinderung leben m\u00f6chten. Um dem Schutzauftrag bei einer sich wandelnden Versorgungslandschaft auch in der Zukunft gerecht werden zu k\u00f6nnen, wird es in der kommenden Legislaturperiode eine \u00dcberarbeitung des Pflege- und Wohnqualit\u00e4tsgesetzes geben.&#8220;<\/p>\n<p>Quelle:stmgp.bayern.de<\/p>\n","protected":false},"excerpt":{"rendered":"<p>M\u00fcnchen: Zehn Jahre Bayerisches Pflege- und Wohnqualit\u00e4tsgesetz &#8211; Pflegeministerin Huml: Gesetz garantiert Schutz f\u00fcr Pflegebed\u00fcrftige und Menschen mit Behinderung Mit dem Bayerischen Pflege- und Wohnqualit\u00e4tsgesetz (PfleWoqG) stellt der Freistaat Bayern seit genau zehn Jahren (1. August 2008) den Schutz f\u00fcr Pflegebed\u00fcrftige und Menschen mit Behinderung in entsprechenden Wohneinrichtungen sicher. Darauf hat Bayerns Gesundheits- und Pflegeministerin [&hellip;]<\/p>\n","protected":false},"author":7,"featured_media":0,"comment_status":"closed","ping_status":"open","sticky":false,"template":"","format":"standard","meta":{"footnotes":""},"categories":[78,71],"tags":[2636],"class_list":["post-11821","post","type-post","status-publish","format-standard","hentry","category-bayern","category-menue","tag-pflegegesetz"],"_links":{"self":[{"href":"https:\/\/www.frankensicht.de\/index.php?rest_route=\/wp\/v2\/posts\/11821","targetHints":{"allow":["GET"]}}],"collection":[{"href":"https:\/\/www.frankensicht.de\/index.php?rest_route=\/wp\/v2\/posts"}],"about":[{"href":"https:\/\/www.frankensicht.de\/index.php?rest_route=\/wp\/v2\/types\/post"}],"author":[{"embeddable":true,"href":"https:\/\/www.frankensicht.de\/index.php?rest_route=\/wp\/v2\/users\/7"}],"replies":[{"embeddable":true,"href":"https:\/\/www.frankensicht.de\/index.php?rest_route=%2Fwp%2Fv2%2Fcomments&post=11821"}],"version-history":[{"count":1,"href":"https:\/\/www.frankensicht.de\/index.php?rest_route=\/wp\/v2\/posts\/11821\/revisions"}],"predecessor-version":[{"id":11954,"href":"https:\/\/www.frankensicht.de\/index.php?rest_route=\/wp\/v2\/posts\/11821\/revisions\/11954"}],"wp:attachment":[{"href":"https:\/\/www.frankensicht.de\/index.php?rest_route=%2Fwp%2Fv2%2Fmedia&parent=11821"}],"wp:term":[{"taxonomy":"category","embeddable":true,"href":"https:\/\/www.frankensicht.de\/index.php?rest_route=%2Fwp%2Fv2%2Fcategories&post=11821"},{"taxonomy":"post_tag","embeddable":true,"href":"https:\/\/www.frankensicht.de\/index.php?rest_route=%2Fwp%2Fv2%2Ftags&post=11821"}],"curies":[{"name":"wp","href":"https:\/\/api.w.org\/{rel}","templated":true}]}}