{"id":11802,"date":"2018-07-23T08:27:18","date_gmt":"2018-07-23T06:27:18","guid":{"rendered":"http:\/\/www.frankensicht.de\/?p=11802"},"modified":"2018-07-23T08:27:18","modified_gmt":"2018-07-23T06:27:18","slug":"nach-der-evakuierung-der-weisshelme-aus-suedsyrien-haben-die-vorbereitungen-zur-aufnahme-von-acht-der-humanitaeren-ersthelfer-und-ihrer-familien-in-deutschland-begonnen","status":"publish","type":"post","link":"https:\/\/www.frankensicht.de\/?p=11802","title":{"rendered":"Nach der Evakuierung der \u201eWei\u00dfhelme\u201c aus S\u00fcdsyrien haben die Vorbereitungen zur Aufnahme von acht der humanit\u00e4ren Ersthelfer und ihrer Familien in Deutschland begonnen."},"content":{"rendered":"<p><span style=\"color: #ff0000;\">Berlin:<\/span><\/p>\n<p>Nach der Evakuierung der \u201eWei\u00dfhelme\u201c aus S\u00fcdsyrien haben die Vorbereitungen zur Aufnahme von acht der humanit\u00e4ren Ersthelfer und ihrer Familien in Deutschland begonnen.<\/p>\n<p>Au\u00dfenminister Heiko Maas zeigte sich erleichtert:<br \/>\n&#8222;Es ist eine gute Nachricht, dass es in enger Zusammenarbeit mit unseren internationalen Partnern gelungen ist, viele der Wei\u00dfhelme aus S\u00fcdsyrien in Sicherheit zu bringen.\u00a0 Der Einsatz der Wei\u00dfhelme verdient Bewunderung und Respekt. Wir haben ihn aus \u00dcberzeugung unterst\u00fctzt. Seit Beginn des Syrien-Konflikts haben die Wei\u00dfhelme mehr als 100.000 Menschen gerettet. Mehr als 250 von ihnen haben ihren Mut und ihre Mitmenschlichkeit mit dem Leben, viele mehr mit ihrer Gesundheit bezahlt.&#8220;<br \/>\n&#8222;Mit dem Vormarsch des Regimes droht vielen Wei\u00dfhelmen nun Gefahr f\u00fcr Leib und Leben. Es ist ein Gebot der Menschlichkeit, dass viele dieser mutigen Ersthelfer nun Schutz und Zuflucht finden, einige davon auch in Deutschland. Wir sind allen Partnern dankbar, die dazu beitragen.&#8220;<br \/>\n<a href=\"https:\/\/www.frankensicht.de\/?attachment_id=10839\" rel=\"attachment wp-att-10839\"><img loading=\"lazy\" decoding=\"async\" class=\"alignnone size-medium wp-image-10839\" src=\"https:\/\/www.frankensicht.de\/wp-content\/uploads\/2017\/07\/20150522_163620-300x225.jpg\" alt=\"\" width=\"300\" height=\"225\" srcset=\"https:\/\/www.frankensicht.de\/wp-content\/uploads\/2017\/07\/20150522_163620-300x225.jpg 300w, https:\/\/www.frankensicht.de\/wp-content\/uploads\/2017\/07\/20150522_163620-768x576.jpg 768w, https:\/\/www.frankensicht.de\/wp-content\/uploads\/2017\/07\/20150522_163620-1024x768.jpg 1024w\" sizes=\"auto, (max-width: 300px) 100vw, 300px\" \/><\/a><\/p>\n<p>Bundesinnenminister Horst Seehofer erkl\u00e4rt hierzu:<br \/>\n&#8222;Ich habe entschieden, dass Deutschland acht Angeh\u00f6rige der \u201eWei\u00dfhelme\u201c des oppositionellen syrischen Zivilschutzes und ihre Familien aufnimmt und ihnen Schutz gew\u00e4hrt. Die andauernde Milit\u00e4roffensive und zunehmende Gel\u00e4ndegewinne des syrischen Regimes in S\u00fcd-Syrien haben eine akute Gefahr f\u00fcr die \u201eWei\u00dfhelme\u201c und ihre Familien mit sich gebracht. Diese Menschen, die ihr Leben zur Rettung und Hilfe und zur Linderung der Kriegsleiden der Zivilbev\u00f6lkerung eingesetzt haben, bed\u00fcrfen nun selbst der Hilfe. Ihnen Schutz zu gew\u00e4hren ist f\u00fcr mich eine humanit\u00e4re Verpflichtung und Ausdruck meiner Politik, f\u00fcr Humanit\u00e4t und Ordnung in der Migrationspolitik zu sorgen.&#8220;<\/p>\n<p>Die Wei\u00dfhelme haben als humanit\u00e4re Ersthelfer seit ihrer Gr\u00fcndung 2013 mehr als 100.000 Menschen aus den Tr\u00fcmmern von H\u00e4usern geborgen, oft nach Luftangriffen des syrischen Regimes, und waren immer wieder auch gezielten Attacken ausgesetzt. Mehr als 250 Wei\u00dfhelme sind bei Eins\u00e4tzen ums Leben gekommen. 2016 wurden sie f\u00fcr ihre Zivilcourage und ihren Mut mit dem Right Livelihood Award, dem \u201eAlternativen Nobelpreis\u201c, ausgezeichnet. Das Ausw\u00e4rtige Amt hat die Wei\u00dfhelme seit 2016 mit insgesamt 12 Mio Euro gef\u00f6rdert.<\/p>\n<p>Die Aufnahme der Wei\u00dfhelme und ihren Familien erfolgt nach \u00a7 22 Satz 2 Aufenthaltsgesetz nach Entscheidung des Bundesministers des Innern.<\/p>\n<p>Quelle: auswaertiges-amt.de<\/p>\n","protected":false},"excerpt":{"rendered":"<p>Berlin: Nach der Evakuierung der \u201eWei\u00dfhelme\u201c aus S\u00fcdsyrien haben die Vorbereitungen zur Aufnahme von acht der humanit\u00e4ren Ersthelfer und ihrer Familien in Deutschland begonnen. Au\u00dfenminister Heiko Maas zeigte sich erleichtert: &#8222;Es ist eine gute Nachricht, dass es in enger Zusammenarbeit mit unseren internationalen Partnern gelungen ist, viele der Wei\u00dfhelme aus S\u00fcdsyrien in Sicherheit zu bringen.\u00a0 [&hellip;]<\/p>\n","protected":false},"author":7,"featured_media":10839,"comment_status":"closed","ping_status":"open","sticky":false,"template":"","format":"standard","meta":{"footnotes":""},"categories":[44,3],"tags":[2584],"class_list":["post-11802","post","type-post","status-publish","format-standard","has-post-thumbnail","hentry","category-deutschland-2","category-news","tag-weisshelme"],"_links":{"self":[{"href":"https:\/\/www.frankensicht.de\/index.php?rest_route=\/wp\/v2\/posts\/11802","targetHints":{"allow":["GET"]}}],"collection":[{"href":"https:\/\/www.frankensicht.de\/index.php?rest_route=\/wp\/v2\/posts"}],"about":[{"href":"https:\/\/www.frankensicht.de\/index.php?rest_route=\/wp\/v2\/types\/post"}],"author":[{"embeddable":true,"href":"https:\/\/www.frankensicht.de\/index.php?rest_route=\/wp\/v2\/users\/7"}],"replies":[{"embeddable":true,"href":"https:\/\/www.frankensicht.de\/index.php?rest_route=%2Fwp%2Fv2%2Fcomments&post=11802"}],"version-history":[{"count":1,"href":"https:\/\/www.frankensicht.de\/index.php?rest_route=\/wp\/v2\/posts\/11802\/revisions"}],"predecessor-version":[{"id":11803,"href":"https:\/\/www.frankensicht.de\/index.php?rest_route=\/wp\/v2\/posts\/11802\/revisions\/11803"}],"wp:featuredmedia":[{"embeddable":true,"href":"https:\/\/www.frankensicht.de\/index.php?rest_route=\/wp\/v2\/media\/10839"}],"wp:attachment":[{"href":"https:\/\/www.frankensicht.de\/index.php?rest_route=%2Fwp%2Fv2%2Fmedia&parent=11802"}],"wp:term":[{"taxonomy":"category","embeddable":true,"href":"https:\/\/www.frankensicht.de\/index.php?rest_route=%2Fwp%2Fv2%2Fcategories&post=11802"},{"taxonomy":"post_tag","embeddable":true,"href":"https:\/\/www.frankensicht.de\/index.php?rest_route=%2Fwp%2Fv2%2Ftags&post=11802"}],"curies":[{"name":"wp","href":"https:\/\/api.w.org\/{rel}","templated":true}]}}