{"id":11788,"date":"2018-07-17T08:15:36","date_gmt":"2018-07-17T06:15:36","guid":{"rendered":"http:\/\/www.frankensicht.de\/?p=11788"},"modified":"2018-07-17T08:15:55","modified_gmt":"2018-07-17T06:15:55","slug":"11788","status":"publish","type":"post","link":"https:\/\/www.frankensicht.de\/?p=11788","title":{"rendered":"Justizminister Bausback und Kultusminister Sibler informieren sich \u00fcber Rechtsbildungsunterricht f\u00fcr Fl\u00fcchtlinge und Asylbewerber in Berufsintegrationsklasse der Staatlichen Berufsschule Erding"},"content":{"rendered":"<p><span style=\"color: #ff0000;\">M\u00fcnchen:<\/span><\/p>\n<p>Justizminister Bausback und Kultusminister Sibler informieren sich \u00fcber Rechtsbildungsunterricht f\u00fcr Fl\u00fcchtlinge und Asylbewerber in Berufsintegrationsklasse der Staatlichen Berufsschule Erding<\/p>\n<p>Bayern hat als bundesweiter Vorreiter Anfang 2016 einen &#8222;Rechtsbildungsunterricht f\u00fcr Fl\u00fcchtlinge und Asylbewerber&#8220; ins Leben gerufen, der von Richtern und Staatsanw\u00e4lten sowie Rechtspflegern und Bew\u00e4hrungshelfern durchgef\u00fchrt wird. Ziel ist es, Menschen mit hoher Bleibeperspektive die Grundregeln und gemeinsamen Werte des Zusammenlebens und der Rechtsordnung in Deutschland zu vermitteln. Dazu geh\u00f6ren etwa die Werte der Demokratie, der Gleichberechtigung von Mann und Frau, der Meinungs- und Religionsfreiheit sowie die Grundprinzipien unserer Rechtsordnung. Bayernweit wurden seit Anfang 2016 mehr als 1.200 Unterrichtseinheiten durchgef\u00fchrt.<\/p>\n<p><a href=\"https:\/\/www.frankensicht.de\/?attachment_id=1410\" rel=\"attachment wp-att-1410\"><img loading=\"lazy\" decoding=\"async\" class=\"alignnone size-medium wp-image-1410\" src=\"https:\/\/www.frankensicht.de\/wp-content\/uploads\/2012\/05\/paragraf-300x187.jpg\" alt=\"\" width=\"300\" height=\"187\" srcset=\"https:\/\/www.frankensicht.de\/wp-content\/uploads\/2012\/05\/paragraf-300x187.jpg 300w, https:\/\/www.frankensicht.de\/wp-content\/uploads\/2012\/05\/paragraf.jpg 640w\" sizes=\"auto, (max-width: 300px) 100vw, 300px\" \/><\/a><\/p>\n<p>Seit Fr\u00fchjahr 2018 steht der Rechtsbildungsunterricht in Kooperation mit dem Staatsministerium f\u00fcr Unterricht und Kultus fl\u00e4chendeckend auch den Berufsintegrationsklassen der bayerischen Berufsschulen als Angebot zur Verf\u00fcgung. Bei der Integration von berufsschulpflichtigen jungen Menschen mit Fluchthintergrund nach dem Prinzip des F\u00f6rderns und Forderns bietet Bayern mit den auf zwei Jahren angelegten Berufsintegrationsklassen eine bundesweit beachtete Form, wie junge Zuwanderer Deutsch lernen, Werte ein\u00fcben und sich auf eine Berufsausbildung vorbereiten k\u00f6nnen.<\/p>\n<p>Bayerns Justizminister Prof. Dr. Winfried Bausback und Bayerns Kultusminister Bernd Sibler informieren sich am morgigen<\/p>\n<p>Dienstag, 17. Juli 2018, um 14:00 Uhr,<\/p>\n<p>in der Dr.-Herbert-Weinberger-Schule (Staatliche Berufsschule Erding)<\/p>\n<p>Freisinger Str. 89,<br \/>\nin 85435 Erding<\/p>\n<p>\u00fcber das konkrete Angebot des Rechtsbildungsunterrichts in Berufsintegrationsklassen. Dabei wird Justizminister Prof. Dr. Bausback selbst auch einen Teil des Unterrichts \u00fcbernehmen.<\/p>\n<p>Die Medien sind zu diesem Termin herzlich eingeladen!<\/p>\n<p>Eine vorherige Anmeldung bis sp\u00e4testens Dienstag, 17. Juli 2018, 12:00 Uhr unter presse@stmj.bayern.de ist erforderlich. Bitte halten Sie f\u00fcr den Einlass Ihren Personal- und Presseausweis bereit.<\/p>\n<p>Wir bitten, die Pers\u00f6nlichkeitsrechte der Unterrichtsteilnehmer zu respektieren. Interviews sowie Film- und Fotoaufnahmen sind daher nur mit denjenigen Unterrichtsteilnehmern zul\u00e4ssig, die sich im Vorfeld der Veranstaltung damit ausdr\u00fccklich einverstanden erkl\u00e4rt haben. Im \u00dcbrigen d\u00fcrfen die Unterrichtsteilnehmer nur verpixelt oder von hinten fotografiert oder gefilmt werden.<\/p>\n<p>Quelle: stmj.bayern.de<\/p>\n","protected":false},"excerpt":{"rendered":"<p>M\u00fcnchen: Justizminister Bausback und Kultusminister Sibler informieren sich \u00fcber Rechtsbildungsunterricht f\u00fcr Fl\u00fcchtlinge und Asylbewerber in Berufsintegrationsklasse der Staatlichen Berufsschule Erding Bayern hat als bundesweiter Vorreiter Anfang 2016 einen &#8222;Rechtsbildungsunterricht f\u00fcr Fl\u00fcchtlinge und Asylbewerber&#8220; ins Leben gerufen, der von Richtern und Staatsanw\u00e4lten sowie Rechtspflegern und Bew\u00e4hrungshelfern durchgef\u00fchrt wird. Ziel ist es, Menschen mit hoher Bleibeperspektive die [&hellip;]<\/p>\n","protected":false},"author":7,"featured_media":1410,"comment_status":"closed","ping_status":"open","sticky":false,"template":"","format":"standard","meta":{"footnotes":""},"categories":[1],"tags":[2579],"class_list":["post-11788","post","type-post","status-publish","format-standard","has-post-thumbnail","hentry","category-allgemein","tag-rechtsbildungsuntericht"],"_links":{"self":[{"href":"https:\/\/www.frankensicht.de\/index.php?rest_route=\/wp\/v2\/posts\/11788","targetHints":{"allow":["GET"]}}],"collection":[{"href":"https:\/\/www.frankensicht.de\/index.php?rest_route=\/wp\/v2\/posts"}],"about":[{"href":"https:\/\/www.frankensicht.de\/index.php?rest_route=\/wp\/v2\/types\/post"}],"author":[{"embeddable":true,"href":"https:\/\/www.frankensicht.de\/index.php?rest_route=\/wp\/v2\/users\/7"}],"replies":[{"embeddable":true,"href":"https:\/\/www.frankensicht.de\/index.php?rest_route=%2Fwp%2Fv2%2Fcomments&post=11788"}],"version-history":[{"count":2,"href":"https:\/\/www.frankensicht.de\/index.php?rest_route=\/wp\/v2\/posts\/11788\/revisions"}],"predecessor-version":[{"id":11790,"href":"https:\/\/www.frankensicht.de\/index.php?rest_route=\/wp\/v2\/posts\/11788\/revisions\/11790"}],"wp:featuredmedia":[{"embeddable":true,"href":"https:\/\/www.frankensicht.de\/index.php?rest_route=\/wp\/v2\/media\/1410"}],"wp:attachment":[{"href":"https:\/\/www.frankensicht.de\/index.php?rest_route=%2Fwp%2Fv2%2Fmedia&parent=11788"}],"wp:term":[{"taxonomy":"category","embeddable":true,"href":"https:\/\/www.frankensicht.de\/index.php?rest_route=%2Fwp%2Fv2%2Fcategories&post=11788"},{"taxonomy":"post_tag","embeddable":true,"href":"https:\/\/www.frankensicht.de\/index.php?rest_route=%2Fwp%2Fv2%2Ftags&post=11788"}],"curies":[{"name":"wp","href":"https:\/\/api.w.org\/{rel}","templated":true}]}}