{"id":11776,"date":"2018-07-11T08:02:30","date_gmt":"2018-07-11T06:02:30","guid":{"rendered":"http:\/\/www.frankensicht.de\/?p=11776"},"modified":"2018-07-11T08:02:30","modified_gmt":"2018-07-11T06:02:30","slug":"kultusminister-bernd-sibler-gratuliert-pfarrer-tobias-fritsche-zur-berufung-als-neuer-landesjugendpfarrer-der-evangelischen-kirche-in-bayern","status":"publish","type":"post","link":"https:\/\/www.frankensicht.de\/?p=11776","title":{"rendered":"Kultusminister Bernd Sibler gratuliert Pfarrer Tobias Fritsche zur Berufung als neuer Landesjugendpfarrer der evangelischen Kirche in Bayern"},"content":{"rendered":"<p><span style=\"color: #ff0000;\">M\u00fcnchen:<\/span><\/p>\n<p>Kultusminister Bernd Sibler gratuliert Pfarrer Tobias Fritsche zur Berufung als neuer Landesjugendpfarrer der evangelischen Kirche in Bayern<\/p>\n<p>&#8222;Junge Menschen f\u00fcr die aktive Mitgestaltung des kirchlichen und gesellschaftlichen Lebens in Bayern begeistern&#8220;<\/p>\n<p>M\u00dcNCHEN. &#8222;Ich freue mich, dass mit Pfarrer Tobias Fritsche ein in der Jugendarbeit erfahrener Geistlicher das Amt als neuer Landesjugendpfarrer der evangelischen Kirche in Bayern \u00fcbernimmt&#8220;, w\u00fcrdigt Kultusminister Bernd Sibler, der selbst in der kirchlichen Jugendarbeit aktiv war, die Berufung des 42-J\u00e4hrigen als Leiter des Amts f\u00fcr Jugendarbeit in N\u00fcrnberg. &#8222;Mit pers\u00f6nlicher Aufgeschlossenheit und innovativen Projekten wird er unsere jungen Menschen f\u00fcr die aktive Mitgestaltung des kirchlichen und gesellschaftlichen Lebens im Freistaat begeistern. Ich danke ihm f\u00fcr sein bisheriges Engagement in der Jugendarbeit und w\u00fcnsche ihm f\u00fcr seine neue Aufgabe alles erdenklich Gute!&#8220;<\/p>\n<p><a href=\"https:\/\/www.frankensicht.de\/?attachment_id=3355\" rel=\"attachment wp-att-3355\"><img loading=\"lazy\" decoding=\"async\" class=\"alignnone size-medium wp-image-3355\" src=\"https:\/\/www.frankensicht.de\/wp-content\/uploads\/2012\/07\/kreuz-der-einheit-224x300.jpg\" alt=\"\" width=\"224\" height=\"300\" srcset=\"https:\/\/www.frankensicht.de\/wp-content\/uploads\/2012\/07\/kreuz-der-einheit-224x300.jpg 224w, https:\/\/www.frankensicht.de\/wp-content\/uploads\/2012\/07\/kreuz-der-einheit.jpg 395w\" sizes=\"auto, (max-width: 224px) 100vw, 224px\" \/><\/a><\/p>\n<p>Tobias Fritsche wird zum 23. Juli 2018 seine neue Aufgabe als Landesjugendpfarrer der evangelischen Kirche in Bayern antreten.<\/p>\n<p>Als Leiter des Amts f\u00fcr Jugendarbeit in N\u00fcrnberg wird er die Kinder- und Jugendarbeit in den Gemeinden, Dekanaten und Verb\u00e4nden nachhaltig f\u00f6rdern und unterst\u00fctzen.<\/p>\n<p>Quelle: stmbw.bayern.de<\/p>\n","protected":false},"excerpt":{"rendered":"<p>M\u00fcnchen: Kultusminister Bernd Sibler gratuliert Pfarrer Tobias Fritsche zur Berufung als neuer Landesjugendpfarrer der evangelischen Kirche in Bayern &#8222;Junge Menschen f\u00fcr die aktive Mitgestaltung des kirchlichen und gesellschaftlichen Lebens in Bayern begeistern&#8220; M\u00dcNCHEN. &#8222;Ich freue mich, dass mit Pfarrer Tobias Fritsche ein in der Jugendarbeit erfahrener Geistlicher das Amt als neuer Landesjugendpfarrer der evangelischen Kirche [&hellip;]<\/p>\n","protected":false},"author":7,"featured_media":3355,"comment_status":"closed","ping_status":"open","sticky":false,"template":"","format":"standard","meta":{"footnotes":""},"categories":[78,76,71],"tags":[2574],"class_list":["post-11776","post","type-post","status-publish","format-standard","has-post-thumbnail","hentry","category-bayern","category-kirche","category-menue","tag-tobias-fritsche"],"_links":{"self":[{"href":"https:\/\/www.frankensicht.de\/index.php?rest_route=\/wp\/v2\/posts\/11776","targetHints":{"allow":["GET"]}}],"collection":[{"href":"https:\/\/www.frankensicht.de\/index.php?rest_route=\/wp\/v2\/posts"}],"about":[{"href":"https:\/\/www.frankensicht.de\/index.php?rest_route=\/wp\/v2\/types\/post"}],"author":[{"embeddable":true,"href":"https:\/\/www.frankensicht.de\/index.php?rest_route=\/wp\/v2\/users\/7"}],"replies":[{"embeddable":true,"href":"https:\/\/www.frankensicht.de\/index.php?rest_route=%2Fwp%2Fv2%2Fcomments&post=11776"}],"version-history":[{"count":1,"href":"https:\/\/www.frankensicht.de\/index.php?rest_route=\/wp\/v2\/posts\/11776\/revisions"}],"predecessor-version":[{"id":11777,"href":"https:\/\/www.frankensicht.de\/index.php?rest_route=\/wp\/v2\/posts\/11776\/revisions\/11777"}],"wp:featuredmedia":[{"embeddable":true,"href":"https:\/\/www.frankensicht.de\/index.php?rest_route=\/wp\/v2\/media\/3355"}],"wp:attachment":[{"href":"https:\/\/www.frankensicht.de\/index.php?rest_route=%2Fwp%2Fv2%2Fmedia&parent=11776"}],"wp:term":[{"taxonomy":"category","embeddable":true,"href":"https:\/\/www.frankensicht.de\/index.php?rest_route=%2Fwp%2Fv2%2Fcategories&post=11776"},{"taxonomy":"post_tag","embeddable":true,"href":"https:\/\/www.frankensicht.de\/index.php?rest_route=%2Fwp%2Fv2%2Ftags&post=11776"}],"curies":[{"name":"wp","href":"https:\/\/api.w.org\/{rel}","templated":true}]}}