{"id":11772,"date":"2018-07-09T08:08:50","date_gmt":"2018-07-09T06:08:50","guid":{"rendered":"http:\/\/www.frankensicht.de\/?p=11772"},"modified":"2018-07-09T08:08:50","modified_gmt":"2018-07-09T06:08:50","slug":"artenschutz-ist-generationenaufgabe","status":"publish","type":"post","link":"https:\/\/www.frankensicht.de\/?p=11772","title":{"rendered":"Artenschutz ist Generationenaufgabe"},"content":{"rendered":"<p><span style=\"color: #ff0000;\">M\u00fcnchen:<\/span><\/p>\n<p>Huber: Artenschutz ist Generationenaufgabe<br \/>\nJunge Flussperlmuscheln im Bayerischen Wald ausgewildert<\/p>\n<p>Bayern geht die Generationenaufgabe Artenschutz mit gro\u00dfem Nachdruck an. Ein wichtiger Mosaikstein daf\u00fcr ist der Erhalt der seltenen Flussperlmuschel im Bayerischen Wald. Umweltminister Dr. Marcel Huber betonte heute im Landkreis Passau: &#8222;Der Schutz von Arten und Lebensr\u00e4umen muss unser aller Herzensangelegenheit sein. Ich freue mich sehr, heute die hochsensible Flussperlmuschel in die freie Natur zu bringen. Das ist ein Riesenfortschritt f\u00fcr diese weltweit bedrohte Art und der gerechte Lohn f\u00fcr das ausdauernde Engagement aller Beteiligten. Flussperlmuscheln sind ein wichtiger Indikator f\u00fcr gute Wasserqualit\u00e4t und ein intaktes \u00d6kosystem. Mit gro\u00dfartigen Gemeinschaftsprojekten wie diesem k\u00f6nnen wir den \u00f6kologischen Domino-Effekt des Artenschwundes stoppen.&#8220; Das Schutzprojekt ist Teil des Bundesprogramms Biologische Vielfalt und wird vom Bund, dem Bayerischen Naturschutzfonds und dem Landkreis Passau finanziert und umgesetzt. Es ist auf sechs Jahre angelegt und umfasst in Bayern insgesamt gut 350 Kilometer Flusslauf. F\u00fcr eine stabile Population werden in der Muschelzuchtstation F\u00fcrstenstein Jungmuscheln gez\u00fcchtet. H\u00f6hepunkt des Projekts war die heutige Auswilderung junger Flussperlmuscheln in die Kleine Ohe, dem nat\u00fcrlichen Lebensraum der Muscheln.<\/p>\n<p><a href=\"https:\/\/www.frankensicht.de\/?attachment_id=10596\" rel=\"attachment wp-att-10596\"><img loading=\"lazy\" decoding=\"async\" class=\"alignnone size-medium wp-image-10596\" src=\"https:\/\/www.frankensicht.de\/wp-content\/uploads\/2017\/04\/agatha-300x225.jpg\" alt=\"\" width=\"300\" height=\"225\" srcset=\"https:\/\/www.frankensicht.de\/wp-content\/uploads\/2017\/04\/agatha-300x225.jpg 300w, https:\/\/www.frankensicht.de\/wp-content\/uploads\/2017\/04\/agatha.jpg 640w\" sizes=\"auto, (max-width: 300px) 100vw, 300px\" \/><\/a><\/p>\n<p>Das Bayerische Umweltministerium hat ein gro\u00dfes Ma\u00dfnahmenpaket zum Artenschutz auf den Weg gebracht. Kern ist das neue Bayerische Artenschutzzentrum in Augsburg. 50 Experten sollen dort noch bestehende Wissensl\u00fccken schlie\u00dfen und passgenaue Ma\u00dfnahmen zum Artenerhalt entwickeln und umsetzen. Au\u00dferdem wurde der &#8222;Bl\u00fchpakt Bayern&#8220; gestartet. Ein breites B\u00fcndnis von Partnern soll mit verschiedenen Ans\u00e4tzen zum Schutz von Bienen und Insektenarten Bayern wieder zum Bl\u00fchen bringen. Dar\u00fcber hinaus wird beispielsweise der Vertragsnaturschutz ausgeweitet und mit zus\u00e4tzlichen 10 Millionen Euro gef\u00f6rdert.<\/p>\n<p>Weitere Informationen unter www.natur.bayern.de und https:\/\/www.lfu.bayern.de\/natur\/fische_muscheln_krebse\/muscheln\/index.htm<\/p>\n<p>Quelle: stmuv.bayern.de<\/p>\n","protected":false},"excerpt":{"rendered":"<p>M\u00fcnchen: Huber: Artenschutz ist Generationenaufgabe Junge Flussperlmuscheln im Bayerischen Wald ausgewildert Bayern geht die Generationenaufgabe Artenschutz mit gro\u00dfem Nachdruck an. Ein wichtiger Mosaikstein daf\u00fcr ist der Erhalt der seltenen Flussperlmuschel im Bayerischen Wald. Umweltminister Dr. Marcel Huber betonte heute im Landkreis Passau: &#8222;Der Schutz von Arten und Lebensr\u00e4umen muss unser aller Herzensangelegenheit sein. Ich freue [&hellip;]<\/p>\n","protected":false},"author":7,"featured_media":10596,"comment_status":"closed","ping_status":"open","sticky":false,"template":"","format":"standard","meta":{"footnotes":""},"categories":[78,71],"tags":[2023],"class_list":["post-11772","post","type-post","status-publish","format-standard","has-post-thumbnail","hentry","category-bayern","category-menue","tag-artenschutz"],"_links":{"self":[{"href":"https:\/\/www.frankensicht.de\/index.php?rest_route=\/wp\/v2\/posts\/11772","targetHints":{"allow":["GET"]}}],"collection":[{"href":"https:\/\/www.frankensicht.de\/index.php?rest_route=\/wp\/v2\/posts"}],"about":[{"href":"https:\/\/www.frankensicht.de\/index.php?rest_route=\/wp\/v2\/types\/post"}],"author":[{"embeddable":true,"href":"https:\/\/www.frankensicht.de\/index.php?rest_route=\/wp\/v2\/users\/7"}],"replies":[{"embeddable":true,"href":"https:\/\/www.frankensicht.de\/index.php?rest_route=%2Fwp%2Fv2%2Fcomments&post=11772"}],"version-history":[{"count":1,"href":"https:\/\/www.frankensicht.de\/index.php?rest_route=\/wp\/v2\/posts\/11772\/revisions"}],"predecessor-version":[{"id":11773,"href":"https:\/\/www.frankensicht.de\/index.php?rest_route=\/wp\/v2\/posts\/11772\/revisions\/11773"}],"wp:featuredmedia":[{"embeddable":true,"href":"https:\/\/www.frankensicht.de\/index.php?rest_route=\/wp\/v2\/media\/10596"}],"wp:attachment":[{"href":"https:\/\/www.frankensicht.de\/index.php?rest_route=%2Fwp%2Fv2%2Fmedia&parent=11772"}],"wp:term":[{"taxonomy":"category","embeddable":true,"href":"https:\/\/www.frankensicht.de\/index.php?rest_route=%2Fwp%2Fv2%2Fcategories&post=11772"},{"taxonomy":"post_tag","embeddable":true,"href":"https:\/\/www.frankensicht.de\/index.php?rest_route=%2Fwp%2Fv2%2Ftags&post=11772"}],"curies":[{"name":"wp","href":"https:\/\/api.w.org\/{rel}","templated":true}]}}