{"id":11754,"date":"2018-07-01T08:42:20","date_gmt":"2018-07-01T06:42:20","guid":{"rendered":"http:\/\/www.frankensicht.de\/?p=11754"},"modified":"2018-07-01T08:42:20","modified_gmt":"2018-07-01T06:42:20","slug":"wir-investieren-in-die-zukunft-unserer-kinder-auf-basis-eines-breiten-konsenses-und-mit-hilfe-enormer-investitionen","status":"publish","type":"post","link":"https:\/\/www.frankensicht.de\/?p=11754","title":{"rendered":"Wir investieren in die Zukunft unserer Kinder &#8211; auf Basis eines breiten Konsenses und mit Hilfe enormer Investitionen&#8220;"},"content":{"rendered":"<p><span style=\"color: #ff0000;\">M\u00fcnchen:<\/span><\/p>\n<p>Kultusminister Bernd Sibler zu Hinweisen zu Bildungsinvestitionen: &#8222;Wir investieren in die Zukunft unserer Kinder &#8211; auf Basis eines breiten Konsenses und mit Hilfe enormer Investitionen&#8220;<\/p>\n<p>&#8222;Die Zukunft unserer Kinder und Jugendlichen liegt in unseren H\u00e4nden. Mit dieser Aufgabe gehen wir verantwortungsvoll und \u00fcberlegt um. Wir setzen dabei auf den Dialog mit allen am Schulleben beteiligten Verb\u00e4nden, mit Sch\u00fclerinnen und Sch\u00fclern, mit Lehrerinnen und Lehrern, mit Eltern und Erziehungsberechtigten. Gemeinsam arbeiten wir an der Zukunftsgestaltung unseres Schulwesens&#8220;, betont Kultusminister Bernd Sibler heute mit Blick auf Vorschl\u00e4ge f\u00fcr Investitionen in die Bildung.<\/p>\n<p>Minister Sibler spricht von guten Rahmenbedingungen, um die bereits seit L\u00e4ngerem identifizierten Themen wie individuelle F\u00f6rderung, Unterst\u00fctzung der Lehrkr\u00e4fte, Ausbau der Durchl\u00e4ssigkeit oder Digitalisierung weiter voranzubringen. &#8222;Wir investieren massiv in die Zukunft unserer Kinder &#8211; auf Basis eines breiten Konsenses und mit Hilfe enormer Investitionen. Von einem bereits hohen Niveau aus k\u00f6nnen wir mit Hilfe unseres Bayerischen Bildungspakets, dem Masterplan Bayern Digital II und den Investitionen aus dem zweiten Nachtragshaushalt 2018 neue Initiativen auf den Weg bringen und bestehende Ma\u00dfnahmen ausweiten&#8220;, so der Minister. Ein mittlerer dreistelliger Millionenbetrag f\u00fcr die Digitalisierung an Bayerns Schulen, 2.000 zus\u00e4tzliche Lehrerstellen aus dem Bildungspaket und nochmals 2.000 aus der Bildungsoffensive Plus, 500 zus\u00e4tzliche Schulpsychologen und Schulsozialp\u00e4dagogen, \u00fcber 66 Millionen Euro f\u00fcr die &#8222;Zukunftsinitiative Berufliche Bildung&#8220; oder die f\u00fcnf neuen<br \/>\nLehrst\u00fchle f\u00fcr die Sonderp\u00e4dagogik sind einige Beispiele, wie Bayern seinen Investitionsschwerpunkt in die Bildung ausgestaltet.<br \/>\n<a href=\"https:\/\/www.frankensicht.de\/?attachment_id=4845\" rel=\"attachment wp-att-4845\"><img loading=\"lazy\" decoding=\"async\" class=\"alignnone size-medium wp-image-4845\" src=\"https:\/\/www.frankensicht.de\/wp-content\/uploads\/2012\/12\/1euro-300x225.jpg\" alt=\"\" width=\"300\" height=\"225\" srcset=\"https:\/\/www.frankensicht.de\/wp-content\/uploads\/2012\/12\/1euro-300x225.jpg 300w, https:\/\/www.frankensicht.de\/wp-content\/uploads\/2012\/12\/1euro.jpg 640w\" sizes=\"auto, (max-width: 300px) 100vw, 300px\" \/><\/a><\/p>\n<p>Sch\u00fclerinnen und Sch\u00fclern individuell f\u00f6rdern &#8211; Wiederholen als letzte p\u00e4dagogische Ma\u00dfnahme<\/p>\n<p>Ziel ist, dass m\u00f6glichst alle Sch\u00fclerinnen und Sch\u00fcler das Klassenziel erreichen. Daher bieten die Schulen vielf\u00e4ltige F\u00f6rderma\u00dfnahmen und zus\u00e4tzliche Lernzeit f\u00fcr die individuelle F\u00f6rderung an, um bei absinkenden Leistungen rechtzeitig gegenzusteuern und leistungsschw\u00e4chere Kinder und Jugendliche sowie junge Menschen, die sich vor\u00fcbergehend in einer schwierigen Situation befinden, zu unterst\u00fctzen. Dazu geh\u00f6ren z.B. die Intensivierungsstunden an den Gymnasien, die Erg\u00e4nzungs- und F\u00f6rderstunden an den Realschulen und die zus\u00e4tzlichen F\u00f6rderstunden an den Mittelschulen sowie auch spezielle Mentoring-Programme.<\/p>\n<p>Das Wiederholen einer Jahrgangsstufe ist die letzte aller m\u00f6glichen Ma\u00dfnahmen, die an den Schulen ergriffen wird, um den Sch\u00fclerinnen und Sch\u00fclern ein erfolgreiches Weiterkommen in den folgenden Jahrgangsstufen zu erm\u00f6glichen. Dadurch erhalten sie die M\u00f6glichkeit, vorhandene Wissensl\u00fccken zu schlie\u00dfen und ihre Kompetenzen weiterzuentwickeln, um auf die Anforderungen der n\u00e4chsten Jahrgangsstufe vorbereitet zu sein. Neben den jungen Menschen, die pflichtgem\u00e4\u00df eine Jahrgangsstufe wiederholen, gibt es auch Sch\u00fclerinnen und Sch\u00fcler, die freiwillig ein Jahr wiederholen, um L\u00fccken zu schlie\u00dfen.<\/p>\n<p>Zahl der Pflichtwiederholer gesunken<\/p>\n<p>In den vergangenen Jahren ist es in Bayern gelungen, die Zahl der Pflichtwiederholer an allen Schularten auch durch Angebote der individuellen F\u00f6rderung zu senken. Bayernweit wiederholen pflichtgem\u00e4\u00df rund 1,6 Prozent aller Sch\u00fclerinnen und Sch\u00fcler allgemeinbildender Schulen eine Jahrgangsstufe. \u00a0Dar\u00fcber hinaus kann Sch\u00fclerinnen und Sch\u00fclern mit einem ausgewogenen Notenbild unter bestimmten Voraussetzungen bereits seit dem Schuljahr 2004\/2005 das Vorr\u00fccken auf Probe in verschiedenen weiterf\u00fchrenden Schularten gew\u00e4hrt werden. Auch in der Nachpr\u00fcfung an Realschulen, Wirtschaftsschulen und Gymnasien k\u00f6nnen junge Menschen erfolgreich Lerninhalte nachholen und damit das Wiederholen nachholen.<\/p>\n<p>&#8222;Unsere Lehrerinnen und Lehrer begleiten und unterst\u00fctzen unsere Sch\u00fclerinnen und Sch\u00fcler, die eine Jahrgangsstufe wiederholen, mit hohem Engagement und gro\u00dfer Professionalit\u00e4t. Auch ihr Ziel ist es, sie dabei zu unterst\u00fctzen, ihren Bildungsweg erfolgreich weiterzugehen und abzuschlie\u00dfen&#8220;, erkl\u00e4rt Minister Sibler.<\/p>\n<p>Sehr hohe Quote an Abschl\u00fcssen<\/p>\n<p>Die hohen Investitionen des Freistaats in die Bildung der jungen Menschen zeigen nachweisbare Erfolge, z. B. mit der sehr hohen Quote bayerischer Sch\u00fcler, die die Schule mit einem anerkannten Abschluss verlassen. Bayern geh\u00f6rt mit knapp 96 Prozent bundesweit zu den erfolgreichsten L\u00e4ndern. &#8222;Die Quote der Jugendarbeitslosigkeit ist bundesweit mit die niedrigste &#8211; auch ein Erfolg der qualitativ hochwertigen schulischen Bildung in Bayern, die wir gemeinsam und kontinuierlich weiterentwickeln wollen&#8220;, so Sibler.<br \/>\nQuelle: stmbw.bayern.de<\/p>\n","protected":false},"excerpt":{"rendered":"<p>M\u00fcnchen: Kultusminister Bernd Sibler zu Hinweisen zu Bildungsinvestitionen: &#8222;Wir investieren in die Zukunft unserer Kinder &#8211; auf Basis eines breiten Konsenses und mit Hilfe enormer Investitionen&#8220; &#8222;Die Zukunft unserer Kinder und Jugendlichen liegt in unseren H\u00e4nden. Mit dieser Aufgabe gehen wir verantwortungsvoll und \u00fcberlegt um. Wir setzen dabei auf den Dialog mit allen am Schulleben [&hellip;]<\/p>\n","protected":false},"author":7,"featured_media":4845,"comment_status":"closed","ping_status":"open","sticky":false,"template":"","format":"standard","meta":{"footnotes":""},"categories":[78,71],"tags":[176],"class_list":["post-11754","post","type-post","status-publish","format-standard","has-post-thumbnail","hentry","category-bayern","category-menue","tag-kinder"],"_links":{"self":[{"href":"https:\/\/www.frankensicht.de\/index.php?rest_route=\/wp\/v2\/posts\/11754","targetHints":{"allow":["GET"]}}],"collection":[{"href":"https:\/\/www.frankensicht.de\/index.php?rest_route=\/wp\/v2\/posts"}],"about":[{"href":"https:\/\/www.frankensicht.de\/index.php?rest_route=\/wp\/v2\/types\/post"}],"author":[{"embeddable":true,"href":"https:\/\/www.frankensicht.de\/index.php?rest_route=\/wp\/v2\/users\/7"}],"replies":[{"embeddable":true,"href":"https:\/\/www.frankensicht.de\/index.php?rest_route=%2Fwp%2Fv2%2Fcomments&post=11754"}],"version-history":[{"count":1,"href":"https:\/\/www.frankensicht.de\/index.php?rest_route=\/wp\/v2\/posts\/11754\/revisions"}],"predecessor-version":[{"id":11755,"href":"https:\/\/www.frankensicht.de\/index.php?rest_route=\/wp\/v2\/posts\/11754\/revisions\/11755"}],"wp:featuredmedia":[{"embeddable":true,"href":"https:\/\/www.frankensicht.de\/index.php?rest_route=\/wp\/v2\/media\/4845"}],"wp:attachment":[{"href":"https:\/\/www.frankensicht.de\/index.php?rest_route=%2Fwp%2Fv2%2Fmedia&parent=11754"}],"wp:term":[{"taxonomy":"category","embeddable":true,"href":"https:\/\/www.frankensicht.de\/index.php?rest_route=%2Fwp%2Fv2%2Fcategories&post=11754"},{"taxonomy":"post_tag","embeddable":true,"href":"https:\/\/www.frankensicht.de\/index.php?rest_route=%2Fwp%2Fv2%2Ftags&post=11754"}],"curies":[{"name":"wp","href":"https:\/\/api.w.org\/{rel}","templated":true}]}}