{"id":11519,"date":"2018-03-28T08:13:14","date_gmt":"2018-03-28T06:13:14","guid":{"rendered":"http:\/\/www.frankensicht.de\/?p=11519"},"modified":"2018-03-28T08:13:14","modified_gmt":"2018-03-28T06:13:14","slug":"g7-intensivieren-austausch-und-kooperation-zu-kuenstlicher-intelligenz","status":"publish","type":"post","link":"https:\/\/www.frankensicht.de\/?p=11519","title":{"rendered":"G7 intensivieren Austausch und Kooperation zu K\u00fcnstlicher Intelligenz"},"content":{"rendered":"<p><span style=\"color: #ff0000;\">Machnig:<\/span><\/p>\n<p>G7 intensivieren Austausch und Kooperation zu K\u00fcnstlicher Intelligenz<\/p>\n<p>Heute beginnt in Montreal die Konferenz der Innovationsminister der G7 unter kanadischer<br \/>\nPr\u00e4sidentschaft. Deutschland wird durch den Staatssekret\u00e4r im Bundesministerium f\u00fcr Wirtschaft und<br \/>\nEnergie (BMWi) Matthias Machnig vertreten. Schwerpunkte der G7-Konferenz bilden die Digitalisierung<br \/>\nund deren Einfluss auf Wirtschaft und Gesellschaft. Insbesondere auf dem Gebiet der K\u00fcnstlichen<br \/>\nIntelligenz (KI) wollen die G7 k\u00fcnftig enger zusammenarbeiten.<\/p>\n<p><a href=\"https:\/\/www.frankensicht.de\/?attachment_id=3481\" rel=\"attachment wp-att-3481\"><img loading=\"lazy\" decoding=\"async\" class=\"alignnone size-medium wp-image-3481\" src=\"https:\/\/www.frankensicht.de\/wp-content\/uploads\/2012\/07\/computer-300x225.jpg\" alt=\"\" width=\"300\" height=\"225\" srcset=\"https:\/\/www.frankensicht.de\/wp-content\/uploads\/2012\/07\/computer-300x225.jpg 300w, https:\/\/www.frankensicht.de\/wp-content\/uploads\/2012\/07\/computer.jpg 500w\" sizes=\"auto, (max-width: 300px) 100vw, 300px\" \/><\/a><br \/>\nStaatssekret\u00e4r Machnig: \u201eMit Blick auf die Digitalisierung stehen alle G7-Partnerl\u00e4nder vor<br \/>\n\u00e4hnlichen Herausforderungen. Unser Ziel ist es, Innovationen zu stimulieren, um unsere<br \/>\nVolkswirtschaften dauerhaft wettbewerbsf\u00e4hig zu halten, und die Chancen zu nutzen, die die<br \/>\nDigitalisierung f\u00fcr Wachstum und Wohlstand bietet. Das Thema K\u00fcnstliche Intelligenz ist dabei<br \/>\nzentral und wir sollten es gemeinsam angehen. Es ist entscheidend, die M\u00f6glichkeiten aber auch die<br \/>\nGrenzen der Anwendung von KI zu diskutieren und dabei alle zivilgesellschaftlichen Gruppen<br \/>\nmitzunehmen. Im breiten Diskurs werden wir ethische Fragen genauso besprechen wie solche des<br \/>\nDatenschutzes und der Datensicherheit. Wir wollen die Forschung zu K\u00fcnstlicher Intelligenz<br \/>\nintensivieren und gute Beispiele austauschen.\u201c<br \/>\nMit der Konferenz der Innovationsminister der G7 setzt Kanada den Austausch zu aktuellen<br \/>\ndigitalpolitischen Fragestellungen fort und baut auf den Vorarbeiten Italiens und Japans auf. Die<br \/>\nKonferenz wird am Mittwoch (28.3.2018) mit einer gemeinsamen Sitzung der Innovations- und<br \/>\nArbeitsminister zum Thema \u201eOur approach to prepare for jobs of the future\u201c schlie\u00dfen.<br \/>\nZu den G7-L\u00e4ndern z\u00e4hlen die USA, Japan, Deutschland, Gro\u00dfbritannien, Frankreich, Italien und<br \/>\nKanada sowie die Europ\u00e4ische Union.<\/p>\n<p>https:\/\/www.bmwi.de\/Redaktion\/DE\/Pressemitteilungen\/2018\/20180327-machnig-g7-intensivieren-austausch-und-kooperation-zu-kuenstlicher-intelligenz.html<\/p>\n<p>&nbsp;<\/p>\n<p>Quelle:bmwi.bund.de<\/p>\n","protected":false},"excerpt":{"rendered":"<p>Machnig: G7 intensivieren Austausch und Kooperation zu K\u00fcnstlicher Intelligenz Heute beginnt in Montreal die Konferenz der Innovationsminister der G7 unter kanadischer Pr\u00e4sidentschaft. Deutschland wird durch den Staatssekret\u00e4r im Bundesministerium f\u00fcr Wirtschaft und Energie (BMWi) Matthias Machnig vertreten. Schwerpunkte der G7-Konferenz bilden die Digitalisierung und deren Einfluss auf Wirtschaft und Gesellschaft. Insbesondere auf dem Gebiet der [&hellip;]<\/p>\n","protected":false},"author":7,"featured_media":3481,"comment_status":"closed","ping_status":"open","sticky":false,"template":"","format":"standard","meta":{"footnotes":""},"categories":[44,3],"tags":[2496],"class_list":["post-11519","post","type-post","status-publish","format-standard","has-post-thumbnail","hentry","category-deutschland-2","category-news","tag-ki"],"_links":{"self":[{"href":"https:\/\/www.frankensicht.de\/index.php?rest_route=\/wp\/v2\/posts\/11519","targetHints":{"allow":["GET"]}}],"collection":[{"href":"https:\/\/www.frankensicht.de\/index.php?rest_route=\/wp\/v2\/posts"}],"about":[{"href":"https:\/\/www.frankensicht.de\/index.php?rest_route=\/wp\/v2\/types\/post"}],"author":[{"embeddable":true,"href":"https:\/\/www.frankensicht.de\/index.php?rest_route=\/wp\/v2\/users\/7"}],"replies":[{"embeddable":true,"href":"https:\/\/www.frankensicht.de\/index.php?rest_route=%2Fwp%2Fv2%2Fcomments&post=11519"}],"version-history":[{"count":1,"href":"https:\/\/www.frankensicht.de\/index.php?rest_route=\/wp\/v2\/posts\/11519\/revisions"}],"predecessor-version":[{"id":11520,"href":"https:\/\/www.frankensicht.de\/index.php?rest_route=\/wp\/v2\/posts\/11519\/revisions\/11520"}],"wp:featuredmedia":[{"embeddable":true,"href":"https:\/\/www.frankensicht.de\/index.php?rest_route=\/wp\/v2\/media\/3481"}],"wp:attachment":[{"href":"https:\/\/www.frankensicht.de\/index.php?rest_route=%2Fwp%2Fv2%2Fmedia&parent=11519"}],"wp:term":[{"taxonomy":"category","embeddable":true,"href":"https:\/\/www.frankensicht.de\/index.php?rest_route=%2Fwp%2Fv2%2Fcategories&post=11519"},{"taxonomy":"post_tag","embeddable":true,"href":"https:\/\/www.frankensicht.de\/index.php?rest_route=%2Fwp%2Fv2%2Ftags&post=11519"}],"curies":[{"name":"wp","href":"https:\/\/api.w.org\/{rel}","templated":true}]}}