{"id":11514,"date":"2018-03-27T08:11:56","date_gmt":"2018-03-27T06:11:56","guid":{"rendered":"http:\/\/www.frankensicht.de\/?p=11514"},"modified":"2018-03-27T08:11:56","modified_gmt":"2018-03-27T06:11:56","slug":"bayerns-wirtschaftsminister-gegen-aenderungen-bei-den-ladenoeffnungszeiten","status":"publish","type":"post","link":"https:\/\/www.frankensicht.de\/?p=11514","title":{"rendered":"Bayerns Wirtschaftsminister gegen \u00c4nderungen bei den Laden\u00f6ffnungszeiten"},"content":{"rendered":"<p><span style=\"color: #ff0000;\">M\u00fcnchen:<\/span><\/p>\n<p>Bayerns Wirtschaftsminister gegen \u00c4nderungen bei den Laden\u00f6ffnungszeiten<\/p>\n<p>Pschierer: &#8222;Eine v\u00f6llige Freigabe der Laden\u00f6ffnungszeiten kommt nicht in Frage&#8220;<\/p>\n<p>M\u00dcNCHEN Bayerns Wirtschaftsminister Franz Josef Pschierer weist die Forderung der FDP nach einer Freigabe der Laden\u00f6ffnungszeiten vehement zur\u00fcck. Pschierer: Eine v\u00f6llige Freigabe der Laden\u00f6ffnungszeiten kommt nicht in Frage. Dass die Liberalen jetzt wieder mit dieser Forderung in den Wahlkampf ziehen, belegt ihre Einfallslosigkeit. Die Menschen brauchen zum Einkaufen nicht mehr Zeit, sondern mehr Geld. Weitergehende Steuerentlastungen sind aber gerade an der FDP im Bund gescheitert, die sich aus der Verantwortung gestohlen hat.<\/p>\n<p><a href=\"https:\/\/www.frankensicht.de\/?attachment_id=2474\" rel=\"attachment wp-att-2474\"><img loading=\"lazy\" decoding=\"async\" class=\"alignnone size-medium wp-image-2474\" src=\"https:\/\/www.frankensicht.de\/wp-content\/uploads\/2012\/06\/sardine-300x225.jpg\" alt=\"\" width=\"300\" height=\"225\" srcset=\"https:\/\/www.frankensicht.de\/wp-content\/uploads\/2012\/06\/sardine-300x225.jpg 300w, https:\/\/www.frankensicht.de\/wp-content\/uploads\/2012\/06\/sardine.jpg 640w\" sizes=\"auto, (max-width: 300px) 100vw, 300px\" \/><\/a><\/p>\n<p>Von einer Freigabe der Laden\u00f6ffnungszeiten profitieren allenfalls gro\u00dfe Handelsketten sowie Discounter, ist sich der Wirtschaftsminister sicher: &amp;bdquo;Es ist absehbar, dass die Giganten des Handels verl\u00e4ngerte \u00d6ffnungszeiten dazu nutzen, um die Konkurrenz aus dem Feld zu schlagen. Die Leidtragenden sind der kleine Einzelhandel und die Mitarbeiter. Wir m\u00fcssen endlich einsehen, dass sich die wirtschaftliche Lage des Einzelhandels nicht signifikant verbessert hat, obwohl in den vergangenen Jahren eine stetige Verl\u00e4ngerung der Laden\u00f6ffnungszeiten in Deutschland stattgefunden hat.<\/p>\n","protected":false},"excerpt":{"rendered":"<p>M\u00fcnchen: Bayerns Wirtschaftsminister gegen \u00c4nderungen bei den Laden\u00f6ffnungszeiten Pschierer: &#8222;Eine v\u00f6llige Freigabe der Laden\u00f6ffnungszeiten kommt nicht in Frage&#8220; M\u00dcNCHEN Bayerns Wirtschaftsminister Franz Josef Pschierer weist die Forderung der FDP nach einer Freigabe der Laden\u00f6ffnungszeiten vehement zur\u00fcck. Pschierer: Eine v\u00f6llige Freigabe der Laden\u00f6ffnungszeiten kommt nicht in Frage. Dass die Liberalen jetzt wieder mit dieser Forderung in [&hellip;]<\/p>\n","protected":false},"author":7,"featured_media":10950,"comment_status":"closed","ping_status":"open","sticky":false,"template":"","format":"standard","meta":{"footnotes":""},"categories":[78,71],"tags":[2495],"class_list":["post-11514","post","type-post","status-publish","format-standard","has-post-thumbnail","hentry","category-bayern","category-menue","tag-ladenoeffnungszeiten"],"_links":{"self":[{"href":"https:\/\/www.frankensicht.de\/index.php?rest_route=\/wp\/v2\/posts\/11514","targetHints":{"allow":["GET"]}}],"collection":[{"href":"https:\/\/www.frankensicht.de\/index.php?rest_route=\/wp\/v2\/posts"}],"about":[{"href":"https:\/\/www.frankensicht.de\/index.php?rest_route=\/wp\/v2\/types\/post"}],"author":[{"embeddable":true,"href":"https:\/\/www.frankensicht.de\/index.php?rest_route=\/wp\/v2\/users\/7"}],"replies":[{"embeddable":true,"href":"https:\/\/www.frankensicht.de\/index.php?rest_route=%2Fwp%2Fv2%2Fcomments&post=11514"}],"version-history":[{"count":4,"href":"https:\/\/www.frankensicht.de\/index.php?rest_route=\/wp\/v2\/posts\/11514\/revisions"}],"predecessor-version":[{"id":11518,"href":"https:\/\/www.frankensicht.de\/index.php?rest_route=\/wp\/v2\/posts\/11514\/revisions\/11518"}],"wp:featuredmedia":[{"embeddable":true,"href":"https:\/\/www.frankensicht.de\/index.php?rest_route=\/wp\/v2\/media\/10950"}],"wp:attachment":[{"href":"https:\/\/www.frankensicht.de\/index.php?rest_route=%2Fwp%2Fv2%2Fmedia&parent=11514"}],"wp:term":[{"taxonomy":"category","embeddable":true,"href":"https:\/\/www.frankensicht.de\/index.php?rest_route=%2Fwp%2Fv2%2Fcategories&post=11514"},{"taxonomy":"post_tag","embeddable":true,"href":"https:\/\/www.frankensicht.de\/index.php?rest_route=%2Fwp%2Fv2%2Ftags&post=11514"}],"curies":[{"name":"wp","href":"https:\/\/api.w.org\/{rel}","templated":true}]}}