{"id":11512,"date":"2018-03-26T08:26:02","date_gmt":"2018-03-26T06:26:02","guid":{"rendered":"http:\/\/www.frankensicht.de\/?p=11512"},"modified":"2018-03-26T08:26:02","modified_gmt":"2018-03-26T06:26:02","slug":"jubilaeumsveranstaltung-zum-40-jaehrigen-bestehen-des-justizwachtmeisterverbandes-bayern-e-v","status":"publish","type":"post","link":"https:\/\/www.frankensicht.de\/?p=11512","title":{"rendered":"Jubil\u00e4umsveranstaltung zum 40-j\u00e4hrigen Bestehen des Justizwachtmeisterverbandes Bayern e.V."},"content":{"rendered":"<p><span style=\"color: #ff0000;\">M\u00fcnchen:<\/span><\/p>\n<p>Jubil\u00e4umsveranstaltung zum 40-j\u00e4hrigen Bestehen des Justizwachtmeisterverbandes Bayern e.V. \/ Bayerns Justizminister Bausback: &#8222;40 Jahre Einstehen f\u00fcreinander und f\u00fcr die bayerische Justiz \/ Funktionierende Justiz ohne Justizwachtmeisterinnen und Justizwachtmeister undenkbar!&#8220;<\/p>\n<p>Bayerns Justizminister Prof. Dr. Winfried Bausback gratuliert heute bei einer Feierstunde in M\u00fcnchen dem Justizwachtmeisterverband Bayern e.V. zu seinem vierzigj\u00e4hrigen Jubil\u00e4um: &#8222;40 Jahre Justizwachtmeisterverband Bayern! Das sind 40 Jahre Interessenvertretung, 40 Jahre Einsatz f\u00fcr das Gemeinwohl, 40 Jahre Solidarit\u00e4t, Einstehen f\u00fcreinander und f\u00fcr die bayerische Justiz! Darauf k\u00f6nnen Sie alle sehr stolz sein, denn: Sie alle sorgen tagt\u00e4glich f\u00fcr die Sicherheit in unseren Justizgeb\u00e4uden und pr\u00e4gen das Gesicht der Justiz als erste Ansprechpartner f\u00fcr die rechtssuchenden B\u00fcrgerinnen und B\u00fcrger. Eine funktionierende Justiz ist ohne Justizwachtmeisterinnen und Justizwachtmeister gar nicht denkbar!&#8220;<\/p>\n<p><a href=\"https:\/\/www.frankensicht.de\/?attachment_id=3276\" rel=\"attachment wp-att-3276\"><img loading=\"lazy\" decoding=\"async\" class=\"alignnone size-medium wp-image-3276\" src=\"https:\/\/www.frankensicht.de\/wp-content\/uploads\/2012\/07\/knast-300x225.png\" alt=\"\" width=\"300\" height=\"225\" srcset=\"https:\/\/www.frankensicht.de\/wp-content\/uploads\/2012\/07\/knast-300x225.png 300w, https:\/\/www.frankensicht.de\/wp-content\/uploads\/2012\/07\/knast.png 840w\" sizes=\"auto, (max-width: 300px) 100vw, 300px\" \/><\/a><\/p>\n<p>Bausback dankt dar\u00fcber hinaus den Repr\u00e4sentanten des Verbands f\u00fcr die immer gute und vertrauensvolle Zusammenarbeit und richtet seinen Blick auch in die Zukunft: &#8222;Wir haben in den vergangenen Jahren gemeinsam viel erreicht.&#8220; So gebe es nun 168 Stellen mehr als noch vor 10 Jahren. Zudem seien deutliche Verbesserungen im Bereich der Bef\u00f6rderungen erreicht worden. &#8222;Sie k\u00f6nnen auch in Zukunft darauf bauen, dass ich und meine Mitarbeiter uns f\u00fcr weitere Verbesserungen einsetzen&#8220;, betont Bayerns Justizminister.<\/p>\n<p>Bausback wendet sich abschlie\u00dfend an alle Justizwachtmeisterinnen und Justizwachtmeister: &#8222;Sie, liebe Justizwachtmeisterinnen und Justizwachtmeister, leisten jeden Tag f\u00fcr die bayerische Justiz hervorragende Arbeit. F\u00fcr uns alle &#8211; B\u00fcrger, Richter, Staatsanw\u00e4lte, Verfahrensbeteiligte, Bedienstete &#8211; ist es ein gutes und ein beruhigendes Gef\u00fchl, dass es Sie gibt. Dass Sie da sind! Ihre Leistungen verdienen gr\u00f6\u00dften Respekt und Anerkennung.&#8220;<\/p>\n<p>Quelle: stmj.bayern.de<\/p>\n","protected":false},"excerpt":{"rendered":"<p>M\u00fcnchen: Jubil\u00e4umsveranstaltung zum 40-j\u00e4hrigen Bestehen des Justizwachtmeisterverbandes Bayern e.V. \/ Bayerns Justizminister Bausback: &#8222;40 Jahre Einstehen f\u00fcreinander und f\u00fcr die bayerische Justiz \/ Funktionierende Justiz ohne Justizwachtmeisterinnen und Justizwachtmeister undenkbar!&#8220; Bayerns Justizminister Prof. Dr. Winfried Bausback gratuliert heute bei einer Feierstunde in M\u00fcnchen dem Justizwachtmeisterverband Bayern e.V. zu seinem vierzigj\u00e4hrigen Jubil\u00e4um: &#8222;40 Jahre Justizwachtmeisterverband Bayern! [&hellip;]<\/p>\n","protected":false},"author":7,"featured_media":3276,"comment_status":"closed","ping_status":"open","sticky":false,"template":"","format":"standard","meta":{"footnotes":""},"categories":[78,71],"tags":[2494],"class_list":["post-11512","post","type-post","status-publish","format-standard","has-post-thumbnail","hentry","category-bayern","category-menue","tag-justizwachmeister"],"_links":{"self":[{"href":"https:\/\/www.frankensicht.de\/index.php?rest_route=\/wp\/v2\/posts\/11512","targetHints":{"allow":["GET"]}}],"collection":[{"href":"https:\/\/www.frankensicht.de\/index.php?rest_route=\/wp\/v2\/posts"}],"about":[{"href":"https:\/\/www.frankensicht.de\/index.php?rest_route=\/wp\/v2\/types\/post"}],"author":[{"embeddable":true,"href":"https:\/\/www.frankensicht.de\/index.php?rest_route=\/wp\/v2\/users\/7"}],"replies":[{"embeddable":true,"href":"https:\/\/www.frankensicht.de\/index.php?rest_route=%2Fwp%2Fv2%2Fcomments&post=11512"}],"version-history":[{"count":1,"href":"https:\/\/www.frankensicht.de\/index.php?rest_route=\/wp\/v2\/posts\/11512\/revisions"}],"predecessor-version":[{"id":11513,"href":"https:\/\/www.frankensicht.de\/index.php?rest_route=\/wp\/v2\/posts\/11512\/revisions\/11513"}],"wp:featuredmedia":[{"embeddable":true,"href":"https:\/\/www.frankensicht.de\/index.php?rest_route=\/wp\/v2\/media\/3276"}],"wp:attachment":[{"href":"https:\/\/www.frankensicht.de\/index.php?rest_route=%2Fwp%2Fv2%2Fmedia&parent=11512"}],"wp:term":[{"taxonomy":"category","embeddable":true,"href":"https:\/\/www.frankensicht.de\/index.php?rest_route=%2Fwp%2Fv2%2Fcategories&post=11512"},{"taxonomy":"post_tag","embeddable":true,"href":"https:\/\/www.frankensicht.de\/index.php?rest_route=%2Fwp%2Fv2%2Ftags&post=11512"}],"curies":[{"name":"wp","href":"https:\/\/api.w.org\/{rel}","templated":true}]}}