{"id":11359,"date":"2018-01-27T08:38:22","date_gmt":"2018-01-27T07:38:22","guid":{"rendered":"http:\/\/www.frankensicht.de\/?p=11359"},"modified":"2018-01-27T08:38:22","modified_gmt":"2018-01-27T07:38:22","slug":"umwelt-und-klimaschutz-ist-fuer-viele-junge-menschen-ein-zukunftsthema","status":"publish","type":"post","link":"https:\/\/www.frankensicht.de\/?p=11359","title":{"rendered":"Umwelt- und Klimaschutz ist f\u00fcr viele junge Menschen ein Zukunftsthema"},"content":{"rendered":"<p><span style=\"color: #ff0000;\">Berlin:<\/span><\/p>\n<p>Jugend\/Nachhaltigkeit<br \/>\nBMUB-Jugendstudie: Umwelt- und Klimaschutz ist f\u00fcr viele junge Menschen<br \/>\nein Zukunftsthema<\/p>\n<p>F\u00fcr 44 Prozent der 14- bis 22-J\u00e4hrigen geh\u00f6rt eine intakte, nat\u00fcrliche<br \/>\nUm-welt zu einem guten Leben unbedingt dazu. Das ist ein zentrales<br \/>\nErgebnis der ersten repr\u00e4sentativen Umfrage des Bundesumweltministeriums<br \/>\nunter Jugendlichen und jungen Erwachsenen. Damit Umweltschutz gelingt,<br \/>\nsehen die Jugendlichen vor allem eine starke Verantwortung beim Staat. 43<br \/>\nProzent der Befragten sind \u00fcberzeugt, dass durch gezielte gesetzliche<br \/>\nMa\u00dfnahmen mehr Umweltschutz f\u00fcr Alle erreicht werden kann.<\/p>\n<p><a href=\"https:\/\/www.frankensicht.de\/?attachment_id=9033\" rel=\"attachment wp-att-9033\"><img loading=\"lazy\" decoding=\"async\" class=\"alignnone size-medium wp-image-9033\" src=\"https:\/\/www.frankensicht.de\/wp-content\/uploads\/2015\/09\/P1000137-300x225.jpg\" alt=\"\" width=\"300\" height=\"225\" srcset=\"https:\/\/www.frankensicht.de\/wp-content\/uploads\/2015\/09\/P1000137-300x225.jpg 300w, https:\/\/www.frankensicht.de\/wp-content\/uploads\/2015\/09\/P1000137.jpg 640w\" sizes=\"auto, (max-width: 300px) 100vw, 300px\" \/><\/a><\/p>\n<p>Bundesumweltministerin Barbara Hendricks: \u201eDie Studie zeigt: Umwelt- und<br \/>\nKlimaschutz muss noch st\u00e4rker in der Lebenswirklichkeit der Jugendlichen<br \/>\nankommen. Jugendliche haben ein hohes Interesse an Bildungsangeboten zu<br \/>\nNachhaltigkeitsthemen. Wenn wir diesen Bildungsauftrag ernstnehmen,<br \/>\nk\u00f6nnen wir junge Generationen f\u00fcr Umwelt- und Klimaschutz begeistern und<br \/>\nsie motivieren, mehr Eigenverantwortung zu \u00fcbernehmen.\u201c<\/p>\n<p>Die repr\u00e4sentative Studie untersucht den Alltag und die Einstellungen<br \/>\njunger Menschen. F\u00fcr die befragten Jugendlichen und jungen Erwachsenen<br \/>\nsind verl\u00e4ssliche pers\u00f6nliche Beziehungen das Wichtigste im Leben. Im<br \/>\nAlltag spielen Themen wie Ausbildung, Frei-zeit und Entspannung eine<br \/>\nzentrale Rolle. Wenn sie sich Gedanken \u00fcber Nachhaltigkeit machen, zeigen<br \/>\ndie Jugendlichen und jungen Erwachsenen ein hohes Ma\u00df an<br \/>\nProblembewusstsein.<br \/>\nSo sind 41 Prozent beunruhigt, wenn sie daran denken, unter welchen<br \/>\nUmweltverh\u00e4ltnissen die nachfolgenden Generationen aufwachsen m\u00fcssen.<br \/>\nBez\u00fcglich ihres eigenen Verhaltens antworten sie widerspr\u00fcchlich.<br \/>\nEinerseits wollen sie \u00f6kologisch und sozial handeln. Andererseits<br \/>\nm\u00f6chten sie bei bestimmten, Freude bringenden Dingen, wie z.B.<br \/>\nFlugreisen, jetzt und in Zukunft keine Abstriche machen.<\/p>\n<p>Die Studie basiert auf einer Repr\u00e4sentativbefragung von \u00fcber 1.000 jungen<br \/>\nMenschen zwischen 14 und 22 Jahren und einer begleitenden, moderierten<br \/>\nOnline-Community. Im Gegensatz zu traditionellen Erhebungen wurde das<br \/>\nVorhaben \u201eZukunft? Jugend fragen\u201c dabei durchg\u00e4ngig von der<br \/>\nZielgruppe selbst begleitet und aktiv mitgestaltet. Forschungsdesign und<br \/>\nForschungsfragen wurden im Rahmen von Workshops mit jungen Menschen<br \/>\nentwickelt, die Untersuchungsergebnisse in Zukunftswerkst\u00e4tten diskutiert<br \/>\nund interpretiert. Dar\u00fcber hinaus wurde f\u00fcr das Vorhaben ein<br \/>\nJugendbeirat eingerichtet, der sich aus Vertreterinnen und Vertretern von<br \/>\nUmwelt- und Sozialverb\u00e4nden zusammensetzt.<\/p>\n<p>Die Studie wird auf der BMUB-Konferenz \u201eZukunft? Jugend fragen!\u201c<br \/>\nvorgestellt und mit Jugendlichen und jungen Erwachsenen diskutiert.<\/p>\n<p>Die komplette Studie und Informationen zur Konferenz \u201eZukunft? Jugend<br \/>\nfragen!\u201c finden Sie unter: www.bmub.bund.de\/PU452<\/p>\n<p>Quelle:bmub.bund.de<\/p>\n","protected":false},"excerpt":{"rendered":"<p>Berlin: Jugend\/Nachhaltigkeit BMUB-Jugendstudie: Umwelt- und Klimaschutz ist f\u00fcr viele junge Menschen ein Zukunftsthema F\u00fcr 44 Prozent der 14- bis 22-J\u00e4hrigen geh\u00f6rt eine intakte, nat\u00fcrliche Um-welt zu einem guten Leben unbedingt dazu. Das ist ein zentrales Ergebnis der ersten repr\u00e4sentativen Umfrage des Bundesumweltministeriums unter Jugendlichen und jungen Erwachsenen. Damit Umweltschutz gelingt, sehen die Jugendlichen vor allem [&hellip;]<\/p>\n","protected":false},"author":7,"featured_media":9033,"comment_status":"closed","ping_status":"open","sticky":false,"template":"","format":"standard","meta":{"footnotes":""},"categories":[44,3],"tags":[2449],"class_list":["post-11359","post","type-post","status-publish","format-standard","has-post-thumbnail","hentry","category-deutschland-2","category-news","tag-umwelt-klimaschutz"],"_links":{"self":[{"href":"https:\/\/www.frankensicht.de\/index.php?rest_route=\/wp\/v2\/posts\/11359","targetHints":{"allow":["GET"]}}],"collection":[{"href":"https:\/\/www.frankensicht.de\/index.php?rest_route=\/wp\/v2\/posts"}],"about":[{"href":"https:\/\/www.frankensicht.de\/index.php?rest_route=\/wp\/v2\/types\/post"}],"author":[{"embeddable":true,"href":"https:\/\/www.frankensicht.de\/index.php?rest_route=\/wp\/v2\/users\/7"}],"replies":[{"embeddable":true,"href":"https:\/\/www.frankensicht.de\/index.php?rest_route=%2Fwp%2Fv2%2Fcomments&post=11359"}],"version-history":[{"count":2,"href":"https:\/\/www.frankensicht.de\/index.php?rest_route=\/wp\/v2\/posts\/11359\/revisions"}],"predecessor-version":[{"id":11361,"href":"https:\/\/www.frankensicht.de\/index.php?rest_route=\/wp\/v2\/posts\/11359\/revisions\/11361"}],"wp:featuredmedia":[{"embeddable":true,"href":"https:\/\/www.frankensicht.de\/index.php?rest_route=\/wp\/v2\/media\/9033"}],"wp:attachment":[{"href":"https:\/\/www.frankensicht.de\/index.php?rest_route=%2Fwp%2Fv2%2Fmedia&parent=11359"}],"wp:term":[{"taxonomy":"category","embeddable":true,"href":"https:\/\/www.frankensicht.de\/index.php?rest_route=%2Fwp%2Fv2%2Fcategories&post=11359"},{"taxonomy":"post_tag","embeddable":true,"href":"https:\/\/www.frankensicht.de\/index.php?rest_route=%2Fwp%2Fv2%2Ftags&post=11359"}],"curies":[{"name":"wp","href":"https:\/\/api.w.org\/{rel}","templated":true}]}}