{"id":11351,"date":"2018-01-24T08:52:13","date_gmt":"2018-01-24T07:52:13","guid":{"rendered":"http:\/\/www.frankensicht.de\/?p=11351"},"modified":"2018-01-24T08:52:13","modified_gmt":"2018-01-24T07:52:13","slug":"ausstellung-wuerdigt-herausragende-arbeiten-der-bayerischen-kunstfoerderpreistraeger","status":"publish","type":"post","link":"https:\/\/www.frankensicht.de\/?p=11351","title":{"rendered":"\u00a0&#8222;Ausstellung w\u00fcrdigt herausragende Arbeiten der Bayerischen Kunstf\u00f6rderpreistr\u00e4ger&#8220;"},"content":{"rendered":"<p><span style=\"color: #ff0000;\">M\u00fcnchen:<\/span><\/p>\n<p>&#8222;Ausstellung w\u00fcrdigt herausragende Arbeiten der Bayerischen Kunstf\u00f6rderpreistr\u00e4ger&#8220;<\/p>\n<p>Kunstminister Dr. Ludwig Spaenle betonte heute bei der Ausstellungser\u00f6ffnung der Bayerischen Kunstf\u00f6rderpreistr\u00e4ger 2017: &#8222;Mit dem Bayerischen Kunstf\u00f6rderpreis will der Freistaat junge K\u00fcnstlerinnen und K\u00fcnstler f\u00f6rdern und sie darin best\u00e4rken, ihren Weg weiterzugehen. Mit der j\u00e4hrlichen Verleihung dieses Preises seit 1965 werden ausgezeichnete Leistungen und au\u00dfergew\u00f6hnliche Begabungen in verschiedenen k\u00fcnstlerischen Bereichen gew\u00fcrdigt.&#8220; Er erkl\u00e4rte: &#8222;In der Sparte der Bildenden Kunst konnten im Jahr 2017 Florentin Berner, Andreas Chwatal, Michael Seidner, Johannes Tassilo Walter und Christoph Wei\u00dfhaar mit ihrem Talent \u00fcberzeugen. Die Ausstellung, die wir heute er\u00f6ffnen, m\u00f6chte die herausragenden Arbeiten der f\u00fcnf Preistr\u00e4ger w\u00fcrdigen, ihre vielf\u00e4ltigen k\u00fcnstlerischen Positionen darstellen und sie einer breiten \u00d6ffentlichkeit pr\u00e4sentieren.&#8220;<\/p>\n<p><a href=\"https:\/\/www.frankensicht.de\/?attachment_id=7610\" rel=\"attachment wp-att-7610\"><img loading=\"lazy\" decoding=\"async\" class=\"alignnone size-medium wp-image-7610\" src=\"https:\/\/www.frankensicht.de\/wp-content\/uploads\/2014\/09\/bayern-300x180.png\" alt=\"\" width=\"300\" height=\"180\" srcset=\"https:\/\/www.frankensicht.de\/wp-content\/uploads\/2014\/09\/bayern-300x180.png 300w, https:\/\/www.frankensicht.de\/wp-content\/uploads\/2014\/09\/bayern.png 1000w\" sizes=\"auto, (max-width: 300px) 100vw, 300px\" \/><\/a><\/p>\n<p>Der Minister dankte dem Berufsverband Bildender K\u00fcnstler f\u00fcr die Organisation der Ausstellung der jungen K\u00fcnstlerinnen und K\u00fcnstler: &#8222;Mit beispielhaftem Engagement und gro\u00dfer Fachkompetenz leistet der Berufsverband Bildender K\u00fcnstler einen wertvollen Beitrag zur F\u00f6rderung des Nachwuchses in der Bildenden Kunst. Daf\u00fcr ein herzliches Dankesch\u00f6n dem Verband &#8211; ganz besonders dem neuen Vorsitzenden Corbinian B\u00f6hm und seiner Gesch\u00e4ftsf\u00fchrerin Sabine Ruchlinski.&#8220; Den Besucherinnen und Besuchern w\u00fcnschte Spaenle inspirierende Begegnungen mit den Kunstwerken der Ausstellung.<\/p>\n<p>Der Bayerische Kunstf\u00f6rderpreis wird seit 1965 jedes Jahr an junge K\u00fcnstlerinnen und K\u00fcnstler in den vier Sparten &#8222;Bildende Kunst&#8220;, &#8222;Darstellende Kunst&#8220;, &#8222;Musik und Tanz&#8220; und &#8222;Literatur&#8220; vergeben. Die Auszeichnung wird vom Bayerischen Staatsministerium f\u00fcr Bildung und Kultus, Wissenschaft und Kunst auf Vorschlag von Fachjurys vergeben und ist mit je 6.000 Euro dotiert. Die Preisverleihung 2017 fand am 15. November 2017 in der Hochschule f\u00fcr Fernsehen und Film statt.<\/p>\n<p>Quelle:stmbw.bayern.de<\/p>\n","protected":false},"excerpt":{"rendered":"<p>M\u00fcnchen: &#8222;Ausstellung w\u00fcrdigt herausragende Arbeiten der Bayerischen Kunstf\u00f6rderpreistr\u00e4ger&#8220; Kunstminister Dr. Ludwig Spaenle betonte heute bei der Ausstellungser\u00f6ffnung der Bayerischen Kunstf\u00f6rderpreistr\u00e4ger 2017: &#8222;Mit dem Bayerischen Kunstf\u00f6rderpreis will der Freistaat junge K\u00fcnstlerinnen und K\u00fcnstler f\u00f6rdern und sie darin best\u00e4rken, ihren Weg weiterzugehen. Mit der j\u00e4hrlichen Verleihung dieses Preises seit 1965 werden ausgezeichnete Leistungen und au\u00dfergew\u00f6hnliche Begabungen in [&hellip;]<\/p>\n","protected":false},"author":7,"featured_media":7610,"comment_status":"closed","ping_status":"open","sticky":false,"template":"","format":"standard","meta":{"footnotes":""},"categories":[78,71],"tags":[2444],"class_list":["post-11351","post","type-post","status-publish","format-standard","has-post-thumbnail","hentry","category-bayern","category-menue","tag-kunstfoerderpreis"],"_links":{"self":[{"href":"https:\/\/www.frankensicht.de\/index.php?rest_route=\/wp\/v2\/posts\/11351","targetHints":{"allow":["GET"]}}],"collection":[{"href":"https:\/\/www.frankensicht.de\/index.php?rest_route=\/wp\/v2\/posts"}],"about":[{"href":"https:\/\/www.frankensicht.de\/index.php?rest_route=\/wp\/v2\/types\/post"}],"author":[{"embeddable":true,"href":"https:\/\/www.frankensicht.de\/index.php?rest_route=\/wp\/v2\/users\/7"}],"replies":[{"embeddable":true,"href":"https:\/\/www.frankensicht.de\/index.php?rest_route=%2Fwp%2Fv2%2Fcomments&post=11351"}],"version-history":[{"count":1,"href":"https:\/\/www.frankensicht.de\/index.php?rest_route=\/wp\/v2\/posts\/11351\/revisions"}],"predecessor-version":[{"id":11352,"href":"https:\/\/www.frankensicht.de\/index.php?rest_route=\/wp\/v2\/posts\/11351\/revisions\/11352"}],"wp:featuredmedia":[{"embeddable":true,"href":"https:\/\/www.frankensicht.de\/index.php?rest_route=\/wp\/v2\/media\/7610"}],"wp:attachment":[{"href":"https:\/\/www.frankensicht.de\/index.php?rest_route=%2Fwp%2Fv2%2Fmedia&parent=11351"}],"wp:term":[{"taxonomy":"category","embeddable":true,"href":"https:\/\/www.frankensicht.de\/index.php?rest_route=%2Fwp%2Fv2%2Fcategories&post=11351"},{"taxonomy":"post_tag","embeddable":true,"href":"https:\/\/www.frankensicht.de\/index.php?rest_route=%2Fwp%2Fv2%2Ftags&post=11351"}],"curies":[{"name":"wp","href":"https:\/\/api.w.org\/{rel}","templated":true}]}}