{"id":11349,"date":"2018-01-23T08:32:30","date_gmt":"2018-01-23T07:32:30","guid":{"rendered":"http:\/\/www.frankensicht.de\/?p=11349"},"modified":"2018-01-23T08:32:30","modified_gmt":"2018-01-23T07:32:30","slug":"bundesbauministerium-unterstuetzt-bekenntnis-der-europaeischen-kulturminister-zu-mehr-baukultur","status":"publish","type":"post","link":"https:\/\/www.frankensicht.de\/?p=11349","title":{"rendered":"Bundesbauministerium unterst\u00fctzt Bekenntnis der europ\u00e4ischen Kulturminister zu mehr Baukultur"},"content":{"rendered":"<p><span style=\"color: #ff0000;\">Berlin:<\/span><\/p>\n<p>Baukultur<br \/>\nBundesbauministerium unterst\u00fctzt Bekenntnis der europ\u00e4ischen<br \/>\nKulturminister zu mehr Baukultur<br \/>\nDavos-Deklaration verabschiedet<\/p>\n<p>Am 21. und 22. Januar 2018 fand in Davos im Vorfeld des<br \/>\nWeltwirtschaftsforums eine informelle Kulturministerkonferenz statt. Als<br \/>\nErgebnis der Gespr\u00e4che beschlossen die Teilnehmerstaaten die<br \/>\n\u201eErkl\u00e4rung von Davos zur Baukultur\u201c. Ziel der Erkl\u00e4rung ist es,<br \/>\nbaukulturelle Belange sektor\u00fcbergreifend und auf den unterschiedlichen<br \/>\nVerantwortungsebenen st\u00e4rker zu verankern. Baukultur hat dabei als<br \/>\ninterdisziplin\u00e4res Handlungsfeld einen hohen Stellenwert f\u00fcr eine<br \/>\nintegrierte und nachhaltig angelegte Stadt- und Regionalentwicklung.<\/p>\n<p><a href=\"https:\/\/www.frankensicht.de\/?attachment_id=10458\" rel=\"attachment wp-att-10458\"><img loading=\"lazy\" decoding=\"async\" class=\"alignnone size-medium wp-image-10458\" src=\"https:\/\/www.frankensicht.de\/wp-content\/uploads\/2017\/03\/brandenburg-300x225.jpg\" alt=\"\" width=\"300\" height=\"225\" srcset=\"https:\/\/www.frankensicht.de\/wp-content\/uploads\/2017\/03\/brandenburg-300x225.jpg 300w, https:\/\/www.frankensicht.de\/wp-content\/uploads\/2017\/03\/brandenburg-768x576.jpg 768w, https:\/\/www.frankensicht.de\/wp-content\/uploads\/2017\/03\/brandenburg-1024x768.jpg 1024w, https:\/\/www.frankensicht.de\/wp-content\/uploads\/2017\/03\/brandenburg.jpg 1280w\" sizes=\"auto, (max-width: 300px) 100vw, 300px\" \/><\/a><\/p>\n<p>Baustaatssekret\u00e4r Gunther Adler: \u201eDie Davos-Deklaration r\u00fcckt die<br \/>\nBaukultur international st\u00e4rker in den Fokus. Wir danken der Schweizer<br \/>\nRegierung f\u00fcr ihre Initiative. Wir werden unsere Partner dabei<br \/>\nunterst\u00fctzen, die Davos Deklaration \u00fcber die Konferenz hinaus in die<br \/>\nBreite zu tragen \u2013 national, europ\u00e4isch und international. Und wir<br \/>\nwollen das kulturelle Erbe und Baukultur in die \u201eUrban Agenda for the<br \/>\nEU\u201c einbringen.\u201c<\/p>\n<p>Der Begriff Baukultur versteht sich umfassend als qualit\u00e4tsvolle<br \/>\nGestaltung der gebauten Umwelt und beschreibt einen<br \/>\ngesamtgesellschaftlichen Prozess. Dieses Verst\u00e4ndnis wird mit der<br \/>\nDavos-Deklaration nunmehr auch auf europ\u00e4ischer Ebene st\u00e4rker in den<br \/>\nMittelpunkt ger\u00fcckt.<\/p>\n<p>Um Baukultur in Deutschland zu st\u00e4rken, hat die Bundesregierung eine Reihe<br \/>\nvon Ma\u00dfnahmen ergriffen. Bereits vor rund 10 Jahren hat sie die<br \/>\nBundesstiftung Baukultur gegr\u00fcndet, die sich zu einer etablierten und<br \/>\nviel beachteten Stimme f\u00fcr die Baukultur in Deutschland und europaweit<br \/>\nentwickelt hat. Das Bundesbauministerium ist selbst zentraler<br \/>\nBaukulturakteur in Deutschland und wirkt innerhalb seiner Zust\u00e4ndigkeiten<br \/>\nunter dem Leitbild &#8222;Vorbild \u2013 F\u00f6rderer \u2013 Partner&#8220; ma\u00dfgeblich daran<br \/>\nmit, die Qualit\u00e4t der baulich-r\u00e4umlichen Umwelt in Deutschland positiv<br \/>\nzu beeinflussen \u2013 sei es durch regulative Ma\u00dfnahmen, \u00fcber F\u00f6rderungen<br \/>\noder durch das Bauen im eigenen Zust\u00e4ndigkeitsbereich.<\/p>\n<p>\u201eErkl\u00e4rung von Davos zur Baukultur\u201c unter<br \/>\nwww.davosdeclaration2018.ch.<\/p>\n<p>Quelle:bmub.bund.de<\/p>\n","protected":false},"excerpt":{"rendered":"<p>Berlin: Baukultur Bundesbauministerium unterst\u00fctzt Bekenntnis der europ\u00e4ischen Kulturminister zu mehr Baukultur Davos-Deklaration verabschiedet Am 21. und 22. Januar 2018 fand in Davos im Vorfeld des Weltwirtschaftsforums eine informelle Kulturministerkonferenz statt. Als Ergebnis der Gespr\u00e4che beschlossen die Teilnehmerstaaten die \u201eErkl\u00e4rung von Davos zur Baukultur\u201c. Ziel der Erkl\u00e4rung ist es, baukulturelle Belange sektor\u00fcbergreifend und auf den unterschiedlichen [&hellip;]<\/p>\n","protected":false},"author":7,"featured_media":10190,"comment_status":"closed","ping_status":"open","sticky":false,"template":"","format":"standard","meta":{"footnotes":""},"categories":[44,3],"tags":[2443],"class_list":["post-11349","post","type-post","status-publish","format-standard","has-post-thumbnail","hentry","category-deutschland-2","category-news","tag-baukultur"],"_links":{"self":[{"href":"https:\/\/www.frankensicht.de\/index.php?rest_route=\/wp\/v2\/posts\/11349","targetHints":{"allow":["GET"]}}],"collection":[{"href":"https:\/\/www.frankensicht.de\/index.php?rest_route=\/wp\/v2\/posts"}],"about":[{"href":"https:\/\/www.frankensicht.de\/index.php?rest_route=\/wp\/v2\/types\/post"}],"author":[{"embeddable":true,"href":"https:\/\/www.frankensicht.de\/index.php?rest_route=\/wp\/v2\/users\/7"}],"replies":[{"embeddable":true,"href":"https:\/\/www.frankensicht.de\/index.php?rest_route=%2Fwp%2Fv2%2Fcomments&post=11349"}],"version-history":[{"count":1,"href":"https:\/\/www.frankensicht.de\/index.php?rest_route=\/wp\/v2\/posts\/11349\/revisions"}],"predecessor-version":[{"id":11350,"href":"https:\/\/www.frankensicht.de\/index.php?rest_route=\/wp\/v2\/posts\/11349\/revisions\/11350"}],"wp:featuredmedia":[{"embeddable":true,"href":"https:\/\/www.frankensicht.de\/index.php?rest_route=\/wp\/v2\/media\/10190"}],"wp:attachment":[{"href":"https:\/\/www.frankensicht.de\/index.php?rest_route=%2Fwp%2Fv2%2Fmedia&parent=11349"}],"wp:term":[{"taxonomy":"category","embeddable":true,"href":"https:\/\/www.frankensicht.de\/index.php?rest_route=%2Fwp%2Fv2%2Fcategories&post=11349"},{"taxonomy":"post_tag","embeddable":true,"href":"https:\/\/www.frankensicht.de\/index.php?rest_route=%2Fwp%2Fv2%2Ftags&post=11349"}],"curies":[{"name":"wp","href":"https:\/\/api.w.org\/{rel}","templated":true}]}}