{"id":11272,"date":"2017-12-26T08:28:14","date_gmt":"2017-12-26T07:28:14","guid":{"rendered":"http:\/\/www.frankensicht.de\/?p=11272"},"modified":"2017-12-26T08:28:14","modified_gmt":"2017-12-26T07:28:14","slug":"internationaler-klimaschutz-2","status":"publish","type":"post","link":"https:\/\/www.frankensicht.de\/?p=11272","title":{"rendered":"Internationaler Klimaschutz"},"content":{"rendered":"<p><span style=\"color: #ff0000;\">Berlin:<\/span><\/p>\n<p>EU schafft Klarheit bei Klimaschutz durch W\u00e4lder und B\u00f6den<br \/>\nNeue Verordnung setzt Anreize, Kohlenstoffsenken zu sch\u00fctzen und zu<br \/>\nst\u00e4rken<\/p>\n<p>Der Rat der EU-Mitgliedstaaten und das EU-Parlament haben sich auf eine<br \/>\nReform der Anrechnungsregeln f\u00fcr die CO2-Einbindung und den<br \/>\nTreibhausgasausto\u00df von W\u00e4ldern und B\u00f6den geeinigt. W\u00e4lder und B\u00f6den,<br \/>\nzusammengefasst als sogenannter Landnutzungssektor, spielen eine zentrale<br \/>\nRolle f\u00fcr das Ziel des Paris-Abkommens, in der zweiten H\u00e4lfte des<br \/>\nJahrhunderts die Treibhausgasneutralit\u00e4t zu erreichen. Die neuen Regeln<br \/>\ngelten ab 2021.<\/p>\n<p><a href=\"https:\/\/www.frankensicht.de\/?attachment_id=5657\" rel=\"attachment wp-att-5657\"><img loading=\"lazy\" decoding=\"async\" class=\"alignnone size-medium wp-image-5657\" src=\"https:\/\/www.frankensicht.de\/wp-content\/uploads\/2013\/05\/P1000968-300x225.jpg\" alt=\"\" width=\"300\" height=\"225\" srcset=\"https:\/\/www.frankensicht.de\/wp-content\/uploads\/2013\/05\/P1000968-300x225.jpg 300w, https:\/\/www.frankensicht.de\/wp-content\/uploads\/2013\/05\/P1000968.jpg 640w\" sizes=\"auto, (max-width: 300px) 100vw, 300px\" \/><\/a><\/p>\n<p>Bundesumweltministerin Barbara Hendricks: \u201eW\u00e4lder und B\u00f6den k\u00f6nnen<br \/>\nerheblich zum Klimaschutz beitragen, wenn sie CO2 binden. Daher freue ich<br \/>\nmich, dass wir auf EU-Ebene nun robuste Regeln f\u00fcr die Anrechnung von<br \/>\nW\u00e4ldern und B\u00f6den f\u00fcr den Klimaschutz gefunden haben. Diese setzen neue<br \/>\nAnreize f\u00fcr zus\u00e4tzliche Anstrengungen im Bereich der Landnutzung und<br \/>\nverhindern, dass \u00fcber kreative Buchhaltung hei\u00dfe Luft ins System<br \/>\nkommt.\u201c<\/p>\n<p>Mit der Einigung \u00fcber die so genannte Verordnung zur Integration von<br \/>\nEmissionen und Senken aus Landnutzung, Landnutzungs\u00e4nderungen und<br \/>\nForstwirtschaft \u2013 kurz LULUCF \u2013 wird der menschliche Einfluss auf<br \/>\nausgesto\u00dfene und abgebaute Treibhausgasmengen von W\u00e4ldern und B\u00f6den ab<br \/>\n2021 in den EU-Klimarahmen integriert. Die Verordnung legt f\u00fcr den<br \/>\nZeitraum 2021 bis 2030 erstmalig ein Klimaschutzziel f\u00fcr den<br \/>\nLandnutzungssektor fest. Zudem werden Anrechnungsregeln definiert, die den<br \/>\nnat\u00fcrlichen Schwankungen dieses Sektors Rechnung tragen und den<br \/>\nmenschlichen Einfluss und die Wirkung von Klimaschutzma\u00dfnahmen von<br \/>\nnat\u00fcrlichen Effekten abgrenzen. F\u00fcr die einzelnen Landkategorien werden<br \/>\neinheitliche Vergleichsma\u00dfst\u00e4be f\u00fcr alle EU-Mitgliedstaaten zur<br \/>\nBestimmung von Fort- oder R\u00fcckschritten im Klimaschutz eingef\u00fchrt.<\/p>\n<p>Jeder EU Mitgliedstaat vergleicht die reale CO2-Einbindung von W\u00e4ldern und<br \/>\nB\u00f6den mit Vergleichsma\u00dfst\u00e4ben, die in der Verordnung festgelegt werden.<br \/>\nEine Abnahme der CO2-Einbindung gegen\u00fcber dem Vergleichsma\u00dfstab<br \/>\nresultiert in Lastschriften, eine Zunahme in Gutschriften. Die<br \/>\nMitgliedstaaten m\u00fcssen sicherstellen, dass sie im Saldo nicht mehr Last-<br \/>\nals Gutschriften auf dem Konto haben. Ein \u00dcberschuss an Lastschriften<br \/>\nmuss durch zus\u00e4tzlichen Klimaschutz innerhalb des Landnutzungssektors<br \/>\noder in den anderen Sektoren au\u00dferhalb des Emissionshandels ausgeglichen<br \/>\nwerden. Gleichzeitig d\u00fcrfen Gutschriften in begrenztem Umfang in andere<br \/>\nSektoren \u00fcbertragen werden.<\/p>\n<p>Deutschland konnte zusammen mit anderen Mitgliedstaaten wichtige Prinzipien<br \/>\nf\u00fcr die Integrit\u00e4t des Legislativvorschlages sicherstellen. Dies<br \/>\nbetrifft vor allem die Anrechnung der CO2-Einbindung von W\u00e4ldern. Es ist<br \/>\nzudem ein gro\u00dfer Fortschritt, dass ab 2026 auch die Klimabilanz von<br \/>\nFeuchtgebieten verpflichtend angerechnet werden muss, denn Moore sind ein<br \/>\nbesonders gro\u00dfer Kohlenstoffspeicher. Hierf\u00fcr hatte sich die<br \/>\nBundesregierung bereits in den Verhandlungen im Rat eingesetzt.<\/p>\n<p>Das Verhandlungsergebnis muss nun nur noch formal vom EU-Ministerrat und<br \/>\nvom EU-Parlament best\u00e4tigt werden. Gestern Abend wurde es vom Ausschuss<br \/>\nder St\u00e4ndigen Vertreter der Mitgliedstaaten angenommen.<\/p>\n<p>Quelle: bmub.bund.de<\/p>\n<p>&nbsp;<\/p>\n","protected":false},"excerpt":{"rendered":"<p>Berlin: EU schafft Klarheit bei Klimaschutz durch W\u00e4lder und B\u00f6den Neue Verordnung setzt Anreize, Kohlenstoffsenken zu sch\u00fctzen und zu st\u00e4rken Der Rat der EU-Mitgliedstaaten und das EU-Parlament haben sich auf eine Reform der Anrechnungsregeln f\u00fcr die CO2-Einbindung und den Treibhausgasausto\u00df von W\u00e4ldern und B\u00f6den geeinigt. W\u00e4lder und B\u00f6den, zusammengefasst als sogenannter Landnutzungssektor, spielen eine zentrale [&hellip;]<\/p>\n","protected":false},"author":7,"featured_media":5657,"comment_status":"closed","ping_status":"open","sticky":false,"template":"","format":"standard","meta":{"footnotes":""},"categories":[44,3],"tags":[238],"class_list":["post-11272","post","type-post","status-publish","format-standard","has-post-thumbnail","hentry","category-deutschland-2","category-news","tag-klimaschutz"],"_links":{"self":[{"href":"https:\/\/www.frankensicht.de\/index.php?rest_route=\/wp\/v2\/posts\/11272","targetHints":{"allow":["GET"]}}],"collection":[{"href":"https:\/\/www.frankensicht.de\/index.php?rest_route=\/wp\/v2\/posts"}],"about":[{"href":"https:\/\/www.frankensicht.de\/index.php?rest_route=\/wp\/v2\/types\/post"}],"author":[{"embeddable":true,"href":"https:\/\/www.frankensicht.de\/index.php?rest_route=\/wp\/v2\/users\/7"}],"replies":[{"embeddable":true,"href":"https:\/\/www.frankensicht.de\/index.php?rest_route=%2Fwp%2Fv2%2Fcomments&post=11272"}],"version-history":[{"count":1,"href":"https:\/\/www.frankensicht.de\/index.php?rest_route=\/wp\/v2\/posts\/11272\/revisions"}],"predecessor-version":[{"id":11273,"href":"https:\/\/www.frankensicht.de\/index.php?rest_route=\/wp\/v2\/posts\/11272\/revisions\/11273"}],"wp:featuredmedia":[{"embeddable":true,"href":"https:\/\/www.frankensicht.de\/index.php?rest_route=\/wp\/v2\/media\/5657"}],"wp:attachment":[{"href":"https:\/\/www.frankensicht.de\/index.php?rest_route=%2Fwp%2Fv2%2Fmedia&parent=11272"}],"wp:term":[{"taxonomy":"category","embeddable":true,"href":"https:\/\/www.frankensicht.de\/index.php?rest_route=%2Fwp%2Fv2%2Fcategories&post=11272"},{"taxonomy":"post_tag","embeddable":true,"href":"https:\/\/www.frankensicht.de\/index.php?rest_route=%2Fwp%2Fv2%2Ftags&post=11272"}],"curies":[{"name":"wp","href":"https:\/\/api.w.org\/{rel}","templated":true}]}}