{"id":11181,"date":"2017-11-17T08:40:02","date_gmt":"2017-11-17T07:40:02","guid":{"rendered":"http:\/\/www.frankensicht.de\/?p=11181"},"modified":"2017-11-17T08:40:02","modified_gmt":"2017-11-17T07:40:02","slug":"foerderung-der-eu-fuer-klima-und-natur-dauerhaft-verbessern","status":"publish","type":"post","link":"https:\/\/www.frankensicht.de\/?p=11181","title":{"rendered":"F\u00f6rderung der EU f\u00fcr Klima und Natur dauerhaft verbessern"},"content":{"rendered":"<p><span style=\"color: #ff0000;\">M\u00fcnchen:<\/span><\/p>\n<p>Scharf: F\u00f6rderung der EU f\u00fcr Klima und Natur dauerhaft verbessern<br \/>\nUmweltministerkonferenz in Potsdam<\/p>\n<p>Der Freistaat Bayern setzt sich bei der anstehenden Konferenz der Umweltminister in Potsdam daf\u00fcr ein, die Finanzierungen von Projekten aus den Bereichen Klima, Umwelt und Naturschutz durch die EU deutlich zu verbessern. Dazu betonte die Bayerische Umweltministerin Ulrike Scharf heute im Vorfeld der Beratungen: &#8222;Eine hohe Umweltqualit\u00e4t mit intakten Lebensgrundlagen ist Grundlage f\u00fcr eine zentrale Voraussetzung f\u00fcr nachhaltiges Wachstum und Lebensqualit\u00e4t vor Ort. Die Zukunftsthemen Klima und Umwelt brauchen ein ausreichendes finanzielles Fundament durch die EU. Die Weltklimakonferenz in Bonn erinnert die Staatengemeinschaft an ihre gemeinsame Verantwortung. Die anstehenden Gro\u00dfaufgaben in diesen Bereichen m\u00fcssen solide finanziert sein. Nur so kommt die Umsetzung der Ma\u00dfnahmen in den Mitgliedstaaten z\u00fcgig voran. Ziel ist es, die Finanzierung ab der neuen F\u00f6rderperiode 2020 auszubauen. Mit den neuen Mitteln k\u00f6nnen die Mitgliedstaaten wichtige Beitr\u00e4ge zu den Umwelt- und Nachhaltigkeitszielen Europas leisten.&#8220; Neben Ma\u00dfnahmen der CO2-Minderung m\u00fcssen k\u00fcnftig noch st\u00e4rker Ma\u00dfnahmen des Umwelt- und Naturschutzes und solche zur Klimafolgenanpassung in den St\u00e4dten und im l\u00e4ndlichen Raum unterst\u00fctzt werden.<\/p>\n<p><a href=\"https:\/\/www.frankensicht.de\/?attachment_id=7623\" rel=\"attachment wp-att-7623\"><img loading=\"lazy\" decoding=\"async\" class=\"alignnone size-medium wp-image-7623\" src=\"https:\/\/www.frankensicht.de\/wp-content\/uploads\/2014\/09\/oeko-300x225.jpg\" alt=\"\" width=\"300\" height=\"225\" srcset=\"https:\/\/www.frankensicht.de\/wp-content\/uploads\/2014\/09\/oeko-300x225.jpg 300w, https:\/\/www.frankensicht.de\/wp-content\/uploads\/2014\/09\/oeko.jpg 640w\" sizes=\"auto, (max-width: 300px) 100vw, 300px\" \/><\/a><\/p>\n<p>In Bayern k\u00f6nnten von einer verbesserten Finanzierung insbesondere der Alpenraum sowie der kooperative Naturschutz profitieren. So hat sich die EU-Alpenstrategie (EUSALP) unter bayerischem Vorsitz im laufenden Jahr das Ziel gesetzt, ein internationales Netzwerk &#8222;Gr\u00fcner Infrastrukturen&#8220; f\u00fcr den Alpenraum zu schaffen. Gr\u00fcne Infrastrukturen wie Bergw\u00e4lder, Flussauen, Moore, nachhaltig bewirtschaftete Almfl\u00e4chen und Flussdeltas in alpinen Seen sind dabei nicht nur \u00f6kologisch wertvoll, sondern auch wirtschaftlich von herausragender Bedeutung, weil sie gleichzeitig etwa Existenzgrundlage f\u00fcr die Bergbauern sind. Scharf: &#8222;Die EU sollte die gr\u00fcnen Infrastrukturen bei der F\u00f6rderung mit Stra\u00dfen und Schienen vergleichbar behandeln. Gr\u00fcne Infrastrukturen wie Bergw\u00e4lder, Flussauen, Moore, nachhaltig bewirtschaftete Almfl\u00e4chen und Flussdeltas in alpinen Seen sind nicht nur \u00f6kologisch wertvoll, sondern auch wirtschaftlich von herausragender Bedeutung. Wir wollen den Schutz unserer Naturheimat st\u00e4rken. Davon sollen die Menschen in den Regionen profitieren. Wir wollen mit neuen Mitteln der EU insbesondere den kooperativen Naturschutz st\u00e4rken.&#8220;<\/p>\n<p>Quelle:stmuv.bayern.de<\/p>\n","protected":false},"excerpt":{"rendered":"<p>M\u00fcnchen: Scharf: F\u00f6rderung der EU f\u00fcr Klima und Natur dauerhaft verbessern Umweltministerkonferenz in Potsdam Der Freistaat Bayern setzt sich bei der anstehenden Konferenz der Umweltminister in Potsdam daf\u00fcr ein, die Finanzierungen von Projekten aus den Bereichen Klima, Umwelt und Naturschutz durch die EU deutlich zu verbessern. Dazu betonte die Bayerische Umweltministerin Ulrike Scharf heute im [&hellip;]<\/p>\n","protected":false},"author":7,"featured_media":7623,"comment_status":"closed","ping_status":"open","sticky":false,"template":"","format":"standard","meta":{"footnotes":""},"categories":[78,71],"tags":[238],"class_list":["post-11181","post","type-post","status-publish","format-standard","has-post-thumbnail","hentry","category-bayern","category-menue","tag-klimaschutz"],"_links":{"self":[{"href":"https:\/\/www.frankensicht.de\/index.php?rest_route=\/wp\/v2\/posts\/11181","targetHints":{"allow":["GET"]}}],"collection":[{"href":"https:\/\/www.frankensicht.de\/index.php?rest_route=\/wp\/v2\/posts"}],"about":[{"href":"https:\/\/www.frankensicht.de\/index.php?rest_route=\/wp\/v2\/types\/post"}],"author":[{"embeddable":true,"href":"https:\/\/www.frankensicht.de\/index.php?rest_route=\/wp\/v2\/users\/7"}],"replies":[{"embeddable":true,"href":"https:\/\/www.frankensicht.de\/index.php?rest_route=%2Fwp%2Fv2%2Fcomments&post=11181"}],"version-history":[{"count":2,"href":"https:\/\/www.frankensicht.de\/index.php?rest_route=\/wp\/v2\/posts\/11181\/revisions"}],"predecessor-version":[{"id":11183,"href":"https:\/\/www.frankensicht.de\/index.php?rest_route=\/wp\/v2\/posts\/11181\/revisions\/11183"}],"wp:featuredmedia":[{"embeddable":true,"href":"https:\/\/www.frankensicht.de\/index.php?rest_route=\/wp\/v2\/media\/7623"}],"wp:attachment":[{"href":"https:\/\/www.frankensicht.de\/index.php?rest_route=%2Fwp%2Fv2%2Fmedia&parent=11181"}],"wp:term":[{"taxonomy":"category","embeddable":true,"href":"https:\/\/www.frankensicht.de\/index.php?rest_route=%2Fwp%2Fv2%2Fcategories&post=11181"},{"taxonomy":"post_tag","embeddable":true,"href":"https:\/\/www.frankensicht.de\/index.php?rest_route=%2Fwp%2Fv2%2Ftags&post=11181"}],"curies":[{"name":"wp","href":"https:\/\/api.w.org\/{rel}","templated":true}]}}