{"id":11167,"date":"2017-11-14T08:24:11","date_gmt":"2017-11-14T07:24:11","guid":{"rendered":"http:\/\/www.frankensicht.de\/?p=11167"},"modified":"2017-11-14T08:24:11","modified_gmt":"2017-11-14T07:24:11","slug":"energiebilanz-2014-veroeffentlichtenergiebilanzen-2012-und-2013-revidiert","status":"publish","type":"post","link":"https:\/\/www.frankensicht.de\/?p=11167","title":{"rendered":"Energiebilanz 2014 ver\u00f6ffentlicht\/Energiebilanzen 2012 und 2013 revidiert"},"content":{"rendered":"<p><span style=\"color: #ff0000;\">M\u00fcnchen:<\/span><\/p>\n<p>Energiebilanz 2014 ver\u00f6ffentlicht\/Energiebilanzen 2012 und 2013 revidiert<\/p>\n<p>Bayerns Stromverbrauch geringer als bislang ausgewiesen<\/p>\n<p>Das Bayerische Wirtschaftsministerium hat gemeinsam mit dem Bayerischen Landesamt f\u00fcr Statistik eine neue Methodik entwickelt, um den Stromverbrauch in Bayern realit\u00e4tsn\u00e4her zu erfassen. R\u00fcckwirkend ab dem Berichtsjahr 2012 wird der Stromverbrauch in Bayern k\u00fcnftig auf Basis der tats\u00e4chlichen physischen Stromabgabe an Letztverbraucher berechnet.<\/p>\n<p><a href=\"https:\/\/www.frankensicht.de\/?attachment_id=4796\" rel=\"attachment wp-att-4796\"><img loading=\"lazy\" decoding=\"async\" class=\"alignnone size-medium wp-image-4796\" src=\"https:\/\/www.frankensicht.de\/wp-content\/uploads\/2012\/12\/steckdose1-300x225.jpg\" alt=\"\" width=\"300\" height=\"225\" srcset=\"https:\/\/www.frankensicht.de\/wp-content\/uploads\/2012\/12\/steckdose1-300x225.jpg 300w, https:\/\/www.frankensicht.de\/wp-content\/uploads\/2012\/12\/steckdose1.jpg 640w\" sizes=\"auto, (max-width: 300px) 100vw, 300px\" \/><\/a><\/p>\n<p>F\u00fcr die Jahre ab 2012 ergibt sich auf Grund der neuen Berechnungsmethodik f\u00fcr den Stromverbrauch in Bayern ein niedrigeres Niveau als bisher berechnet. Im Ergebnis liegt der Stromverbrauch im Freistaat f\u00fcr das Jahr 2012 um 7 % und f\u00fcr 2013 um knapp 11 % niedriger als bislang angenommen.<\/p>\n<p>Zudem ist der Stromverbrauch in den Jahren 2012 bis 2014 moderat r\u00fcckl\u00e4ufig. Der hierbei etwas deutlichere R\u00fcckgang von 2013 auf 2014 begr\u00fcndet sich in der milden Witterung und ist bundesweit in \u00e4hnlicher H\u00f6he zu beobachten.<\/p>\n<p>Die neue Berechnungsmethodik korrigiert die Unsch\u00e4rfe, die sich aus der bislang auf einer Erhebung des Stromabsatzes bei den deutschen Stromh\u00e4ndlern beruhenden Berechnung ergibt. Differenzen zwischen Stromabsatz nach Rechnungsadresse und tats\u00e4chlicher Stromabgabe sowie L\u00fccken beim direkten Bezug von Strom an der Stromb\u00f6rse und aus dem Ausland werden mit der neuen Methodik vermieden.<\/p>\n<p>Der Zeitbedarf f\u00fcr die Energiebilanzierung betr\u00e4gt aufgrund der komplexen Datenlage und -zusammenf\u00fchrung ca. zwei Jahre. F\u00fcr die Jahre 2015 und 2016 liegen daher bisher nur Prognosewerte vor, nach denen wieder mit einem leicht h\u00f6heren Stromverbrauch zu rechnen ist.<\/p>\n<p>Die neue Methodik wird in das Methodikhandbuch des L\u00e4nderarbeitskreises Energiebilanzen aufgenommen und kann daher von allen Bundesl\u00e4ndern angewendet werden.<\/p>\n<p>Die Energiebilanz 2014, die revidierten Energiebilanzen 2012 und 2013 sowie die aktuelle Prognose des IE Leipzig sind unter https:\/\/www.stmwi.bayern.de\/energie-rohstoffe\/daten-fakten\/ ver\u00f6ffentlicht.<\/p>\n<p>Quelle: stmwi.bayern.de<\/p>\n","protected":false},"excerpt":{"rendered":"<p>M\u00fcnchen: Energiebilanz 2014 ver\u00f6ffentlicht\/Energiebilanzen 2012 und 2013 revidiert Bayerns Stromverbrauch geringer als bislang ausgewiesen Das Bayerische Wirtschaftsministerium hat gemeinsam mit dem Bayerischen Landesamt f\u00fcr Statistik eine neue Methodik entwickelt, um den Stromverbrauch in Bayern realit\u00e4tsn\u00e4her zu erfassen. R\u00fcckwirkend ab dem Berichtsjahr 2012 wird der Stromverbrauch in Bayern k\u00fcnftig auf Basis der tats\u00e4chlichen physischen Stromabgabe an [&hellip;]<\/p>\n","protected":false},"author":7,"featured_media":4796,"comment_status":"closed","ping_status":"open","sticky":false,"template":"","format":"standard","meta":{"footnotes":""},"categories":[78,383,71],"tags":[2390],"class_list":["post-11167","post","type-post","status-publish","format-standard","has-post-thumbnail","hentry","category-bayern","category-energie","category-menue","tag-energieverbrauch-bayern"],"_links":{"self":[{"href":"https:\/\/www.frankensicht.de\/index.php?rest_route=\/wp\/v2\/posts\/11167","targetHints":{"allow":["GET"]}}],"collection":[{"href":"https:\/\/www.frankensicht.de\/index.php?rest_route=\/wp\/v2\/posts"}],"about":[{"href":"https:\/\/www.frankensicht.de\/index.php?rest_route=\/wp\/v2\/types\/post"}],"author":[{"embeddable":true,"href":"https:\/\/www.frankensicht.de\/index.php?rest_route=\/wp\/v2\/users\/7"}],"replies":[{"embeddable":true,"href":"https:\/\/www.frankensicht.de\/index.php?rest_route=%2Fwp%2Fv2%2Fcomments&post=11167"}],"version-history":[{"count":1,"href":"https:\/\/www.frankensicht.de\/index.php?rest_route=\/wp\/v2\/posts\/11167\/revisions"}],"predecessor-version":[{"id":11168,"href":"https:\/\/www.frankensicht.de\/index.php?rest_route=\/wp\/v2\/posts\/11167\/revisions\/11168"}],"wp:featuredmedia":[{"embeddable":true,"href":"https:\/\/www.frankensicht.de\/index.php?rest_route=\/wp\/v2\/media\/4796"}],"wp:attachment":[{"href":"https:\/\/www.frankensicht.de\/index.php?rest_route=%2Fwp%2Fv2%2Fmedia&parent=11167"}],"wp:term":[{"taxonomy":"category","embeddable":true,"href":"https:\/\/www.frankensicht.de\/index.php?rest_route=%2Fwp%2Fv2%2Fcategories&post=11167"},{"taxonomy":"post_tag","embeddable":true,"href":"https:\/\/www.frankensicht.de\/index.php?rest_route=%2Fwp%2Fv2%2Ftags&post=11167"}],"curies":[{"name":"wp","href":"https:\/\/api.w.org\/{rel}","templated":true}]}}