{"id":11153,"date":"2017-11-05T09:30:39","date_gmt":"2017-11-05T08:30:39","guid":{"rendered":"http:\/\/www.frankensicht.de\/?p=11153"},"modified":"2017-11-05T09:30:39","modified_gmt":"2017-11-05T08:30:39","slug":"odilo-lechners-wohltaetiges-wirken-und-wertschaetzende-art-werden-in-erinnerung-bleiben","status":"publish","type":"post","link":"https:\/\/www.frankensicht.de\/?p=11153","title":{"rendered":"&#8222;Odilo Lechners wohlt\u00e4tiges Wirken und wertsch\u00e4tzende Art werden in Erinnerung bleiben&#8220;"},"content":{"rendered":"<p><span style=\"color: #ff0000;\">M\u00fcnchen:<\/span><\/p>\n<p>&#8222;Odilo Lechners wohlt\u00e4tiges Wirken und wertsch\u00e4tzende Art werden in Erinnerung bleiben&#8220; &#8211; Kultusminister Dr. Ludwig Spaenle zum Tod von Benediktinerabt Odilo Lechner<\/p>\n<p><a href=\"https:\/\/www.frankensicht.de\/?attachment_id=11154\" rel=\"attachment wp-att-11154\"><img loading=\"lazy\" decoding=\"async\" class=\"alignnone size-medium wp-image-11154\" src=\"https:\/\/www.frankensicht.de\/wp-content\/uploads\/2017\/11\/IMG-20151228-WA0002-225x300.jpg\" alt=\"\" width=\"225\" height=\"300\" srcset=\"https:\/\/www.frankensicht.de\/wp-content\/uploads\/2017\/11\/IMG-20151228-WA0002-225x300.jpg 225w, https:\/\/www.frankensicht.de\/wp-content\/uploads\/2017\/11\/IMG-20151228-WA0002-768x1024.jpg 768w, https:\/\/www.frankensicht.de\/wp-content\/uploads\/2017\/11\/IMG-20151228-WA0002.jpg 1200w\" sizes=\"auto, (max-width: 225px) 100vw, 225px\" \/><\/a><\/p>\n<p>&#8222;Odilo Lechner hat als Abt der Benediktinerabtei St. Bonifaz im Herzen M\u00fcnchens \u00fcber Jahrzehnte hinweg das Kloster geistlich gepr\u00e4gt. Er begleitete viele Menschen als Ratgeber und Seelsorger und wurde als wertvoller Gespr\u00e4chspartner gesch\u00e4tzt&#8220;, w\u00fcrdigte Kultusminister Dr. Ludwig Spaenle die Pers\u00f6nlichkeit des heute verstorbenen Abts Odilo Lechner. &#8222;Besonders lag dem Geistlichen das Wohl der bed\u00fcrftigen Menschen am Herzen. Sein wohlt\u00e4tiges Wirken wie auch seine wertsch\u00e4tzende Art werden in Erinnerung bleiben.&#8220;<\/p>\n<p>Odilo Lechner starb heute im Alter von 86 Jahren in St. Bonifaz. Er wurde 1964 zum Abt von St. Bonifaz und Andechs gew\u00e4hlt. Die Abtei im Herzen der bayerischen Landeshauptstadt leitete der M\u00f6nch, der Tr\u00e4ger des Bayerischen Verdienstordens war, 39 Jahre lang.<\/p>\n<p>Quelle: stmbw.bayern.de<\/p>\n","protected":false},"excerpt":{"rendered":"<p>M\u00fcnchen: &#8222;Odilo Lechners wohlt\u00e4tiges Wirken und wertsch\u00e4tzende Art werden in Erinnerung bleiben&#8220; &#8211; Kultusminister Dr. Ludwig Spaenle zum Tod von Benediktinerabt Odilo Lechner &#8222;Odilo Lechner hat als Abt der Benediktinerabtei St. Bonifaz im Herzen M\u00fcnchens \u00fcber Jahrzehnte hinweg das Kloster geistlich gepr\u00e4gt. Er begleitete viele Menschen als Ratgeber und Seelsorger und wurde als wertvoller Gespr\u00e4chspartner [&hellip;]<\/p>\n","protected":false},"author":7,"featured_media":11154,"comment_status":"closed","ping_status":"open","sticky":false,"template":"","format":"standard","meta":{"footnotes":""},"categories":[78,71],"tags":[2388],"class_list":["post-11153","post","type-post","status-publish","format-standard","has-post-thumbnail","hentry","category-bayern","category-menue","tag-odiko-lechner"],"_links":{"self":[{"href":"https:\/\/www.frankensicht.de\/index.php?rest_route=\/wp\/v2\/posts\/11153","targetHints":{"allow":["GET"]}}],"collection":[{"href":"https:\/\/www.frankensicht.de\/index.php?rest_route=\/wp\/v2\/posts"}],"about":[{"href":"https:\/\/www.frankensicht.de\/index.php?rest_route=\/wp\/v2\/types\/post"}],"author":[{"embeddable":true,"href":"https:\/\/www.frankensicht.de\/index.php?rest_route=\/wp\/v2\/users\/7"}],"replies":[{"embeddable":true,"href":"https:\/\/www.frankensicht.de\/index.php?rest_route=%2Fwp%2Fv2%2Fcomments&post=11153"}],"version-history":[{"count":1,"href":"https:\/\/www.frankensicht.de\/index.php?rest_route=\/wp\/v2\/posts\/11153\/revisions"}],"predecessor-version":[{"id":11155,"href":"https:\/\/www.frankensicht.de\/index.php?rest_route=\/wp\/v2\/posts\/11153\/revisions\/11155"}],"wp:featuredmedia":[{"embeddable":true,"href":"https:\/\/www.frankensicht.de\/index.php?rest_route=\/wp\/v2\/media\/11154"}],"wp:attachment":[{"href":"https:\/\/www.frankensicht.de\/index.php?rest_route=%2Fwp%2Fv2%2Fmedia&parent=11153"}],"wp:term":[{"taxonomy":"category","embeddable":true,"href":"https:\/\/www.frankensicht.de\/index.php?rest_route=%2Fwp%2Fv2%2Fcategories&post=11153"},{"taxonomy":"post_tag","embeddable":true,"href":"https:\/\/www.frankensicht.de\/index.php?rest_route=%2Fwp%2Fv2%2Ftags&post=11153"}],"curies":[{"name":"wp","href":"https:\/\/api.w.org\/{rel}","templated":true}]}}