{"id":11139,"date":"2017-11-02T08:11:28","date_gmt":"2017-11-02T07:11:28","guid":{"rendered":"http:\/\/www.frankensicht.de\/?p=11139"},"modified":"2017-11-02T08:11:28","modified_gmt":"2017-11-02T07:11:28","slug":"mittelstand-4-0-kompetenzzentrum-planen-und-bauen-heute-gestartet","status":"publish","type":"post","link":"https:\/\/www.frankensicht.de\/?p=11139","title":{"rendered":"Mittelstand 4.0-Kompetenzzentrum Planen und Bauen heute gestartet"},"content":{"rendered":"<p><span style=\"color: #ff0000;\">Berlin:<\/span><\/p>\n<p>Mittelstand 4.0-Kompetenzzentrum Planen und Bauen heute gestartet<\/p>\n<p>Heute startet das \u201eMittelstand 4.0-Kompetenzzentrum Planen und Bauen\u201c. Das Kompetenzzentrum Planen<br \/>\nund Bauen ist eines von mittlerweile insgesamt zwanzig \u201eMittelstand 4.0-Kompetenzzentren\u201c, die das<br \/>\nBundeswirtschaftsministerium seit Ende 2015 ins Leben gerufen hat. Die Kompetenzzentren<br \/>\nunterst\u00fctzen mittelst\u00e4ndische Unternehmen und Handwerksbetriebe bei der Digitalisierung ihrer<br \/>\nGesch\u00e4ftsmodelle, Arbeit 4.0 sowie Vernetzung und Anwendung von Industrie 4.0. Das heute er\u00f6ffnete<br \/>\nKompetenzzentrum Planen und Bauen hat einen thematischen Fokus und wird bundesweit Unterst\u00fctzung<br \/>\nf\u00fcr das Thema Digitalisierung in der Bau- und Immobilienwirtschaft entlang aller Phasen des Bauens<br \/>\nvon der Projektierung bis zum Betrieb bieten.<\/p>\n<p><a href=\"https:\/\/www.frankensicht.de\/?attachment_id=1457\" rel=\"attachment wp-att-1457\"><img loading=\"lazy\" decoding=\"async\" class=\"alignnone size-full wp-image-1457\" src=\"https:\/\/www.frankensicht.de\/wp-content\/uploads\/2012\/05\/StatPressCN-\u2039-frankensicht.de-\u2014-WordPress_1336737358340.jpeg\" alt=\"\" width=\"235\" height=\"119\" \/><\/a><br \/>\nBundeswirtschaftsministerin Zypries hierzu: \u201eKleine und mittlere Unternehmen brauchen staatliche<br \/>\nUnterst\u00fctzung, um die Herausforderungen der Digitalisierung meistern zu k\u00f6nnen. F\u00fcr viele<br \/>\nMittelst\u00e4ndler ist die Digitalisierung weiterhin eine Mammutaufgabe. Gerade die Bau- und<br \/>\nImmobilienwirtschaft mit ihrer eher kleinteiligen Struktur hat hier besondere Herausforderungen zu<br \/>\nmeistern. Daf\u00fcr wollen wir sensibilisieren und durch zielgruppengerechte Informations- und<br \/>\nWeiterbildungsangebote unterst\u00fctzen. Ich freue mich, dass wir mit dem Start des neuen<br \/>\n\u201aKompetenzzentrums Planen und Bauen\u2018 mittlerweile das zwanzigste Mittelstand 4.0-Kompetenzzentrum<br \/>\nauf den Weg gebracht haben und unserem Ziel nach einem engmaschigen und fl\u00e4chendeckenden<br \/>\nUnterst\u00fctzungs-Netzwerk wieder ein gro\u00dfes St\u00fcck n\u00e4her gekommen sind.\u201c<br \/>\nNeben den bislang vor allem regional ausgerichteten Kompetenzzentren nimmt mit dem Start des<br \/>\nKompetenzzentrums Planen und Bauen auch die Arbeit der thematischen Kompetenzzentren Fahrt auf.<br \/>\nHierzu geh\u00f6ren die in den letzten Wochen ebenfalls eingerichteten Zentren \u201eeStandards\u201c und<br \/>\n\u201eTextil-vernetzt\u201c.<br \/>\nDas \u201eMittelstand 4.0-Kompetenzzentrum Planen und Bauen\u201c wird mit ca. 5,2 Millionen Euro in den<br \/>\nn\u00e4chsten drei Jahren durch das Bundeswirtschaftsministerium gef\u00f6rdert. Es steht unter der Leitung<br \/>\ndes Fraunhofer-Instituts f\u00fcr Bauphysik und wird mit den Partnern Jade Hochschule Wilhelmshaven, den<br \/>\nFraunhofer-Instituten f\u00fcr Fabrikbetrieb und -automatisierung sowie f\u00fcr Arbeitswissenschaft und<br \/>\nOrganisation, dem Institut f\u00fcr Mittelstandsforschung an der Universit\u00e4t Mannheim und dem<br \/>\n\u201eeBusiness-KompetenzZentrum\u201c in Kaiserslautern konkrete Anlaufpunkte f\u00fcr Themen als auch regionale<br \/>\nSt\u00fctzpunkte anbieten.<\/p>\n<p>http:\/\/www.bmwi.de\/Redaktion\/DE\/Pressemitteilungen\/2017\/20171101-mittelstand-40-kompetenzzentrum-planen-und-bauen-heute-gestartet.html<\/p>\n<p>Quelle: bmwi.bund.de<\/p>\n<p>____________________________________________________________________________________________________<\/p>\n","protected":false},"excerpt":{"rendered":"<p>Berlin: Mittelstand 4.0-Kompetenzzentrum Planen und Bauen heute gestartet Heute startet das \u201eMittelstand 4.0-Kompetenzzentrum Planen und Bauen\u201c. Das Kompetenzzentrum Planen und Bauen ist eines von mittlerweile insgesamt zwanzig \u201eMittelstand 4.0-Kompetenzzentren\u201c, die das Bundeswirtschaftsministerium seit Ende 2015 ins Leben gerufen hat. Die Kompetenzzentren unterst\u00fctzen mittelst\u00e4ndische Unternehmen und Handwerksbetriebe bei der Digitalisierung ihrer Gesch\u00e4ftsmodelle, Arbeit 4.0 sowie Vernetzung [&hellip;]<\/p>\n","protected":false},"author":7,"featured_media":1457,"comment_status":"closed","ping_status":"open","sticky":false,"template":"","format":"standard","meta":{"footnotes":""},"categories":[44,3],"tags":[2384],"class_list":["post-11139","post","type-post","status-publish","format-standard","has-post-thumbnail","hentry","category-deutschland-2","category-news","tag-mittelstand-4-0"],"_links":{"self":[{"href":"https:\/\/www.frankensicht.de\/index.php?rest_route=\/wp\/v2\/posts\/11139","targetHints":{"allow":["GET"]}}],"collection":[{"href":"https:\/\/www.frankensicht.de\/index.php?rest_route=\/wp\/v2\/posts"}],"about":[{"href":"https:\/\/www.frankensicht.de\/index.php?rest_route=\/wp\/v2\/types\/post"}],"author":[{"embeddable":true,"href":"https:\/\/www.frankensicht.de\/index.php?rest_route=\/wp\/v2\/users\/7"}],"replies":[{"embeddable":true,"href":"https:\/\/www.frankensicht.de\/index.php?rest_route=%2Fwp%2Fv2%2Fcomments&post=11139"}],"version-history":[{"count":2,"href":"https:\/\/www.frankensicht.de\/index.php?rest_route=\/wp\/v2\/posts\/11139\/revisions"}],"predecessor-version":[{"id":11141,"href":"https:\/\/www.frankensicht.de\/index.php?rest_route=\/wp\/v2\/posts\/11139\/revisions\/11141"}],"wp:featuredmedia":[{"embeddable":true,"href":"https:\/\/www.frankensicht.de\/index.php?rest_route=\/wp\/v2\/media\/1457"}],"wp:attachment":[{"href":"https:\/\/www.frankensicht.de\/index.php?rest_route=%2Fwp%2Fv2%2Fmedia&parent=11139"}],"wp:term":[{"taxonomy":"category","embeddable":true,"href":"https:\/\/www.frankensicht.de\/index.php?rest_route=%2Fwp%2Fv2%2Fcategories&post=11139"},{"taxonomy":"post_tag","embeddable":true,"href":"https:\/\/www.frankensicht.de\/index.php?rest_route=%2Fwp%2Fv2%2Ftags&post=11139"}],"curies":[{"name":"wp","href":"https:\/\/api.w.org\/{rel}","templated":true}]}}