{"id":11127,"date":"2017-10-29T08:38:00","date_gmt":"2017-10-29T07:38:00","guid":{"rendered":"http:\/\/www.frankensicht.de\/?p=11127"},"modified":"2017-10-29T08:38:00","modified_gmt":"2017-10-29T07:38:00","slug":"investitionen-in-neubau-des-fakultaetsgebaeudes-bestens-angelegt","status":"publish","type":"post","link":"https:\/\/www.frankensicht.de\/?p=11127","title":{"rendered":"&#8222;Investitionen in Neubau des Fakult\u00e4tsgeb\u00e4udes bestens angelegt&#8220;"},"content":{"rendered":"<p><span style=\"color: #ff0000;\">Regensburg:<\/span><\/p>\n<p>&nbsp;<\/p>\n<p>&#8222;Investitionen in Neubau des Fakult\u00e4tsgeb\u00e4udes bestens angelegt&#8220; &#8211; Wissenschaftsminister Dr. Ludwig Spaenle bei Einweihung des Fakult\u00e4tsgeb\u00e4udes Informatik und Mathematik an der OTH Regensburg &#8211; Freistaat investierte rund 30 Millionen Euro in Neubau<\/p>\n<p><a href=\"https:\/\/www.frankensicht.de\/?attachment_id=4845\" rel=\"attachment wp-att-4845\"><img loading=\"lazy\" decoding=\"async\" class=\"alignnone size-medium wp-image-4845\" src=\"https:\/\/www.frankensicht.de\/wp-content\/uploads\/2012\/12\/1euro-300x225.jpg\" alt=\"\" width=\"300\" height=\"225\" srcset=\"https:\/\/www.frankensicht.de\/wp-content\/uploads\/2012\/12\/1euro-300x225.jpg 300w, https:\/\/www.frankensicht.de\/wp-content\/uploads\/2012\/12\/1euro.jpg 640w\" sizes=\"auto, (max-width: 300px) 100vw, 300px\" \/><\/a><\/p>\n<p>&#8222;Der Neubau des Fakult\u00e4tsgeb\u00e4udes Informatik und Mathematik schafft nun auf mehr als 5.000 Quadratmetern optimale Rahmenbedingungen f\u00fcr Lehre, Forschung und Verwaltung. Ich bin \u00fcberzeugt, dass die Investition von rund 30 Millionen Euro an der Ostbayerischen Technischen Hochschule (OTH) Regensburg bestens angelegt ist&#8220;, betonte Bayerns Wissenschaftsminister Dr. Ludwig Spaenle heute bei der Einweihung des Neubaus in Regensburg. Innerhalb von zehn Jahren haben sich die Studierendenzahlen an der OTH Regensburg fast verdoppelt auf nunmehr rund 10.800 Studierende. Eine Entwicklung, deren Ursache Minister Spaenle auch auf die positive Entwicklung der OTH Regensburg zur\u00fcckf\u00fchrt: &#8222;Seit fast 50 Jahren ist die Hochschule Regensburg nun schon auf Erfolgskurs. Im Kern steht dabei die F\u00e4higkeit der Hochschule, bew\u00e4hrte Konzepte mit innovativen Ans\u00e4tzen zu verbinden. Damit hat sich die OTH Regensburg den Ruf einer hochwertigen und qualit\u00e4tsvollen Lehre erarbeitet.&#8220; F\u00fcr ihre<br \/>\nQualit\u00e4tssicherung in der Lehre ist die Hochschule im September 2017 mit der Systemakkreditierung durch die Akkreditierungsagentur AQAS ausgezeichnet worden.<\/p>\n<p>F\u00fcr die Zukunft k\u00fcndigte der Minister an, bis zum Wintersemester 2020\/2021 die Standorte der OTH zu einem &#8222;Campus der kurzen Wege&#8220; zusammenzuf\u00fchren. Neben dem im Oktober 2016 eingeweihten Haus der Technik und dem neuen Fakult\u00e4tsgeb\u00e4ude Informatik und Mathematik sind weitere Neubauten f\u00fcr die Architektur und die Hochschulverwaltung geplant. &#8222;Insgesamt investiert der Freistaat hier \u00fcber 100 Millionen Euro &#8211; f\u00fcr eine gute Zukunft des Standorts Regensburg und der gesamten Bayerischen Wissenschaftslandschaft&#8220;, so der Minister abschlie\u00dfend.<\/p>\n<p>Quelle: stmbw.bayern.de<\/p>\n<p>&nbsp;<\/p>\n","protected":false},"excerpt":{"rendered":"<p>Regensburg: &nbsp; &#8222;Investitionen in Neubau des Fakult\u00e4tsgeb\u00e4udes bestens angelegt&#8220; &#8211; Wissenschaftsminister Dr. Ludwig Spaenle bei Einweihung des Fakult\u00e4tsgeb\u00e4udes Informatik und Mathematik an der OTH Regensburg &#8211; Freistaat investierte rund 30 Millionen Euro in Neubau &#8222;Der Neubau des Fakult\u00e4tsgeb\u00e4udes Informatik und Mathematik schafft nun auf mehr als 5.000 Quadratmetern optimale Rahmenbedingungen f\u00fcr Lehre, Forschung und Verwaltung. [&hellip;]<\/p>\n","protected":false},"author":7,"featured_media":4845,"comment_status":"closed","ping_status":"open","sticky":false,"template":"","format":"standard","meta":{"footnotes":""},"categories":[78,71],"tags":[2381],"class_list":["post-11127","post","type-post","status-publish","format-standard","has-post-thumbnail","hentry","category-bayern","category-menue","tag-regensburg"],"_links":{"self":[{"href":"https:\/\/www.frankensicht.de\/index.php?rest_route=\/wp\/v2\/posts\/11127","targetHints":{"allow":["GET"]}}],"collection":[{"href":"https:\/\/www.frankensicht.de\/index.php?rest_route=\/wp\/v2\/posts"}],"about":[{"href":"https:\/\/www.frankensicht.de\/index.php?rest_route=\/wp\/v2\/types\/post"}],"author":[{"embeddable":true,"href":"https:\/\/www.frankensicht.de\/index.php?rest_route=\/wp\/v2\/users\/7"}],"replies":[{"embeddable":true,"href":"https:\/\/www.frankensicht.de\/index.php?rest_route=%2Fwp%2Fv2%2Fcomments&post=11127"}],"version-history":[{"count":1,"href":"https:\/\/www.frankensicht.de\/index.php?rest_route=\/wp\/v2\/posts\/11127\/revisions"}],"predecessor-version":[{"id":11128,"href":"https:\/\/www.frankensicht.de\/index.php?rest_route=\/wp\/v2\/posts\/11127\/revisions\/11128"}],"wp:featuredmedia":[{"embeddable":true,"href":"https:\/\/www.frankensicht.de\/index.php?rest_route=\/wp\/v2\/media\/4845"}],"wp:attachment":[{"href":"https:\/\/www.frankensicht.de\/index.php?rest_route=%2Fwp%2Fv2%2Fmedia&parent=11127"}],"wp:term":[{"taxonomy":"category","embeddable":true,"href":"https:\/\/www.frankensicht.de\/index.php?rest_route=%2Fwp%2Fv2%2Fcategories&post=11127"},{"taxonomy":"post_tag","embeddable":true,"href":"https:\/\/www.frankensicht.de\/index.php?rest_route=%2Fwp%2Fv2%2Ftags&post=11127"}],"curies":[{"name":"wp","href":"https:\/\/api.w.org\/{rel}","templated":true}]}}