{"id":11122,"date":"2017-10-28T08:17:34","date_gmt":"2017-10-28T06:17:34","guid":{"rendered":"http:\/\/www.frankensicht.de\/?p=11122"},"modified":"2017-10-28T08:17:34","modified_gmt":"2017-10-28T06:17:34","slug":"hochwasserschutz","status":"publish","type":"post","link":"https:\/\/www.frankensicht.de\/?p=11122","title":{"rendered":"Hochwasserschutz"},"content":{"rendered":"<p><span style=\"color: #ff0000;\">M\u00fcnchen:<\/span><\/p>\n<p>Scharf: Hochwasserschutz ist Zukunftsverantwortung<br \/>\nSchutz f\u00fcr Regensburg wird ausgebaut<\/p>\n<p>Der Freistaat l\u00e4sst beim Ausbau des Hochwasserschutzes nicht nach. Das betonte die Bayerische Umweltministerin Ulrike Scharf heute beim Spatenstich f\u00fcr einen weiteren Bauabschnitt zum Schutz der Stadt Regensburg. &#8222;Jede erfolgreich abgeschlossene Hochwasserschutzma\u00dfnahme ist ein St\u00fcck Zukunftsverantwortung. Deshalb treiben wir die vielen Einzelprojekte im Freistaat konsequent voran. Mit dem heute offiziell begonnen Bauabschnitt sch\u00fctzen wir k\u00fcnftig weitere 110 Betriebe, 800 Arbeitspl\u00e4tze und 1.200 Menschen vor den Fluten von Donau und Regen. Gleichzeitig bedeutet moderner Hochwasserschutz mehr Lebensqualit\u00e4t f\u00fcr die Menschen am Fluss&#8220;, so Scharf. F\u00fcr die Bauma\u00dfnahmen investieren der Freistaat Bayern und die Stadt Regensburg mit Unterst\u00fctzung der EU sieben Millionen Euro. In rund eineinhalb Jahren sollen die Ma\u00dfnahmen abgeschlossen sein.<\/p>\n<p><a href=\"https:\/\/www.frankensicht.de\/?attachment_id=10666\" rel=\"attachment wp-att-10666\"><img loading=\"lazy\" decoding=\"async\" class=\"alignnone size-medium wp-image-10666\" src=\"https:\/\/www.frankensicht.de\/wp-content\/uploads\/2017\/05\/trinkwasser-300x225.jpg\" alt=\"\" width=\"300\" height=\"225\" srcset=\"https:\/\/www.frankensicht.de\/wp-content\/uploads\/2017\/05\/trinkwasser-300x225.jpg 300w, https:\/\/www.frankensicht.de\/wp-content\/uploads\/2017\/05\/trinkwasser-768x576.jpg 768w, https:\/\/www.frankensicht.de\/wp-content\/uploads\/2017\/05\/trinkwasser-1024x768.jpg 1024w, https:\/\/www.frankensicht.de\/wp-content\/uploads\/2017\/05\/trinkwasser.jpg 1280w\" sizes=\"auto, (max-width: 300px) 100vw, 300px\" \/><\/a><\/p>\n<p>Bei der Umgestaltung des Flussufers im Bereich Steinweg werden Aspekte der Landschafts- und Stadtplanung, der Verkehrsplanung und der Gew\u00e4sserentwicklung ber\u00fccksichtigt. So wird beispielsweise ein Busparkplatz in einen attraktiven Platz mit Aussicht auf die M\u00fcndung des Regens umgewandelt. Daran angebunden wird ein Weg, auf dem Radfahrer schneller und einfacher in die Stadt kommen. Auch ein angrenzendes Sportgel\u00e4nde wird in die Planungen eingebunden. Der Hochwasserschutz f\u00fcr die Stadt Regensburg ist insgesamt eines der technisch anspruchsvollsten und gr\u00f6\u00dften laufenden Hochwasserschutzprojekte des Freistaats. Es soll in 18 einzelnen Bauabschnitten umgesetzt werden. Das Gesamtvolumen der Ma\u00dfnahmen liegt bei rund 100 Millionen Euro. Es wird gemeinsam vom Freistaat, der Stadt Regensburg und der EU getragen. Bayernweit wird der Freistaat bis 2020 rund 3,4 Milliarden Euro f\u00fcr den Ausbau des Hochwasserschutzes investieren.<\/p>\n","protected":false},"excerpt":{"rendered":"<p>M\u00fcnchen: Scharf: Hochwasserschutz ist Zukunftsverantwortung Schutz f\u00fcr Regensburg wird ausgebaut Der Freistaat l\u00e4sst beim Ausbau des Hochwasserschutzes nicht nach. Das betonte die Bayerische Umweltministerin Ulrike Scharf heute beim Spatenstich f\u00fcr einen weiteren Bauabschnitt zum Schutz der Stadt Regensburg. &#8222;Jede erfolgreich abgeschlossene Hochwasserschutzma\u00dfnahme ist ein St\u00fcck Zukunftsverantwortung. Deshalb treiben wir die vielen Einzelprojekte im Freistaat konsequent [&hellip;]<\/p>\n","protected":false},"author":7,"featured_media":5014,"comment_status":"closed","ping_status":"open","sticky":false,"template":"","format":"standard","meta":{"footnotes":""},"categories":[78,71],"tags":[2379],"class_list":["post-11122","post","type-post","status-publish","format-standard","has-post-thumbnail","hentry","category-bayern","category-menue","tag-land-unter"],"_links":{"self":[{"href":"https:\/\/www.frankensicht.de\/index.php?rest_route=\/wp\/v2\/posts\/11122","targetHints":{"allow":["GET"]}}],"collection":[{"href":"https:\/\/www.frankensicht.de\/index.php?rest_route=\/wp\/v2\/posts"}],"about":[{"href":"https:\/\/www.frankensicht.de\/index.php?rest_route=\/wp\/v2\/types\/post"}],"author":[{"embeddable":true,"href":"https:\/\/www.frankensicht.de\/index.php?rest_route=\/wp\/v2\/users\/7"}],"replies":[{"embeddable":true,"href":"https:\/\/www.frankensicht.de\/index.php?rest_route=%2Fwp%2Fv2%2Fcomments&post=11122"}],"version-history":[{"count":1,"href":"https:\/\/www.frankensicht.de\/index.php?rest_route=\/wp\/v2\/posts\/11122\/revisions"}],"predecessor-version":[{"id":11123,"href":"https:\/\/www.frankensicht.de\/index.php?rest_route=\/wp\/v2\/posts\/11122\/revisions\/11123"}],"wp:featuredmedia":[{"embeddable":true,"href":"https:\/\/www.frankensicht.de\/index.php?rest_route=\/wp\/v2\/media\/5014"}],"wp:attachment":[{"href":"https:\/\/www.frankensicht.de\/index.php?rest_route=%2Fwp%2Fv2%2Fmedia&parent=11122"}],"wp:term":[{"taxonomy":"category","embeddable":true,"href":"https:\/\/www.frankensicht.de\/index.php?rest_route=%2Fwp%2Fv2%2Fcategories&post=11122"},{"taxonomy":"post_tag","embeddable":true,"href":"https:\/\/www.frankensicht.de\/index.php?rest_route=%2Fwp%2Fv2%2Ftags&post=11122"}],"curies":[{"name":"wp","href":"https:\/\/api.w.org\/{rel}","templated":true}]}}