{"id":11120,"date":"2017-10-27T08:32:11","date_gmt":"2017-10-27T06:32:11","guid":{"rendered":"http:\/\/www.frankensicht.de\/?p=11120"},"modified":"2017-10-27T08:32:11","modified_gmt":"2017-10-27T06:32:11","slug":"bilungsausschuss-bayern","status":"publish","type":"post","link":"https:\/\/www.frankensicht.de\/?p=11120","title":{"rendered":"bilungsausschuss Bayern"},"content":{"rendered":"<p><span style=\"color: #ff0000;\">M\u00fcnchen:<\/span><\/p>\n<p>Kultusminister Spaenle informiert Bildungsausschuss des Bayerischen Landtags \u00fcber den Stand der Arbeiten f\u00fcr das neue neunj\u00e4hrige Gymnasium &#8211; Bildungspaket als solide Grundlage<\/p>\n<p>&nbsp;<\/p>\n<p>Minister Spaenle: &#8222;Wir entwickeln das bayerische Gymnasium konsequent auf der H\u00f6he der Zeit weiter &#8211; Mehr Lernzeit f\u00fcr Sch\u00fclerinnen und Sch\u00fcler&#8220;<\/p>\n<p>Bayerns Kultusminister Dr. Ludwig Spaenle hat heute den Bildungsausschuss des Landtags informiert: &#8222;Wir entwickeln das bayerische Gymnasium konsequent auf der H\u00f6he der Zeit weiter &#8211; und zwar mit der gymnasialen Schulfamilie. Es wird ein Gymnasium, das grundst\u00e4ndig auf neun Jahre angelegt ist, aber individuell die M\u00f6glichkeit einer achtj\u00e4hrigen p\u00e4dagogisch begleiteten Lernzeit er\u00f6ffnet. Stichworte beim neuen bayerischen Gymnasium sind: mehr Lernzeit, mehr digitale und politische Bildung, starke Kernf\u00e4cher und Naturwissenschaften sowie eine zeitgem\u00e4\u00dfe gymnasiale P\u00e4dagogik mit dem inhalts- und kompetenzorientierten LehrplanPLUS. Auch bei der beruflichen Orientierung setzen wir neue Akzente. Die Vorbereitungen sind in vollem Gang. Wir k\u00f6nnen zum n\u00e4chsten Schuljahr 2018\/2019, wenn der Bayerische Landtag dem Gesetzentwurf zustimmt, das neue bayerische Gymnasium mit den beiden Jahrgangsstufen 5 und 6 starten.&#8220;<\/p>\n<p><a href=\"https:\/\/www.frankensicht.de\/?attachment_id=2831\" rel=\"attachment wp-att-2831\"><img loading=\"lazy\" decoding=\"async\" class=\"alignnone size-medium wp-image-2831\" src=\"https:\/\/www.frankensicht.de\/wp-content\/uploads\/2012\/06\/schule-300x187.jpg\" alt=\"\" width=\"300\" height=\"187\" srcset=\"https:\/\/www.frankensicht.de\/wp-content\/uploads\/2012\/06\/schule-300x187.jpg 300w, https:\/\/www.frankensicht.de\/wp-content\/uploads\/2012\/06\/schule.jpg 640w\" sizes=\"auto, (max-width: 300px) 100vw, 300px\" \/><\/a><\/p>\n<p>&nbsp;<\/p>\n<p>Vorbereitungen f\u00fcr das neue bayerische Gymnasium voll im Zeitplan<\/p>\n<p>Von den vorbereitenden Ma\u00dfnahmen nannte Minister Spaenle eigens:<\/p>\n<p>das Gesetzgebungsverfahren. Der Gesetzentwurf war dem Landtag im Juli zugeleitet worden. Er ber\u00e4t ihn gegenw\u00e4rtig. Daran schlie\u00dft sich die \u00c4nderung der Schulordnung f\u00fcr die Gymnasien an;die Stundentafel. Sie wurde f\u00fcr die Jahrgangsstufen 5 bis 11 mit der gymnasialen Schulfamilie erarbeitet;die Anpassung des LehrplanPLUS an die verl\u00e4ngerte Lernzeit. Er umfasst die Inhalte und Kompetenzen, die die Sch\u00fclerinnen und Sch\u00fcler w\u00e4hrend der gymnasialen Schullaufbahn erwerben sollen;die M\u00f6glichkeit zur individuellen Verk\u00fcrzung der Lernzeit. Auch hier wird mit der gymnasialen Schulfamilie ein Konzept entwickelt;den Dialog mit den Kommunen in Form von Konsultationen mit den kommunalen Spitzenverb\u00e4nden.Dr. Spaenle bekr\u00e4ftigte die Zusage, die Oberstufe weiterzuentwickeln.<\/p>\n<p>Kultusministerium und gymnasiale Schulfamilie haben Konzept erstellt<\/p>\n<p>Minister Spaenle konkretisierte die Ergebnisse der Arbeit zur Stundentafel: &#8222;Das Kultusministerium hat die Stundentafel f\u00fcr die Jahrgangsstufen 5 bis 11 in enger Abstimmung mit Lehrer-, Direktoren-, Eltern- und Sch\u00fclervertretern ausgearbeitet. Viele F\u00e4cher werden gest\u00e4rkt, keines wird schlechter gestellt. Der Unterricht nach der Stundentafel wird um gut 19 Wochenstunden ausgeweitet. Das bayerische Gymnasium wird ein leistungsorientiertes Gymnasium sein und kein Gymnasium light.&#8220; Der neue LehrplanPLUS wird gegenw\u00e4rtig sorgf\u00e4ltig erarbeitet bzw. an die neunj\u00e4hrige Lernzeit angepasst. F\u00e4cher\u00fcbergreifendes Arbeiten wird ausgeweitet.<\/p>\n<p>&#8222;Unser Ziel ist es, das hohe Qualit\u00e4tsniveau des bayerischen Gymnasiums zu sichern und bei den k\u00fcnftigen Absolventinnen und Absolventen Studierf\u00e4higkeit, vertiefte Allgemeinbildung, Reflexionsf\u00e4higkeit und Verantwortungsbewusstsein sicherzustellen. Mit mehr Berufsorientierung st\u00e4rken wir bei den Sch\u00fclerinnen und Sch\u00fclern auch die F\u00e4higkeit, sich f\u00fcr einen Ausbildungsberuf oder f\u00fcr ein Studium zu entscheiden&#8220;, so der Minister.<\/p>\n<p>Eckpunkte des neuen bayerischen Gymnasiums sind u. a.:<\/p>\n<p>&#8211; die Sicherung der Kernkompetenzen in Deutsch, Mathematik und den Fremdsprachen,<\/p>\n<p>&#8211; die St\u00e4rkung der politischen Bildung,<\/p>\n<p>&#8211; die St\u00e4rkung der digitalen Bildung,<\/p>\n<p>&#8211; die St\u00e4rkung der Naturwissenschaften,<\/p>\n<p>&#8211; die Aufwertung des Profilbereichs,<\/p>\n<p>&#8211; die Konzeption der &#8222;neuen&#8220; Jahrgangsstufe 11 als Einf\u00fchrungsphase der Oberstufe,<\/p>\n<p>&#8211; Angebote der Individuellen F\u00f6rderung sowie<\/p>\n<p>&#8211; eine neue Akzentuierung der beruflichen Orientierung.<\/p>\n<p>Zus\u00e4tzliche Stellen im Bildungspaket &#8222;F\u00fcr Bildung begeistern! F\u00f6rdern, Fordern, Forschen&#8220;<\/p>\n<p>Abschlie\u00dfend betonte Minister Spaenle: &#8222;Das Bildungspaket ,F\u00fcr Bildung begeistern! F\u00f6rdern, Fordern, Forschen&#8216;, das die Bayerische Staatsregierung im April 2017 beschlossen hat, bildet eine solide Grundlage f\u00fcr die Einf\u00fchrung des neuen bayerischen Gymnasiums. Es sieht unter den 2.000 zus\u00e4tzlichen Stellen f\u00fcr alle Schularten auch 1.000 Stellen vor, mit denen wir das neue Gymnasium realisieren k\u00f6nnen.&#8220;<\/p>\n<p>Quelle: stmbw.bayern.de<\/p>\n","protected":false},"excerpt":{"rendered":"<p>M\u00fcnchen: Kultusminister Spaenle informiert Bildungsausschuss des Bayerischen Landtags \u00fcber den Stand der Arbeiten f\u00fcr das neue neunj\u00e4hrige Gymnasium &#8211; Bildungspaket als solide Grundlage &nbsp; Minister Spaenle: &#8222;Wir entwickeln das bayerische Gymnasium konsequent auf der H\u00f6he der Zeit weiter &#8211; Mehr Lernzeit f\u00fcr Sch\u00fclerinnen und Sch\u00fcler&#8220; Bayerns Kultusminister Dr. Ludwig Spaenle hat heute den Bildungsausschuss des [&hellip;]<\/p>\n","protected":false},"author":7,"featured_media":2831,"comment_status":"closed","ping_status":"open","sticky":false,"template":"","format":"standard","meta":{"footnotes":""},"categories":[78,71],"tags":[2378],"class_list":["post-11120","post","type-post","status-publish","format-standard","has-post-thumbnail","hentry","category-bayern","category-menue","tag-bildungsausschuss"],"_links":{"self":[{"href":"https:\/\/www.frankensicht.de\/index.php?rest_route=\/wp\/v2\/posts\/11120","targetHints":{"allow":["GET"]}}],"collection":[{"href":"https:\/\/www.frankensicht.de\/index.php?rest_route=\/wp\/v2\/posts"}],"about":[{"href":"https:\/\/www.frankensicht.de\/index.php?rest_route=\/wp\/v2\/types\/post"}],"author":[{"embeddable":true,"href":"https:\/\/www.frankensicht.de\/index.php?rest_route=\/wp\/v2\/users\/7"}],"replies":[{"embeddable":true,"href":"https:\/\/www.frankensicht.de\/index.php?rest_route=%2Fwp%2Fv2%2Fcomments&post=11120"}],"version-history":[{"count":1,"href":"https:\/\/www.frankensicht.de\/index.php?rest_route=\/wp\/v2\/posts\/11120\/revisions"}],"predecessor-version":[{"id":11121,"href":"https:\/\/www.frankensicht.de\/index.php?rest_route=\/wp\/v2\/posts\/11120\/revisions\/11121"}],"wp:featuredmedia":[{"embeddable":true,"href":"https:\/\/www.frankensicht.de\/index.php?rest_route=\/wp\/v2\/media\/2831"}],"wp:attachment":[{"href":"https:\/\/www.frankensicht.de\/index.php?rest_route=%2Fwp%2Fv2%2Fmedia&parent=11120"}],"wp:term":[{"taxonomy":"category","embeddable":true,"href":"https:\/\/www.frankensicht.de\/index.php?rest_route=%2Fwp%2Fv2%2Fcategories&post=11120"},{"taxonomy":"post_tag","embeddable":true,"href":"https:\/\/www.frankensicht.de\/index.php?rest_route=%2Fwp%2Fv2%2Ftags&post=11120"}],"curies":[{"name":"wp","href":"https:\/\/api.w.org\/{rel}","templated":true}]}}