{"id":11118,"date":"2017-10-26T08:25:31","date_gmt":"2017-10-26T06:25:31","guid":{"rendered":"http:\/\/www.frankensicht.de\/?p=11118"},"modified":"2017-10-26T08:25:31","modified_gmt":"2017-10-26T06:25:31","slug":"stadtgruen-schafft-lebensqualitaet-projekt-treffpunkt-vielfalt-foerdert-biologische-vielfalt-in-wohnquartieren","status":"publish","type":"post","link":"https:\/\/www.frankensicht.de\/?p=11118","title":{"rendered":"Stadtgr\u00fcn schafft Lebensqualit\u00e4t Projekt \u201eTreffpunkt Vielfalt\u201c f\u00f6rdert biologische Vielfalt in Wohnquartieren"},"content":{"rendered":"<p><span style=\"color: #ff0000;\">Berlin:<\/span><\/p>\n<p>Stadtgr\u00fcn schafft Lebensqualit\u00e4t<br \/>\nProjekt \u201eTreffpunkt Vielfalt\u201c f\u00f6rdert biologische Vielfalt in<br \/>\nWohnquartieren<\/p>\n<p>Naturnah gestaltete Gr\u00fcnfl\u00e4chen k\u00f6nnen in St\u00e4dten ma\u00dfgeblich zur<br \/>\nLebensqualit\u00e4t der Anwohnerinnen und Anwohner beitragen. Stadtgr\u00fcn<br \/>\nentfaltet dabei Wirkung auf vielen Ebenen \u2013 es tut dem sozialen<br \/>\nMiteinander gut, hilft bei der Klimaanpassung und f\u00f6rdert die<br \/>\nArtenvielfalt. Mit dem neuen Modellprojekt \u201eTreffpunkt Vielfalt\u201c<br \/>\nwollen die Stiftung f\u00fcr Mensch und Umwelt Berlin und der<br \/>\nWissenschaftsladen Bonn e.V. Wohnungsunternehmen daf\u00fcr gewinnen, Gr\u00fcn-<br \/>\nund Freifl\u00e4chen nach \u00f6kologischen Gesichtspunkten zu gestalten und zu<br \/>\npflegen. Das Projekt wird vom Bundesumweltministerium mit einer Million<br \/>\nEuro gef\u00f6rdert und fachlich vom Bundesamt f\u00fcr Naturschutz begleitet. Die<br \/>\nModellvorhaben laufen bis 2021 in den Bundesl\u00e4ndern Berlin,<br \/>\nNordrhein-Westfalen und Th\u00fcringen.<\/p>\n<p><a href=\"https:\/\/www.frankensicht.de\/?attachment_id=9923\" rel=\"attachment wp-att-9923\"><img loading=\"lazy\" decoding=\"async\" class=\"alignnone size-medium wp-image-9923\" src=\"https:\/\/www.frankensicht.de\/wp-content\/uploads\/2016\/09\/pilze1-300x225.jpg\" alt=\"\" width=\"300\" height=\"225\" srcset=\"https:\/\/www.frankensicht.de\/wp-content\/uploads\/2016\/09\/pilze1-300x225.jpg 300w, https:\/\/www.frankensicht.de\/wp-content\/uploads\/2016\/09\/pilze1.jpg 640w\" sizes=\"auto, (max-width: 300px) 100vw, 300px\" \/><\/a><\/p>\n<p>Bundesumweltministerin Dr. Barbara Hendricks: \u201eGr\u00fcne Freir\u00e4ume machen<br \/>\nSt\u00e4dte nachhaltiger, lebenswerter und zukunftsf\u00e4hig. Deshalb haben wir<br \/>\ndas \u201eWei\u00dfbuch Stadtgr\u00fcn\u201c entwickelt \u2013 ein Arbeitsprogramm zur<br \/>\nSt\u00e4rkung des urbanen Gr\u00fcns in kommunalen und staatlichen<br \/>\nPlanungsprozessen. Die Mitwirkung privater und b\u00fcrgerschaftlicher Akteure<br \/>\nist ein zentraler Baustein der lokalen Bedarfsgerechtigkeit. Das neue<br \/>\nProjekt zeigt beispielhaft, wie Wohnungsunternehmen und B\u00fcrgerinnen und<br \/>\nB\u00fcrger gemeinsam Verantwortung \u00fcbernehmen.\u201c<br \/>\nBfN-Pr\u00e4sidentin Prof. Beate Jessel: \u201eIm Bundesprogramm Biologische<br \/>\nVielfalt unterst\u00fctzen wir Modellkommunen, die die biologische Vielfalt in<br \/>\nder Stadt erhalten und steigern, indem sie st\u00e4dtische Gr\u00fcn- und<br \/>\nFreifl\u00e4chen nach \u00f6kologischen Geschichtspunkten pflegen und gestalten.<br \/>\nMit dem Projekt \u201eTreffpunkt Vielfalt\u201c werden jetzt auch die Gr\u00fcn- und<br \/>\nFreifl\u00e4chen in Wohnsiedlungen einbezogen und die Artenvielfalt vor der<br \/>\nHaust\u00fcr gef\u00f6rdert. Es entstehen Orte der Naturerfahrung und Erholung.<br \/>\nSie machen die Wohnumgebung lebenswert und tragen zu Gesundheit und<br \/>\nWohlbefinden der Menschen bei.\u201c<br \/>\nIn Berlin, Bonn, Dortmund, Erfurt und weiteren St\u00e4dten zeigt das Projekt,<br \/>\nwie Artenvielfalt und Freiraumqualit\u00e4ten wirkungsvoll und f\u00fcr alle<br \/>\nBeteiligten gewinnbringend gesteigert werden k\u00f6nnen. In Kooperation mit<br \/>\nWohnungsunternehmen entstehen in den Wohnquartieren naturnahe<br \/>\nModellfl\u00e4chen und kleine Parkanlagen, sogenannte \u201ePikoParks\u201c. Ziel<br \/>\nist es, anhand konkreter Beispiele und einer intensiven Kommunikations-<br \/>\nund Bildungsarbeit die Akzeptanz f\u00fcr das \u00f6kologische<br \/>\nGr\u00fcnfl\u00e4chenmanagement bei den Wohnungsunternehmen, der Mieterschaft und<br \/>\nden f\u00fcr Gartenpflege zust\u00e4ndigen Dienstleistungsbetrieben zu f\u00f6rdern<br \/>\nund ihre Handlungsbereitschaft zu mobilisieren.<br \/>\nInformationsveranstaltungen, Schulungen, Planungs- und Umsetzungsworkshops<br \/>\nsowie Mitmachaktionen f\u00fcr die Zielgruppen und begleitende<br \/>\nProjektmaterialien erg\u00e4nzen das Angebot.<br \/>\nDie Erfahrungen aus den Beteiligungs- und Umsetzungsprozessen flie\u00dfen in<br \/>\neinen neuen praxisorientierten Handlungsleitfaden ein. Dieser liefert<br \/>\nWohnungsunternehmen, Mieterinnen und Mietern, Gartenbaubetrieben und<br \/>\nanderen Interessierten k\u00fcnftig konkrete Hilfestellungen zur naturnahen<br \/>\nFl\u00e4chenumgestaltung.<br \/>\nKoordiniert wird das Projekt von der Stiftung f\u00fcr Mensch und Umwelt in<br \/>\nBerlin. Verbundpartner ist der Wissenschaftsladen Bonn e.V. Das<br \/>\nBundesumweltministerium f\u00f6rdert das Projekt \u201eTreffpunkt Vielfalt\u201c in<br \/>\nden kommenden dreieinhalb Jahren mit 1 Million Euro im Bundesprogramm<br \/>\nBiologische Vielfalt. Das Bundesamt f\u00fcr Naturschutz begleitet das Projekt<br \/>\nfachlich.<\/p>\n<p>Weitere Informationen:<br \/>\nZum Projekt: http:\/\/biologischevielfalt.bfn.de\/27678.html<br \/>\nDownload des Wei\u00dfbuchs Stadtgr\u00fcn: www.bmub.bund.de\/N54197<\/p>\n<p>Hintergrund<br \/>\nDas Bundesprogramm Biologische Vielfalt<br \/>\nDie Umsetzung der Nationalen Strategie zur biologischen Vielfalt (NBS) wird<br \/>\nseit 2011 durch das Bundesprogramm Biologische Vielfalt unterst\u00fctzt.<br \/>\nGef\u00f6rdert werden Vorhaben, denen im Rahmen der NBS eine gesamtstaatlich<br \/>\nrepr\u00e4sentative Bedeutung zukommt oder die diese Strategie in besonders<br \/>\nbeispielhafter Weise umsetzen. Die gef\u00f6rderten Ma\u00dfnahmen tragen dazu<br \/>\nbei, den R\u00fcckgang der biologischen Vielfalt in Deutschland zu stoppen und<br \/>\nmittel- bis langfristig in einen positiven Trend umzukehren. Sie dienen<br \/>\ndem Schutz und der nachhaltigen Nutzung sowie der Entwicklung der<br \/>\nbiologischen Vielfalt und gehen \u00fcber die rechtlich geforderten Standards<br \/>\nhinaus. Akzeptanzbildende Ma\u00dfnahmen der Informationen und Kommunikation<br \/>\ntragen dazu bei, das gesellschaftliche Bewusstsein f\u00fcr die biologische<br \/>\nVielfalt zu st\u00e4rken.<br \/>\nWeitere Informationen zum Bundesprogramm:<br \/>\nwww.biologischevielfalt.de\/bundesprogramm_ueberblick.html<\/p>\n<p>&nbsp;<\/p>\n<p>Quelle:bmub.bund.de<\/p>\n<p>&nbsp;<\/p>\n","protected":false},"excerpt":{"rendered":"<p>Berlin: Stadtgr\u00fcn schafft Lebensqualit\u00e4t Projekt \u201eTreffpunkt Vielfalt\u201c f\u00f6rdert biologische Vielfalt in Wohnquartieren Naturnah gestaltete Gr\u00fcnfl\u00e4chen k\u00f6nnen in St\u00e4dten ma\u00dfgeblich zur Lebensqualit\u00e4t der Anwohnerinnen und Anwohner beitragen. Stadtgr\u00fcn entfaltet dabei Wirkung auf vielen Ebenen \u2013 es tut dem sozialen Miteinander gut, hilft bei der Klimaanpassung und f\u00f6rdert die Artenvielfalt. Mit dem neuen Modellprojekt \u201eTreffpunkt Vielfalt\u201c wollen [&hellip;]<\/p>\n","protected":false},"author":7,"featured_media":10059,"comment_status":"closed","ping_status":"open","sticky":false,"template":"","format":"standard","meta":{"footnotes":""},"categories":[44,3],"tags":[2377],"class_list":["post-11118","post","type-post","status-publish","format-standard","has-post-thumbnail","hentry","category-deutschland-2","category-news","tag-stadtgruen"],"_links":{"self":[{"href":"https:\/\/www.frankensicht.de\/index.php?rest_route=\/wp\/v2\/posts\/11118","targetHints":{"allow":["GET"]}}],"collection":[{"href":"https:\/\/www.frankensicht.de\/index.php?rest_route=\/wp\/v2\/posts"}],"about":[{"href":"https:\/\/www.frankensicht.de\/index.php?rest_route=\/wp\/v2\/types\/post"}],"author":[{"embeddable":true,"href":"https:\/\/www.frankensicht.de\/index.php?rest_route=\/wp\/v2\/users\/7"}],"replies":[{"embeddable":true,"href":"https:\/\/www.frankensicht.de\/index.php?rest_route=%2Fwp%2Fv2%2Fcomments&post=11118"}],"version-history":[{"count":1,"href":"https:\/\/www.frankensicht.de\/index.php?rest_route=\/wp\/v2\/posts\/11118\/revisions"}],"predecessor-version":[{"id":11119,"href":"https:\/\/www.frankensicht.de\/index.php?rest_route=\/wp\/v2\/posts\/11118\/revisions\/11119"}],"wp:featuredmedia":[{"embeddable":true,"href":"https:\/\/www.frankensicht.de\/index.php?rest_route=\/wp\/v2\/media\/10059"}],"wp:attachment":[{"href":"https:\/\/www.frankensicht.de\/index.php?rest_route=%2Fwp%2Fv2%2Fmedia&parent=11118"}],"wp:term":[{"taxonomy":"category","embeddable":true,"href":"https:\/\/www.frankensicht.de\/index.php?rest_route=%2Fwp%2Fv2%2Fcategories&post=11118"},{"taxonomy":"post_tag","embeddable":true,"href":"https:\/\/www.frankensicht.de\/index.php?rest_route=%2Fwp%2Fv2%2Ftags&post=11118"}],"curies":[{"name":"wp","href":"https:\/\/api.w.org\/{rel}","templated":true}]}}