{"id":11116,"date":"2017-10-25T08:26:09","date_gmt":"2017-10-25T06:26:09","guid":{"rendered":"http:\/\/www.frankensicht.de\/?p=11116"},"modified":"2017-10-30T08:10:23","modified_gmt":"2017-10-30T07:10:23","slug":"nationalpark-dialog-in-den-isar-auen-geht-weiter","status":"publish","type":"post","link":"https:\/\/www.frankensicht.de\/?p=11116","title":{"rendered":"Nationalpark-Dialog in den Isar-Auen geht weiter"},"content":{"rendered":"<p><span style=\"color: #ff0000;\">M\u00fcnchen:<\/span><\/p>\n<p>Scharf: Nationalpark-Dialog in den Isar-Auen geht weiter<br \/>\nAuftaktveranstaltung in Freising<\/p>\n<p>Der Dialog zu einem m\u00f6glichen dritten Nationalpark in der Donau-Isar-Region geht weiter. Das ist das Ergebnis eines ersten Verb\u00e4ndegespr\u00e4chs, das auf Einladung der Bayerischen Umweltministerin Ulrike Scharf und des Freisinger Landrats Josef Hauner gestern Abend in Freising stattfand. &#8222;Das war ein wichtiges Gespr\u00e4ch. Der Dialog mit der Region ist f\u00fcr uns entscheidend. Wir nehmen die Anliegen und Interessen der Menschen vor Ort sehr ernst. Jetzt geht es darum, in einem vertieften Dialog weiter zu informieren, Fragen zu kl\u00e4ren und Chancen und Perspektiven aufzeigen. Die Diskussion \u00fcber die Zukunft der Region f\u00fchren wir mit den Menschen in der Region. Eine Entscheidung f\u00e4llt erst am Ende des Dialogprozesses&#8220;, so Scharf. Auch Landrat Hauner warb f\u00fcr einen vertieften, ergebnisoffenen Dialog ohne Vorfestlegungen: &#8222;Der Landkreis Freising hat sich noch in keine Richtung festgelegt. Wir werden das Thema nun in verschiedenen Gremien besprechen. Dabei ist es uns wichtig, auch Bedenkentr\u00e4ger zu Wort kommen zu lassen. Wir wollen Chancen und Risiken zusammentragen und auf dieser Basis am Ende eine Entscheidung f\u00fcr oder gegen einen Nationalpark Isar-Auen f\u00e4llen.&#8220;<\/p>\n<p><a href=\"https:\/\/www.frankensicht.de\/?attachment_id=10666\" rel=\"attachment wp-att-10666\"><img loading=\"lazy\" decoding=\"async\" class=\"alignnone size-medium wp-image-10666\" src=\"https:\/\/www.frankensicht.de\/wp-content\/uploads\/2017\/05\/trinkwasser-300x225.jpg\" alt=\"\" width=\"300\" height=\"225\" srcset=\"https:\/\/www.frankensicht.de\/wp-content\/uploads\/2017\/05\/trinkwasser-300x225.jpg 300w, https:\/\/www.frankensicht.de\/wp-content\/uploads\/2017\/05\/trinkwasser-768x576.jpg 768w, https:\/\/www.frankensicht.de\/wp-content\/uploads\/2017\/05\/trinkwasser-1024x768.jpg 1024w, https:\/\/www.frankensicht.de\/wp-content\/uploads\/2017\/05\/trinkwasser.jpg 1280w\" sizes=\"auto, (max-width: 300px) 100vw, 300px\" \/><\/a><\/p>\n<p>Das Verb\u00e4ndegespr\u00e4ch zeigte Chancen f\u00fcr die Region durch einen Nationalpark sowie m\u00f6gliche Auswirkungen auf. Im Mittelpunkt der Diskussion standen insbesondere das f\u00fcr die Kommunal- und Verbandsvertreter wichtige Thema Naherholungsm\u00f6glichkeiten in der Natur sowie die Fischerei. Scharf betonte dazu: &#8222;Bayern ist einer der attraktivsten Standorte der Welt, weil wir unsere Natur haben, unsere Landschaften und den Reichtum unserer einzigartigen Naturheimat. Nationalparke machen Wildnis erlebbar. Die Menschen lieben ihre freiflie\u00dfende Isar und deren angrenzende Auw\u00e4lder. Der Zugang zu Fluss und Wald ist den Menschen in der Region sehr wichtig.&#8220; Scharf bot an, dass Mitarbeiter des Ministeriums in die Region kommen k\u00f6nnen, um in Gemeinderatssitzungen oder B\u00fcrgerversammlungen \u00fcber einen m\u00f6glichen Nationalpark in den Isar-Auen zu informieren.<\/p>\n<p>Im Rahmen des weiteren Dialogs soll gekl\u00e4rt werden, inwieweit die Isar-Auw\u00e4lder f\u00fcr einen m\u00f6glichen Nationalpark die Auw\u00e4lder an der Donau zwischen Lechm\u00fcndung und Weltenburg erg\u00e4nzen k\u00f6nnen. Die Auwaldbereiche an der Donau und an der Isar sind in Deutschland einzigartig und naturschutzfachlich von herausragender Bedeutung. Hier k\u00f6nnte der bundesweit erste Auwald-Nationalpark entstehen.<\/p>\n<p>An dem Verb\u00e4ndegespr\u00e4ch in Freising haben rund 40 Vertreter der relevanten Verb\u00e4nde und Interessensvertreter aus den Bereichen Naturschutz, Land- und Forstwirtschaft, Fischerei, Tourismus, Wirtschaft, Jagd oder Holzwirtschaft sowie der Politik teilgenommen.<\/p>\n<p>Quelle: stmuv.bayern.de<\/p>\n","protected":false},"excerpt":{"rendered":"<p>M\u00fcnchen: Scharf: Nationalpark-Dialog in den Isar-Auen geht weiter Auftaktveranstaltung in Freising Der Dialog zu einem m\u00f6glichen dritten Nationalpark in der Donau-Isar-Region geht weiter. Das ist das Ergebnis eines ersten Verb\u00e4ndegespr\u00e4chs, das auf Einladung der Bayerischen Umweltministerin Ulrike Scharf und des Freisinger Landrats Josef Hauner gestern Abend in Freising stattfand. &#8222;Das war ein wichtiges Gespr\u00e4ch. Der [&hellip;]<\/p>\n","protected":false},"author":7,"featured_media":10666,"comment_status":"closed","ping_status":"open","sticky":false,"template":"","format":"standard","meta":{"footnotes":""},"categories":[44,71],"tags":[2244],"class_list":["post-11116","post","type-post","status-publish","format-standard","has-post-thumbnail","hentry","category-deutschland-2","category-menue","tag-nationalpark"],"_links":{"self":[{"href":"https:\/\/www.frankensicht.de\/index.php?rest_route=\/wp\/v2\/posts\/11116","targetHints":{"allow":["GET"]}}],"collection":[{"href":"https:\/\/www.frankensicht.de\/index.php?rest_route=\/wp\/v2\/posts"}],"about":[{"href":"https:\/\/www.frankensicht.de\/index.php?rest_route=\/wp\/v2\/types\/post"}],"author":[{"embeddable":true,"href":"https:\/\/www.frankensicht.de\/index.php?rest_route=\/wp\/v2\/users\/7"}],"replies":[{"embeddable":true,"href":"https:\/\/www.frankensicht.de\/index.php?rest_route=%2Fwp%2Fv2%2Fcomments&post=11116"}],"version-history":[{"count":1,"href":"https:\/\/www.frankensicht.de\/index.php?rest_route=\/wp\/v2\/posts\/11116\/revisions"}],"predecessor-version":[{"id":11117,"href":"https:\/\/www.frankensicht.de\/index.php?rest_route=\/wp\/v2\/posts\/11116\/revisions\/11117"}],"wp:featuredmedia":[{"embeddable":true,"href":"https:\/\/www.frankensicht.de\/index.php?rest_route=\/wp\/v2\/media\/10666"}],"wp:attachment":[{"href":"https:\/\/www.frankensicht.de\/index.php?rest_route=%2Fwp%2Fv2%2Fmedia&parent=11116"}],"wp:term":[{"taxonomy":"category","embeddable":true,"href":"https:\/\/www.frankensicht.de\/index.php?rest_route=%2Fwp%2Fv2%2Fcategories&post=11116"},{"taxonomy":"post_tag","embeddable":true,"href":"https:\/\/www.frankensicht.de\/index.php?rest_route=%2Fwp%2Fv2%2Ftags&post=11116"}],"curies":[{"name":"wp","href":"https:\/\/api.w.org\/{rel}","templated":true}]}}