{"id":11114,"date":"2017-10-24T08:16:00","date_gmt":"2017-10-24T06:16:00","guid":{"rendered":"http:\/\/www.frankensicht.de\/?p=11114"},"modified":"2017-10-24T08:16:00","modified_gmt":"2017-10-24T06:16:00","slug":"pflege-muss-auch-in-neuem-koalitionsvertrag-einen-schwerpunkt-bilden","status":"publish","type":"post","link":"https:\/\/www.frankensicht.de\/?p=11114","title":{"rendered":"Pflege muss auch in neuem Koalitionsvertrag einen Schwerpunkt bilden"},"content":{"rendered":"<p><span style=\"color: #ff0000;\">M\u00fcnchen:<\/span><\/p>\n<p>Huml fordert weitere Pflege-Reformen auf Bundesebene &#8211; Bayerns Gesundheits- und Pflegeministerin: Pflege muss auch in neuem Koalitionsvertrag einen Schwerpunkt bilden<\/p>\n<p>Bayerns Gesundheits- und Pflegeministerin Melanie Huml fordert weitere Pflege-Reformen auf Bundesebene. Huml betonte am Montag: &#8222;Es ist wichtig, dass die Pflege auch in einem neuen Koalitionsvertrag einen Schwerpunkt bildet. Dabei muss auch die Selbstbestimmung pflegebed\u00fcrftiger Menschen st\u00e4rker als bisher beachtet werden. Sie m\u00fcssen die Wahl haben, selbst \u00fcber ihre Lebensgestaltung zu entscheiden.&#8220;<\/p>\n<p><a href=\"https:\/\/www.frankensicht.de\/?attachment_id=4951\" rel=\"attachment wp-att-4951\"><img loading=\"lazy\" decoding=\"async\" class=\"alignnone size-medium wp-image-4951\" src=\"https:\/\/www.frankensicht.de\/wp-content\/uploads\/2013\/01\/krankenhaus-300x187.jpg\" alt=\"\" width=\"300\" height=\"187\" srcset=\"https:\/\/www.frankensicht.de\/wp-content\/uploads\/2013\/01\/krankenhaus-300x187.jpg 300w, https:\/\/www.frankensicht.de\/wp-content\/uploads\/2013\/01\/krankenhaus.jpg 640w\" sizes=\"auto, (max-width: 300px) 100vw, 300px\" \/><\/a><\/p>\n<p>Die Ministerin erl\u00e4uterte: &#8222;Die Versicherungsleistungen m\u00fcssen st\u00e4rker als bisher an den Bed\u00fcrfnissen der Menschen ausgerichtet werden. Zu oft steht heute noch die formale Zuordnung der Lebensumst\u00e4nde eines Pflegebed\u00fcrftigen zu einer bestimmten Wohnform im Vordergrund. Hier ist mehr Flexibilit\u00e4t erforderlich!&#8220;<\/p>\n<p>Huml f\u00fcgte hinzu: &#8222;Es muss uns gelingen, ambulante und station\u00e4re Angebote der Altenpflege st\u00e4rker miteinander zu vernetzen. Unabh\u00e4ngig von der Wahl der Wohnform muss bei der Leistungsgew\u00e4hrung der Unterst\u00fctzungsbedarf im Vordergrund stehen.&#8220;<\/p>\n<p>Derzeit erhalten Pflegebed\u00fcrftige, die zu Hause oder in ambulant betreuten Wohngemeinschaften gepflegt werden, neben den Leistungen der Pflegeversicherung von der Krankenversicherung die Behandlungspflege in voller H\u00f6he ersetzt. Dagegen erhalten Bewohner von Pflegeheimen hier nur einen teilweisen Ersatz, weil dort die Behandlungspflege \u00fcber die Pfleges\u00e4tze berechnet wird, sich die Pflegeversicherung hieran aber lediglich mit einem festen Betrag beteiligt. Den \u00fcbersteigenden Betrag m\u00fcssen die Pflegebed\u00fcrftigen tragen.<\/p>\n<p>Huml unterstrich: &#8222;Denkbar w\u00e4re, diese Leistungen in die Pflegeversicherung zu \u00fcberf\u00fchren und sie so als einheitlichen Ansprechpartner in Fragen der Pflegebed\u00fcrftigkeit zu st\u00e4rken. Mit einer Ausgestaltung dieser Leistung als Vollkostenersatz w\u00fcrden wir zudem die bisherige Ungleichbehandlung beseitigen.&#8220;<\/p>\n<p>Die Ministerin verwies darauf, dass in der vergangenen Legislaturperiode bereits ma\u00dfgebliche Weichen f\u00fcr eine gute pflegerische Versorgung gestellt worden sind. Sie unterstrich: &#8222;Insbesondere mit der Reform der Pflegeausbildung und der besseren Einbeziehung von Menschen mit Demenz wurde die Pflegeversicherung gerechter gestaltet und auf die Zukunft ausgerichtet. Auf diesen Erfolgen d\u00fcrfen wir uns aber nicht ausruhen.&#8220;<\/p>\n<p>Quelle:stmgp.bayern.de<\/p>\n","protected":false},"excerpt":{"rendered":"<p>M\u00fcnchen: Huml fordert weitere Pflege-Reformen auf Bundesebene &#8211; Bayerns Gesundheits- und Pflegeministerin: Pflege muss auch in neuem Koalitionsvertrag einen Schwerpunkt bilden Bayerns Gesundheits- und Pflegeministerin Melanie Huml fordert weitere Pflege-Reformen auf Bundesebene. Huml betonte am Montag: &#8222;Es ist wichtig, dass die Pflege auch in einem neuen Koalitionsvertrag einen Schwerpunkt bildet. Dabei muss auch die Selbstbestimmung [&hellip;]<\/p>\n","protected":false},"author":7,"featured_media":4951,"comment_status":"closed","ping_status":"open","sticky":false,"template":"","format":"standard","meta":{"footnotes":""},"categories":[78,71],"tags":[212],"class_list":["post-11114","post","type-post","status-publish","format-standard","has-post-thumbnail","hentry","category-bayern","category-menue","tag-pflege"],"_links":{"self":[{"href":"https:\/\/www.frankensicht.de\/index.php?rest_route=\/wp\/v2\/posts\/11114","targetHints":{"allow":["GET"]}}],"collection":[{"href":"https:\/\/www.frankensicht.de\/index.php?rest_route=\/wp\/v2\/posts"}],"about":[{"href":"https:\/\/www.frankensicht.de\/index.php?rest_route=\/wp\/v2\/types\/post"}],"author":[{"embeddable":true,"href":"https:\/\/www.frankensicht.de\/index.php?rest_route=\/wp\/v2\/users\/7"}],"replies":[{"embeddable":true,"href":"https:\/\/www.frankensicht.de\/index.php?rest_route=%2Fwp%2Fv2%2Fcomments&post=11114"}],"version-history":[{"count":1,"href":"https:\/\/www.frankensicht.de\/index.php?rest_route=\/wp\/v2\/posts\/11114\/revisions"}],"predecessor-version":[{"id":11115,"href":"https:\/\/www.frankensicht.de\/index.php?rest_route=\/wp\/v2\/posts\/11114\/revisions\/11115"}],"wp:featuredmedia":[{"embeddable":true,"href":"https:\/\/www.frankensicht.de\/index.php?rest_route=\/wp\/v2\/media\/4951"}],"wp:attachment":[{"href":"https:\/\/www.frankensicht.de\/index.php?rest_route=%2Fwp%2Fv2%2Fmedia&parent=11114"}],"wp:term":[{"taxonomy":"category","embeddable":true,"href":"https:\/\/www.frankensicht.de\/index.php?rest_route=%2Fwp%2Fv2%2Fcategories&post=11114"},{"taxonomy":"post_tag","embeddable":true,"href":"https:\/\/www.frankensicht.de\/index.php?rest_route=%2Fwp%2Fv2%2Ftags&post=11114"}],"curies":[{"name":"wp","href":"https:\/\/api.w.org\/{rel}","templated":true}]}}