{"id":11110,"date":"2017-10-23T08:28:13","date_gmt":"2017-10-23T06:28:13","guid":{"rendered":"http:\/\/www.frankensicht.de\/?p=11110"},"modified":"2017-10-23T08:28:13","modified_gmt":"2017-10-23T06:28:13","slug":"20-eu%c2%adro-ge%c2%addenk%c2%admuen%c2%adze-300-ge%c2%adburts%c2%adtag-jo%c2%adhann-joa%c2%adchim-win%c2%adckel%c2%admann-2","status":"publish","type":"post","link":"https:\/\/www.frankensicht.de\/?p=11110","title":{"rendered":"20-Eu\u00adro-Ge\u00addenk\u00adm\u00fcn\u00adze \u201e300. Ge\u00adburts\u00adtag Jo\u00adhann Joa\u00adchim Win\u00adckel\u00admann\u201c"},"content":{"rendered":"<p>Berlin:<\/p>\n<div class=\"article-header-wrapper\">\n<div class=\"article-header-wrapper-inner\">\n<div class=\"article-header-wrapper-box\">\n<div class=\"article-header\">\n<h1 class=\"isFirstInSlot\">Vor\u00adstel\u00adlung der Son\u00adder\u00adbrief\u00admar\u00adke und der<br \/>\n20-Eu\u00adro-Ge\u00addenk\u00adm\u00fcn\u00adze \u201e300. Ge\u00adburts\u00adtag Jo\u00adhann Joa\u00adchim Win\u00adckel\u00admann\u201c<\/h1>\n<div class=\"subheadline\">\n<p class=\"heading\">Das Bundesministerium der Finanzen gibt im Oktober 2017 ein Sonderpostwertzeichen und eine 20-Euro-Gedenkm\u00fcnze \u201e300. Geburtstag Johann Joachim Winckelmann\u201c heraus.<\/p>\n<\/div>\n<ul class=\"doc-data pressrelease\">\n<li><span class=\"label\">Nummer<\/span> <span class=\"value\">27<\/span><\/li>\n<\/ul>\n<div class=\"picture img-551\">\n<figure class=\"figure-box-wrapper figure-embedded\"><a href=\"https:\/\/www.frankensicht.de\/?attachment_id=11111\" rel=\"attachment wp-att-11111\"><img loading=\"lazy\" decoding=\"async\" class=\"alignnone size-medium wp-image-11111\" src=\"https:\/\/www.frankensicht.de\/wp-content\/uploads\/2017\/10\/joachim-300x123.jpeg\" alt=\"\" width=\"300\" height=\"123\" srcset=\"https:\/\/www.frankensicht.de\/wp-content\/uploads\/2017\/10\/joachim-300x123.jpeg 300w, https:\/\/www.frankensicht.de\/wp-content\/uploads\/2017\/10\/joachim-768x315.jpeg 768w, https:\/\/www.frankensicht.de\/wp-content\/uploads\/2017\/10\/joachim.jpeg 877w\" sizes=\"auto, (max-width: 300px) 100vw, 300px\" \/><\/a><figcaption><span class=\"source\">Quelle:\u2002 <cite>Bundesministerium der Finanzen<\/cite><\/span><\/figcaption><\/figure>\n<\/div>\n<\/div>\n<\/div>\n<\/div>\n<\/div>\n<div class=\"article-content-wrapper\">\n<div class=\"article-text-wrapper\">\n<div class=\"article-text singleview \">\n<p>Der Parlamentarische Staatssekret\u00e4r beim Bundesminister der Finanzen, <abbr title=\"Doktor\">Dr.<\/abbr> Michael Meister, stellt die Briefmarke und die Gedenkm\u00fcnze am 25. Oktober 2017 in Weimar vor. Die Pr\u00e4sentation findet um 11.00 Uhr im Festsaal des Goethe-Nationalmuseums, Frauenplan 1, 99423 Weimar, statt.<\/p>\n<p>Die <strong><em>Gedenkm\u00fcnze<\/em><\/strong> w\u00fcrdigt Johann Joachim Winckelmann (1717 &#8211; 1768), der als Begr\u00fcnder der wissenschaftlichen Arch\u00e4ologie und der Kunstgeschichte gilt.<br \/>\nDer Entwurf zur M\u00fcnze stammt von dem K\u00fcnstler Andre Witting aus Berlin.<\/p>\n<p>Das Motiv zeigt Johann Joachim Winckelmann in einer Portraitansicht nach dem Vorbild vieler antiker M\u00fcnzen im Profil.<\/p>\n<p>Die Randschrift der M\u00fcnze zitiert Winkelmanns Ideal mit den Worten:<\/p>\n<p>\u201eEDLE EINFALT UND STILLE GR\u00d6SSE\u201c*<\/p>\n<p>Die Gesamtauflage der M\u00fcnze betr\u00e4gt <abbr title=\"circa\">ca.<\/abbr> 1,2 <abbr title=\"Millionen\">Mio.<\/abbr> St\u00fcck, davon maximal 0,2 <abbr title=\"Millionen\">Mio.<\/abbr> St\u00fcck in der h\u00f6herwertigen Sammlerqualit\u00e4t Spiegelglanz.<\/p>\n<p>Die M\u00fcnzen in der Pr\u00e4gequalit\u00e4t Stempelglanz werden zum Nennwert von 20 <a class=\"RichTextGlossarLink GlossarEntry\" title=\"Glossareintrag &quot;Euro&quot; \u00f6ffnen\" href=\"http:\/\/www.bundesfinanzministerium.de\/Content\/DE\/Glossareintraege\/E\/euro.html;jsessionid=A3512E3D29ABB0F5DA1F7576A1DF5E2E?view=renderHelp\" target=\"_blank\" rel=\"noopener\">Euro<\/a> in den Verkehr gebracht. Die Ausgabe in der Sammlerqualit\u00e4t Spiegelglanz erfolgt zu einem \u00fcber dem Nennwert liegenden Verkaufspreis.<\/p>\n<p>Die neue 20-Euro-M\u00fcnze ist seit dem 12. Oktober 2017 bei der Verkaufsstelle f\u00fcr Sammlerm\u00fcnzen der Bundesrepublik Deutschland (VfS) sowie in den Filialen der Deutschen Bundesbank und zahlreichen Kreditinstituten erh\u00e4ltlich.<\/p>\n<p>Das <strong><em>Sonderpostwertzeichen<\/em><\/strong> \u201e300. Geburtstag Johann Joachim Winckelmann\u201c wurde von Susann Stefanizen aus Berlin gestaltet. Es hat einen Wert von 70 Cent und ist seit dem 12. Oktober 2017 in den Verkaufsstellen der Deutschen Post <abbr title=\"Aktiengesellschaft\">AG<\/abbr> erh\u00e4ltlich.<\/p>\n<p>Johann Joachim Winckelmann (1717 &#8211; 1768) hat einen beispiellosen Einfluss auf die Kunst und die Kunstwissenschaft gehabt. Durch seine Schriften hat er f\u00fcr lange Zeit dahin gewirkt, dass den K\u00fcnstlern die klassische Antike als Vorbild galt; zugleich hat er durch seine Forschungen die Kunstgeschichte begr\u00fcndet.<\/p>\n<p>In Stendal geboren, in d\u00fcrftigsten Verh\u00e4ltnissen aufgewachsen, erreichte Winckelmann schlie\u00dflich die Stellung eines Oberaufsehers aller Altert\u00fcmer in Rom. Bis heute nicht vergessen ist sein Wort von der \u201eedlen Einfalt und stillen Gr\u00f6\u00dfe\u201c der griechischen Meisterwerke. Sp\u00e4ter wurde es als einseitig erkannt; auf die Zeit aber, die des rauschenden Barocks und des zierlichen Rokokos \u00fcberdr\u00fcssig geworden war und nach Nat\u00fcrlichkeit verlangte, wirkte es ebenso \u00fcberzeugend wie Winckelmanns Hoffnung, durch die Nachahmung der Griechen k\u00f6nne die Kunst unnachahmlich werden. Der Klassizismus fand hier seine Rechtfertigung.<\/p>\n<p>Mit seinem Hauptwerk, der Geschichte der Kunst des Altertums, er\u00f6ffnete Winckelmann eine neue Wissenschaft. Ihm als Ersten gelang die W\u00fcrdigung einer ganzen Epoche und ihrer Stile. Naturgem\u00e4\u00df hat die Forschung seine Ansichten seitdem vielfach berichtigt; gleichwohl bleibt Winckelmann \u2013 wie Goethe, der ihn bewunderte, sagte \u2013 ein neuer Kolumbus, der ein lange nur geahntes Land entdeckt hat.<\/p>\n<p><sub>*) Die Randschrift ist der Ver\u00f6ffentlichung \u201eGedancken \u00fcber die Nachahmung der Griechischen Werke in der Mahlerey und Bildhauer-Kunst\u201c von Johann Joachim Winckelmann aus dem Jahr 1755 entlehnt.<\/sub><\/p>\n<p>Quelle:bundesfinanzministerium.de<\/p>\n<\/div>\n<\/div>\n<\/div>\n","protected":false},"excerpt":{"rendered":"<p>Berlin: Vor\u00adstel\u00adlung der Son\u00adder\u00adbrief\u00admar\u00adke und der 20-Eu\u00adro-Ge\u00addenk\u00adm\u00fcn\u00adze \u201e300. Ge\u00adburts\u00adtag Jo\u00adhann Joa\u00adchim Win\u00adckel\u00admann\u201c Das Bundesministerium der Finanzen gibt im Oktober 2017 ein Sonderpostwertzeichen und eine 20-Euro-Gedenkm\u00fcnze \u201e300. Geburtstag Johann Joachim Winckelmann\u201c heraus. Nummer 27 Quelle:\u2002 Bundesministerium der Finanzen Der Parlamentarische Staatssekret\u00e4r beim Bundesminister der Finanzen, Dr. Michael Meister, stellt die Briefmarke und die Gedenkm\u00fcnze am 25. [&hellip;]<\/p>\n","protected":false},"author":7,"featured_media":11111,"comment_status":"closed","ping_status":"open","sticky":false,"template":"","format":"standard","meta":{"footnotes":""},"categories":[44,3],"tags":[2376],"class_list":["post-11110","post","type-post","status-publish","format-standard","has-post-thumbnail","hentry","category-deutschland-2","category-news","tag-loachim-winckelmann"],"_links":{"self":[{"href":"https:\/\/www.frankensicht.de\/index.php?rest_route=\/wp\/v2\/posts\/11110","targetHints":{"allow":["GET"]}}],"collection":[{"href":"https:\/\/www.frankensicht.de\/index.php?rest_route=\/wp\/v2\/posts"}],"about":[{"href":"https:\/\/www.frankensicht.de\/index.php?rest_route=\/wp\/v2\/types\/post"}],"author":[{"embeddable":true,"href":"https:\/\/www.frankensicht.de\/index.php?rest_route=\/wp\/v2\/users\/7"}],"replies":[{"embeddable":true,"href":"https:\/\/www.frankensicht.de\/index.php?rest_route=%2Fwp%2Fv2%2Fcomments&post=11110"}],"version-history":[{"count":2,"href":"https:\/\/www.frankensicht.de\/index.php?rest_route=\/wp\/v2\/posts\/11110\/revisions"}],"predecessor-version":[{"id":11113,"href":"https:\/\/www.frankensicht.de\/index.php?rest_route=\/wp\/v2\/posts\/11110\/revisions\/11113"}],"wp:featuredmedia":[{"embeddable":true,"href":"https:\/\/www.frankensicht.de\/index.php?rest_route=\/wp\/v2\/media\/11111"}],"wp:attachment":[{"href":"https:\/\/www.frankensicht.de\/index.php?rest_route=%2Fwp%2Fv2%2Fmedia&parent=11110"}],"wp:term":[{"taxonomy":"category","embeddable":true,"href":"https:\/\/www.frankensicht.de\/index.php?rest_route=%2Fwp%2Fv2%2Fcategories&post=11110"},{"taxonomy":"post_tag","embeddable":true,"href":"https:\/\/www.frankensicht.de\/index.php?rest_route=%2Fwp%2Fv2%2Ftags&post=11110"}],"curies":[{"name":"wp","href":"https:\/\/api.w.org\/{rel}","templated":true}]}}