{"id":11106,"date":"2017-10-22T08:31:03","date_gmt":"2017-10-22T06:31:03","guid":{"rendered":"http:\/\/www.frankensicht.de\/?p=11106"},"modified":"2017-10-22T08:31:03","modified_gmt":"2017-10-22T06:31:03","slug":"nationalparke-bayerischer-wald-und-sumava-staerken-grenzueberschreitende-zusammenarbeit","status":"publish","type":"post","link":"https:\/\/www.frankensicht.de\/?p=11106","title":{"rendered":"Nationalparke Bayerischer Wald und \u0160umava st\u00e4rken grenz\u00fcberschreitende Zusammenarbeit"},"content":{"rendered":"<p><span style=\"color: #ff0000;\">M\u00fcnchen:<\/span><\/p>\n<p>Scharf: Nationalparke Bayerischer Wald und \u0160umava st\u00e4rken grenz\u00fcberschreitende Zusammenarbeit<br \/>\nGemeinsame Ausstellungser\u00f6ffnung in Prag<\/p>\n<p>Bayern und Tschechien wollen ihre beiden Nationalparke Bayerischer Wald und \u0160umava den Menschen noch n\u00e4her bringen. Das betonte die Bayerische Umweltministerin Ulrike Scharf heute bei der Er\u00f6ffnung der Ausstellung &#8222;Grenzenlos Wild&#8220; zusammen mit dem Tschechischen Umweltminister Richard Brabec in Prag. &#8222;Die Natur kennt keine Grenzen. Die Nationalparke Bayerischer Wald und \u0160umava sind ein gro\u00dfes gemeinsames Identifikationsband und herausragende Natursch\u00e4tze. Wir wollen die Zukunft der Nationalparke weiterentwickeln und das gemeinsame Fundament st\u00e4rken. Mit der neuen Ausstellung \u00b4Grenzenlos Wild\u00b4 setzen wir die hervorragende Zusammenarbeit zwischen dem Freistaat Bayern und der Tschechischen Republik fort. Wir wollen den Menschen unsere Urw\u00e4lder in unmittelbarer Nachbarschaft noch n\u00e4her bringen&#8220;, so Scharf. Die gemeinsame Wanderausstellung &#8222;Grenzenlos Wild&#8220; zeigt die Nationalparke mit ihrem einzigartigen Artenreichtum. Dazu stellen Mitarbeiter und Ehrenamtliche der beiden Nationalparke mit Statements und eindrucksvollen Bildern ihren jeweiligen Themenbereich vor. Auch die Bedeutung als Wirtschaftsfaktor und Tourismusmotor wird in der Ausstellung vermittelt. Daneben stehen zahlreiche gemeinsame Projekte in den Startl\u00f6chern. So soll beispielsweise in den n\u00e4chsten Jahren in beiden Parks eine Waldwerkstatt f\u00fcr Kinder, Jugendliche und Familien er\u00f6ffnet und ein gemeinsames, grenz\u00fcberschreitendes Forschungsprojekt zum Thema Monitoring von bestimmten Tier- und Pflanzenarten umgesetzt werden.<\/p>\n<p><a href=\"https:\/\/www.frankensicht.de\/?attachment_id=7261\" rel=\"attachment wp-att-7261\"><img loading=\"lazy\" decoding=\"async\" class=\"alignnone size-medium wp-image-7261\" src=\"https:\/\/www.frankensicht.de\/wp-content\/uploads\/2014\/06\/komuran1-300x225.jpg\" alt=\"\" width=\"300\" height=\"225\" srcset=\"https:\/\/www.frankensicht.de\/wp-content\/uploads\/2014\/06\/komuran1-300x225.jpg 300w, https:\/\/www.frankensicht.de\/wp-content\/uploads\/2014\/06\/komuran1.jpg 640w\" sizes=\"auto, (max-width: 300px) 100vw, 300px\" \/><\/a><\/p>\n<p>Der Nationalpark Bayerischer Wald und der Nationalpark \u0160umava bilden eines der gr\u00f6\u00dften Wald-Naturschutzgebiete Mitteleuropas. Seit rund einem Viertel Jahrhundert pflegen beide Nationalparke eine intensive Zusammenarbeit, die st\u00e4ndig weiter ausgebaut wird. Bereits jetzt gibt es sehr erfolgreiche gemeinsame Tourismusprojekte beider Nationalparkverwaltungen, wie etwa den grenz\u00fcberschreitenden Themenweg &#8222;Wege durch Natur und Zeit&#8220; und eine Kooperation im \u00f6ffentlichen Personennahverkehr. Ein besonderes Aush\u00e4ngeschild des Nationalparks Bayerischer Wald ist die Umweltbildung. Zahlreiche Umweltbildungseinrichtungen wie das &#8222;Hans-Eisenmann-Haus&#8220; und das &#8222;Haus zur Wildnis&#8220; mit den Tierfreigel\u00e4nden vermitteln den Menschen die einzigartigen nat\u00fcrlichen Lebenswelten des Nationalparks.<\/p>\n<p>Im Rahmen der Veranstaltung zeichnete Umweltministerin Scharf den Leiter des Nationalparks \u0160umava, Pavel Huben\u00fd, mit der Bayerischen Staatsmedaille f\u00fcr besondere Verdienste um die Umwelt aus. Scharf: &#8222;Mit Pavel Huben\u00fd hat sich die hervorragende Zusammenarbeit der beiden Nationalparke zu einem permanenten Informations- und Wissensaustausch entwickelt. Viele grenz\u00fcberschreitende Projekte wie gemeinsam beantragte INTERREG-Projekte zu Umweltbildung, Forschung und \u00d6ffentlichkeitsarbeit wurden angesto\u00dfen und umgesetzt.&#8220;<\/p>\n<p>Weitere Informationen im Internet unter<\/p>\n<p>http:\/\/www.nationalpark-bayerischer-wald.de\/index.htm<\/p>\n<p>Quelle: stmuv.bayern.de<\/p>\n","protected":false},"excerpt":{"rendered":"<p>M\u00fcnchen: Scharf: Nationalparke Bayerischer Wald und \u0160umava st\u00e4rken grenz\u00fcberschreitende Zusammenarbeit Gemeinsame Ausstellungser\u00f6ffnung in Prag Bayern und Tschechien wollen ihre beiden Nationalparke Bayerischer Wald und \u0160umava den Menschen noch n\u00e4her bringen. Das betonte die Bayerische Umweltministerin Ulrike Scharf heute bei der Er\u00f6ffnung der Ausstellung &#8222;Grenzenlos Wild&#8220; zusammen mit dem Tschechischen Umweltminister Richard Brabec in Prag. &#8222;Die [&hellip;]<\/p>\n","protected":false},"author":7,"featured_media":7261,"comment_status":"closed","ping_status":"open","sticky":false,"template":"","format":"standard","meta":{"footnotes":""},"categories":[78,71],"tags":[2244],"class_list":["post-11106","post","type-post","status-publish","format-standard","has-post-thumbnail","hentry","category-bayern","category-menue","tag-nationalpark"],"_links":{"self":[{"href":"https:\/\/www.frankensicht.de\/index.php?rest_route=\/wp\/v2\/posts\/11106","targetHints":{"allow":["GET"]}}],"collection":[{"href":"https:\/\/www.frankensicht.de\/index.php?rest_route=\/wp\/v2\/posts"}],"about":[{"href":"https:\/\/www.frankensicht.de\/index.php?rest_route=\/wp\/v2\/types\/post"}],"author":[{"embeddable":true,"href":"https:\/\/www.frankensicht.de\/index.php?rest_route=\/wp\/v2\/users\/7"}],"replies":[{"embeddable":true,"href":"https:\/\/www.frankensicht.de\/index.php?rest_route=%2Fwp%2Fv2%2Fcomments&post=11106"}],"version-history":[{"count":1,"href":"https:\/\/www.frankensicht.de\/index.php?rest_route=\/wp\/v2\/posts\/11106\/revisions"}],"predecessor-version":[{"id":11107,"href":"https:\/\/www.frankensicht.de\/index.php?rest_route=\/wp\/v2\/posts\/11106\/revisions\/11107"}],"wp:featuredmedia":[{"embeddable":true,"href":"https:\/\/www.frankensicht.de\/index.php?rest_route=\/wp\/v2\/media\/7261"}],"wp:attachment":[{"href":"https:\/\/www.frankensicht.de\/index.php?rest_route=%2Fwp%2Fv2%2Fmedia&parent=11106"}],"wp:term":[{"taxonomy":"category","embeddable":true,"href":"https:\/\/www.frankensicht.de\/index.php?rest_route=%2Fwp%2Fv2%2Fcategories&post=11106"},{"taxonomy":"post_tag","embeddable":true,"href":"https:\/\/www.frankensicht.de\/index.php?rest_route=%2Fwp%2Fv2%2Ftags&post=11106"}],"curies":[{"name":"wp","href":"https:\/\/api.w.org\/{rel}","templated":true}]}}