{"id":11096,"date":"2017-10-16T08:50:12","date_gmt":"2017-10-16T06:50:12","guid":{"rendered":"http:\/\/www.frankensicht.de\/?p=11096"},"modified":"2017-10-16T08:50:12","modified_gmt":"2017-10-16T06:50:12","slug":"bayerns-gesundheits-und-pflegeministerin-setzt-auf-mitarbeit-vieler-menschen-am-buergergutachten-2030","status":"publish","type":"post","link":"https:\/\/www.frankensicht.de\/?p=11096","title":{"rendered":"Bayerns Gesundheits- und Pflegeministerin setzt auf Mitarbeit vieler Menschen am &#8222;B\u00fcrgergutachten 2030"},"content":{"rendered":"<p><span style=\"color: #ff0000;\">M\u00fcnchen:<\/span><\/p>\n<p>Huml bei regionaler B\u00fcrgerkonferenz in Bamberg &#8211; Bayerns Gesundheits- und Pflegeministerin setzt auf Mitarbeit vieler Menschen am &#8222;B\u00fcrgergutachten 2030&#8220;<\/p>\n<p>Bayerns Gesundheits- und Pflegeministerin Melanie Huml hat am Sonntag an der regionalen B\u00fcrgerkonferenz in Bamberg teilgenommen. Huml betonte aus diesem Anlass: &#8222;Es ist wichtig, dass die Menschen in Bayern auch bei schwierigen Themen mitreden und mitgestalten k\u00f6nnen. Das st\u00e4rkt die Demokratie und bringt neue Impulse f\u00fcr die Politik.&#8220;<\/p>\n<p>Die Ministerin f\u00fcgte hinzu: &#8222;Es waren die B\u00fcrgerinnen und B\u00fcrger, die Bayern zu so einem erfolgreichen Zukunfts- und Chancenland gemacht haben. Ich setze darauf, dass nun auch viele Menschen an dem von der Staatsregierung initiierten B\u00fcrgergutachten mitarbeiten.&#8220;<\/p>\n<p>Anl\u00e4sslich des bayerischen Jubil\u00e4umsjahres 2018 gibt es insgesamt acht regionale B\u00fcrgerkonferenzen im Freistaat. Dabei diskutieren jeweils 30 B\u00fcrgerinnen und B\u00fcrger zwei Tage lang \u00fcber die Zukunft ihrer Heimat Bayern. In Bamberg war am Samstag die zweite derartige Veranstaltung im Rahmen des &#8222;B\u00fcrgergutachtens 2030. BAYERN, DEINE ZUKUNFT&#8220; gestartet.<\/p>\n<p>Die Teilnehmerinnen und Teilnehmer an den B\u00fcrgerkonferenzen werden zuf\u00e4llig aus den Einwohnermelderegistern der Veranstaltungsregionen ermittelt. Ihr Engagement erfolgt auf freiwilliger Basis. Insgesamt greift das B\u00fcrgergutachten zehn Themenschwerpunkte auf. Darunter sind zum Beispiel Bildung, Wirtschaft, Sicherheit sowie Gesundheit und Pflege.<\/p>\n<p>Die Ergebnisse der B\u00fcrgerkonferenzen sind Grundlage der &#8222;Digitalen B\u00fcrgerkonferenz&#8220;: Ab Ende Dezember dieses Jahres k\u00f6nnen interessierte B\u00fcrgerinnen und B\u00fcrger sechs Wochen lang Ideen f\u00fcr ihre Heimat online einbringen. Im Fr\u00fchjahr 2018 wird dann das &#8222;B\u00fcrgergutachten 2030&#8220; bei einem B\u00fcrgergipfel in M\u00fcnchen vollendet.<\/p>\n<p>Weitere Informationen unter www.2030-deine-zukunft.bayern und www.wir-feiern.bayern<\/p>\n<p>Quelle: stmgp.bayern.de<\/p>\n","protected":false},"excerpt":{"rendered":"<p>M\u00fcnchen: Huml bei regionaler B\u00fcrgerkonferenz in Bamberg &#8211; Bayerns Gesundheits- und Pflegeministerin setzt auf Mitarbeit vieler Menschen am &#8222;B\u00fcrgergutachten 2030&#8220; Bayerns Gesundheits- und Pflegeministerin Melanie Huml hat am Sonntag an der regionalen B\u00fcrgerkonferenz in Bamberg teilgenommen. Huml betonte aus diesem Anlass: &#8222;Es ist wichtig, dass die Menschen in Bayern auch bei schwierigen Themen mitreden und [&hellip;]<\/p>\n","protected":false},"author":7,"featured_media":0,"comment_status":"closed","ping_status":"open","sticky":false,"template":"","format":"standard","meta":{"footnotes":""},"categories":[78,71],"tags":[2372],"class_list":["post-11096","post","type-post","status-publish","format-standard","hentry","category-bayern","category-menue","tag-buergergutachten-2030"],"_links":{"self":[{"href":"https:\/\/www.frankensicht.de\/index.php?rest_route=\/wp\/v2\/posts\/11096","targetHints":{"allow":["GET"]}}],"collection":[{"href":"https:\/\/www.frankensicht.de\/index.php?rest_route=\/wp\/v2\/posts"}],"about":[{"href":"https:\/\/www.frankensicht.de\/index.php?rest_route=\/wp\/v2\/types\/post"}],"author":[{"embeddable":true,"href":"https:\/\/www.frankensicht.de\/index.php?rest_route=\/wp\/v2\/users\/7"}],"replies":[{"embeddable":true,"href":"https:\/\/www.frankensicht.de\/index.php?rest_route=%2Fwp%2Fv2%2Fcomments&post=11096"}],"version-history":[{"count":1,"href":"https:\/\/www.frankensicht.de\/index.php?rest_route=\/wp\/v2\/posts\/11096\/revisions"}],"predecessor-version":[{"id":11097,"href":"https:\/\/www.frankensicht.de\/index.php?rest_route=\/wp\/v2\/posts\/11096\/revisions\/11097"}],"wp:attachment":[{"href":"https:\/\/www.frankensicht.de\/index.php?rest_route=%2Fwp%2Fv2%2Fmedia&parent=11096"}],"wp:term":[{"taxonomy":"category","embeddable":true,"href":"https:\/\/www.frankensicht.de\/index.php?rest_route=%2Fwp%2Fv2%2Fcategories&post=11096"},{"taxonomy":"post_tag","embeddable":true,"href":"https:\/\/www.frankensicht.de\/index.php?rest_route=%2Fwp%2Fv2%2Ftags&post=11096"}],"curies":[{"name":"wp","href":"https:\/\/api.w.org\/{rel}","templated":true}]}}