{"id":11082,"date":"2017-10-12T08:35:41","date_gmt":"2017-10-12T06:35:41","guid":{"rendered":"http:\/\/www.frankensicht.de\/?p=11082"},"modified":"2017-10-12T08:35:41","modified_gmt":"2017-10-12T06:35:41","slug":"patientendaten-muessen-geschuetzt-werden","status":"publish","type":"post","link":"https:\/\/www.frankensicht.de\/?p=11082","title":{"rendered":"Patientendaten m\u00fcssen gesch\u00fctzt werden"},"content":{"rendered":"<p><span style=\"color: #ff0000;\">M\u00fcnchen:<\/span><\/p>\n<p>Huml: IT-Sicherheit in Krankenh\u00e4usern verbessern &#8211; Bayerns Gesundheitsministerin zur Tagung Krankenhausdirektoren in Bad W\u00f6rishofen: Patientendaten m\u00fcssen gesch\u00fctzt werden<\/p>\n<p>Bayerns Gesundheitsministerin Melanie Huml will erreichen, dass die IT-Sicherheit in den bayerischen Krankenh\u00e4usern weiter verbessert wird. Huml betonte am Mittwoch anl\u00e4sslich einer Tagung der bayerischen Krankenhausdirektoren in Bad W\u00f6rishofen: &#8222;Patientendaten sind \u00e4u\u00dferst sensible Daten von einem Menschen. Der Schutz der IT-Systeme f\u00fcr alle Krankenh\u00e4user muss daher mit hoher Priorit\u00e4t vorangetrieben werden.&#8220;<\/p>\n<p><a href=\"https:\/\/www.frankensicht.de\/?attachment_id=4951\" rel=\"attachment wp-att-4951\"><img loading=\"lazy\" decoding=\"async\" class=\"alignnone size-medium wp-image-4951\" src=\"https:\/\/www.frankensicht.de\/wp-content\/uploads\/2013\/01\/krankenhaus-300x187.jpg\" alt=\"\" width=\"300\" height=\"187\" srcset=\"https:\/\/www.frankensicht.de\/wp-content\/uploads\/2013\/01\/krankenhaus-300x187.jpg 300w, https:\/\/www.frankensicht.de\/wp-content\/uploads\/2013\/01\/krankenhaus.jpg 640w\" sizes=\"auto, (max-width: 300px) 100vw, 300px\" \/><\/a><\/p>\n<p>Die Ministerin f\u00fcgte hinzu: &#8222;Um die Krankenh\u00e4user zu unterst\u00fctzen, beabsichtigt die Bayerische Staatsregierung, im Rahmen der Initiative Bayern digital II ein Projekt zum Thema Smart Hospital zu initiieren. Ziel soll es sein, ab 2018 zun\u00e4chst Erkenntnisse \u00fcber den Stand der IT-Ausstattung und IT-Anwendung insbesondere im Bereich der Sicherheitstechnik in den bayerischen Krankenh\u00e4usern zu gewinnen und daraus konkrete Handlungsempfehlungen abzuleiten.&#8220;<\/p>\n<p>Huml warnte: &#8222;Die Risiken durch Cyber-Attacken d\u00fcrfen nicht untersch\u00e4tzt werden. Denn selbstverst\u00e4ndlich nutzen auch Krankenh\u00e4user digitale Medien l\u00e4ngst zur internen und externen Kommunikation. Klar ist zudem: Bei einem Krankenhausaufenthalt entstehen sehr sensible und pers\u00f6nliche Daten &amp;ndash; zum Beispiel Diagnosen, Untersuchungsergebnisse und Therapieempfehlungen. Auch deshalb ist es Aufgabe der Krankenh\u00e4user, ausreichend Sicherheitsma\u00dfnahmen zu ergreifen.&#8220;<\/p>\n<p>Die Ministerin verwies zugleich darauf, dass der Freistaat Bayern verl\u00e4sslicher Partner der Krankenh\u00e4user ist. Huml erl\u00e4uterte: &#8222;Am Montag dieser Woche haben Finanzministerium und kommunale Spitzenverb\u00e4nde eine Anhebung des Krankenhausf\u00f6rderetats f\u00fcr 2018 um 140 Millionen Euro auf rund 643 Millionen beschlossen. Das ist ein starkes gesundheitspolitisches Signal f\u00fcr die Krankenh\u00e4user, vor allem aber auch f\u00fcr die Patienten in Bayern! Das schafft zus\u00e4tzlichen finanziellen Spielraum f\u00fcr notwendige Investitionen.&#8220;<\/p>\n<p>Huml f\u00fcgte hinzu: &#8222;Klar ist: Wir brauchen auch in Zukunft ausreichend Finanzmittel f\u00fcr die Modernisierung unserer bayerischen Krankenh\u00e4user. Nur mit zeitgem\u00e4\u00dfen Geb\u00e4uden und einer modernen Infrastruktur in unseren Kliniken k\u00f6nnen wir die qualitativ hochwertige und fl\u00e4chendeckende station\u00e4re Versorgung der Menschen in Bayern aufrechterhalten und die Herausforderungen des medizinischen Fortschritts bew\u00e4ltigen.&#8220;<\/p>\n<p>Quelle:stmgp.bayern,de<\/p>\n","protected":false},"excerpt":{"rendered":"<p>M\u00fcnchen: Huml: IT-Sicherheit in Krankenh\u00e4usern verbessern &#8211; Bayerns Gesundheitsministerin zur Tagung Krankenhausdirektoren in Bad W\u00f6rishofen: Patientendaten m\u00fcssen gesch\u00fctzt werden Bayerns Gesundheitsministerin Melanie Huml will erreichen, dass die IT-Sicherheit in den bayerischen Krankenh\u00e4usern weiter verbessert wird. Huml betonte am Mittwoch anl\u00e4sslich einer Tagung der bayerischen Krankenhausdirektoren in Bad W\u00f6rishofen: &#8222;Patientendaten sind \u00e4u\u00dferst sensible Daten von einem [&hellip;]<\/p>\n","protected":false},"author":7,"featured_media":4951,"comment_status":"closed","ping_status":"open","sticky":false,"template":"","format":"standard","meta":{"footnotes":""},"categories":[78,71],"tags":[1789,312],"class_list":["post-11082","post","type-post","status-publish","format-standard","has-post-thumbnail","hentry","category-bayern","category-menue","tag-it-sicherheit","tag-krankenhauser"],"_links":{"self":[{"href":"https:\/\/www.frankensicht.de\/index.php?rest_route=\/wp\/v2\/posts\/11082","targetHints":{"allow":["GET"]}}],"collection":[{"href":"https:\/\/www.frankensicht.de\/index.php?rest_route=\/wp\/v2\/posts"}],"about":[{"href":"https:\/\/www.frankensicht.de\/index.php?rest_route=\/wp\/v2\/types\/post"}],"author":[{"embeddable":true,"href":"https:\/\/www.frankensicht.de\/index.php?rest_route=\/wp\/v2\/users\/7"}],"replies":[{"embeddable":true,"href":"https:\/\/www.frankensicht.de\/index.php?rest_route=%2Fwp%2Fv2%2Fcomments&post=11082"}],"version-history":[{"count":1,"href":"https:\/\/www.frankensicht.de\/index.php?rest_route=\/wp\/v2\/posts\/11082\/revisions"}],"predecessor-version":[{"id":11083,"href":"https:\/\/www.frankensicht.de\/index.php?rest_route=\/wp\/v2\/posts\/11082\/revisions\/11083"}],"wp:featuredmedia":[{"embeddable":true,"href":"https:\/\/www.frankensicht.de\/index.php?rest_route=\/wp\/v2\/media\/4951"}],"wp:attachment":[{"href":"https:\/\/www.frankensicht.de\/index.php?rest_route=%2Fwp%2Fv2%2Fmedia&parent=11082"}],"wp:term":[{"taxonomy":"category","embeddable":true,"href":"https:\/\/www.frankensicht.de\/index.php?rest_route=%2Fwp%2Fv2%2Fcategories&post=11082"},{"taxonomy":"post_tag","embeddable":true,"href":"https:\/\/www.frankensicht.de\/index.php?rest_route=%2Fwp%2Fv2%2Ftags&post=11082"}],"curies":[{"name":"wp","href":"https:\/\/api.w.org\/{rel}","templated":true}]}}