{"id":11078,"date":"2017-10-10T08:23:52","date_gmt":"2017-10-10T06:23:52","guid":{"rendered":"http:\/\/www.frankensicht.de\/?p=11078"},"modified":"2017-10-10T08:23:52","modified_gmt":"2017-10-10T06:23:52","slug":"bayerns-justizminister-verleiht-in-nuernberg-medaillen-fuer-verdienste-um-die-bayerische-justiz","status":"publish","type":"post","link":"https:\/\/www.frankensicht.de\/?p=11078","title":{"rendered":"Bayerns Justizminister verleiht in N\u00fcrnberg Medaillen f\u00fcr Verdienste um die Bayerische Justiz"},"content":{"rendered":"<p><span style=\"color: #ff0000;\">M\u00fcnchen:<\/span><\/p>\n<p>Bayerns Justizminister verleiht in N\u00fcrnberg Medaillen f\u00fcr Verdienste um die Bayerische Justiz \/ Bausback: &#8222;Au\u00dfergew\u00f6hnliches Engagement aus Idealismus und innerer \u00dcberzeugung ist Fundament einer menschlichen Justiz!&#8220;<\/p>\n<p>Bayerns Justizminister Prof. Dr. Winfried Bausback verleiht heute im K\u00f6nigssaal des N\u00fcrnberger Justizpalastes die Medaille f\u00fcr Verdienste um die Bayerische Justiz an Peter Doll, Marianne Ecker, Renate Mandel, Dr. Theodoros Radisoglou, Friedolin Resch, Brigitte S\u00e4nger und Elsava Sch\u00f6ner. In seiner Festansprache w\u00fcrdigt der Minister die Leistungen der Geehrten: &#8222;Au\u00dfergew\u00f6hnliches Engagement aus Idealismus und innerer \u00dcberzeugung ist das Fundament einer menschlichen Justiz. Hierzu haben Sie alle in ganz unterschiedlicher Weise beigetragen. Es ist mir daher ein ganz besonderes Anliegen, Sie f\u00fcr diesen Ihren Einsatz mit der Justizmedaille auszuzeichnen und mich f\u00fcr Ihr gro\u00dfes Engagement ganz herzlich zu bedanken. Menschen wie Sie bereichern Bayern und die bayerische Justiz in unsch\u00e4tzbarer Weise!&#8220;<\/p>\n<p><a href=\"https:\/\/www.frankensicht.de\/?attachment_id=3276\" rel=\"attachment wp-att-3276\"><img loading=\"lazy\" decoding=\"async\" class=\"alignnone size-medium wp-image-3276\" src=\"https:\/\/www.frankensicht.de\/wp-content\/uploads\/2012\/07\/knast-300x225.png\" alt=\"\" width=\"300\" height=\"225\" srcset=\"https:\/\/www.frankensicht.de\/wp-content\/uploads\/2012\/07\/knast-300x225.png 300w, https:\/\/www.frankensicht.de\/wp-content\/uploads\/2012\/07\/knast.png 840w\" sizes=\"auto, (max-width: 300px) 100vw, 300px\" \/><\/a><\/p>\n<p>Peter Doll aus N\u00fcrnberg erh\u00e4lt die Auszeichnung f\u00fcr sein langj\u00e4hriges ehrenamtliches Engagement in der Anwaltschaft, zun\u00e4chst als Mitglied im Vorstand der Rechtsanwaltskammer N\u00fcrnberg, sp\u00e4ter \u00fcber 15 Jahre hinweg unter anderem als 1. Vorsitzender des N\u00fcrnberg-F\u00fcrther Anwaltvereins. Bausback an den Geehrten: &#8222;Sie haben sich \u00fcber viele Jahre mit nimmerm\u00fcdem Einsatz vor allem um die Rechtsanwaltschaft in Bayern verdient gemacht. Hierf\u00fcr m\u00f6chte ich Ihnen meinen ganz herzlichen Dank aussprechen.&#8220;<\/p>\n<p>Marianne Ecker aus N\u00fcrnberg und Renate Mandel aus Stein k\u00fcmmern sich bereits seit fast 30 Jahren als ehrenamtliche Mitarbeiterinnen in der Strafhaft um Frauen und M\u00e4nner der Justizvollzugsanstalt N\u00fcrnberg, unter anderem durch ihr regelm\u00e4\u00dfiges Angebot von Erste-Hilfe-Kursen. Bayerns Justizminister hebt hervor: &#8222;Sie haben beide stets ein offenes Ohr f\u00fcr die verschiedensten Anliegen der Gefangenen. Das ist sicher der Grund, warum Sie bei den Inhaftierten \u00fcberaus beliebt und hoch geachtet sind. Ihr Einsatz, Ihre Leidenschaft und Ihre Ausdauer zum Wohle des bayerischen Justizvollzuges verdienen eine besondere W\u00fcrdigung und meinen ganz pers\u00f6nlichen Dank!&#8220;<\/p>\n<p>Dr. Theodoros Radisoglou aus Erlangen hat sich insbesondere als erster mit der Bedeutung der \u00dcbersetzer und Dolmetscher im N\u00fcrnberger Hauptkriegsverbrecherprozess und in den Folgeprozessen besch\u00e4ftigt. Er hat zudem eine Wanderausstellung zu diesem Thema konzipiert, die an zahlreichen Gerichten gezeigt wurde. Bausback: &#8222;F\u00fcr Ihren herausragenden Einsatz geb\u00fchrt Ihnen nicht nur gro\u00dfe Anerkennung aus historischer Sicht. Auch f\u00fcr Ihre gro\u00dfen Verdienste um die F\u00f6rderung der Zusammenarbeit zwischen Dolmetschern, \u00dcbersetzern und den Gerichten in Bayern m\u00f6chte ich Ihnen pers\u00f6nlich meinen herzlichen Dank aussprechen!&#8220;<\/p>\n<p>Friedolin Resch aus Straubing und Rektor im Justizvollzugsdienst a.D. war bis zu seiner Pensionierung 2013 als Anstaltsp\u00e4dagoge t\u00e4tig. Zudem leitet er seit Jahrzehnten das Anstaltsarchiv der Justizvollzugsanstalt Straubing. Dort k\u00fcmmert er sich um die historische Aufarbeitung und Dokumentation der Geschichte der Justizvollzugsanstalt Straubing. Der Justizminister in seiner Laudatio: &#8222;Sie haben sich nicht nur in ganz erheblichem Ma\u00dfe bei Ihrer tagt\u00e4glichen Arbeit mit Strafgefangenen verdient gemacht. Auch als Pension\u00e4r setzen Sie Ihre Arbeit fort und stehen der Justizvollzugsanstalt aber auch Au\u00dfenstehenden, die an der Geschichte der Justizvollzugsanstalt interessiert sind, als kompetenter Ratgeber zur Verf\u00fcgung. F\u00fcr Ihre gro\u00dfartigen Leistungen danke ich Ihnen von Herzen!&#8220;<\/p>\n<p>Brigitte S\u00e4nger aus Amberg engagiert sich seit nunmehr ann\u00e4hernd 35 Jahren tatkr\u00e4ftig als ehrenamtliche Betreuerin von Gefangenen in der Justizvollzugsanstalt Amberg bei der Einzelbetreuung von Gefangenen. Unter anderem leitete sie etwa 15 Jahre lang themenzentrierte Gespr\u00e4chsgruppen f\u00fcr Gefangene im Wohngruppenvollzug. Bausback betont: &#8222;Mit viel Herzblut und immenser Tatkraft betreuen Sie die Gefangenen und unterst\u00fctzten sie etwa beim Briefwechsel oder im Rahmen von Vollzugslockerungen. Sie leisten damit einen gro\u00dfartigen Beitrag zur Resozialisierung der Gefangenen. Vielen herzlichen Dank f\u00fcr Ihren Einsatz!&#8220;<\/p>\n<p>Elsava Sch\u00f6ner aus Zirndorf leitete von 1991 bis 2008 als erste bayerische Anstaltsleiterin die einzige sozialtherapeutische Justizvollzugsanstalt Bayerns in Erlangen. Ihr beruflich erworbenes Wissen hat Frau Sch\u00f6ner nach ihrer Pensionierung ehrenamtlich in der L\u00e4nderkommission der Nationalen Stelle gegen Folter auf international anerkanntem Niveau eingebracht und sich dabei gro\u00dfe Verdienste erworben.<\/p>\n<p>Bayerns Justizminister stellt heraus: &#8222;Bereits durch Ihre berufliche T\u00e4tigkeit im Justizvollzug haben Sie einen wichtigen Beitrag f\u00fcr unsere Gesellschaft erbracht. Aber damit nicht genug: Im Ehrenamt haben Sie sich um die Verh\u00fctung von Folter und Misshandlungen in Deutschland in au\u00dferordentlichem Ma\u00dfe verdient gemacht. Hierf\u00fcr mein allerherzlichster Dank und meine h\u00f6chste Anerkennung!&#8220;<\/p>\n<p>Quelle: stmj.bayern.de<\/p>\n","protected":false},"excerpt":{"rendered":"<p>M\u00fcnchen: Bayerns Justizminister verleiht in N\u00fcrnberg Medaillen f\u00fcr Verdienste um die Bayerische Justiz \/ Bausback: &#8222;Au\u00dfergew\u00f6hnliches Engagement aus Idealismus und innerer \u00dcberzeugung ist Fundament einer menschlichen Justiz!&#8220; Bayerns Justizminister Prof. Dr. Winfried Bausback verleiht heute im K\u00f6nigssaal des N\u00fcrnberger Justizpalastes die Medaille f\u00fcr Verdienste um die Bayerische Justiz an Peter Doll, Marianne Ecker, Renate Mandel, [&hellip;]<\/p>\n","protected":false},"author":7,"featured_media":3276,"comment_status":"closed","ping_status":"open","sticky":false,"template":"","format":"standard","meta":{"footnotes":""},"categories":[78,71],"tags":[2368],"class_list":["post-11078","post","type-post","status-publish","format-standard","has-post-thumbnail","hentry","category-bayern","category-menue","tag-justiznmedallie"],"_links":{"self":[{"href":"https:\/\/www.frankensicht.de\/index.php?rest_route=\/wp\/v2\/posts\/11078","targetHints":{"allow":["GET"]}}],"collection":[{"href":"https:\/\/www.frankensicht.de\/index.php?rest_route=\/wp\/v2\/posts"}],"about":[{"href":"https:\/\/www.frankensicht.de\/index.php?rest_route=\/wp\/v2\/types\/post"}],"author":[{"embeddable":true,"href":"https:\/\/www.frankensicht.de\/index.php?rest_route=\/wp\/v2\/users\/7"}],"replies":[{"embeddable":true,"href":"https:\/\/www.frankensicht.de\/index.php?rest_route=%2Fwp%2Fv2%2Fcomments&post=11078"}],"version-history":[{"count":1,"href":"https:\/\/www.frankensicht.de\/index.php?rest_route=\/wp\/v2\/posts\/11078\/revisions"}],"predecessor-version":[{"id":11079,"href":"https:\/\/www.frankensicht.de\/index.php?rest_route=\/wp\/v2\/posts\/11078\/revisions\/11079"}],"wp:featuredmedia":[{"embeddable":true,"href":"https:\/\/www.frankensicht.de\/index.php?rest_route=\/wp\/v2\/media\/3276"}],"wp:attachment":[{"href":"https:\/\/www.frankensicht.de\/index.php?rest_route=%2Fwp%2Fv2%2Fmedia&parent=11078"}],"wp:term":[{"taxonomy":"category","embeddable":true,"href":"https:\/\/www.frankensicht.de\/index.php?rest_route=%2Fwp%2Fv2%2Fcategories&post=11078"},{"taxonomy":"post_tag","embeddable":true,"href":"https:\/\/www.frankensicht.de\/index.php?rest_route=%2Fwp%2Fv2%2Ftags&post=11078"}],"curies":[{"name":"wp","href":"https:\/\/api.w.org\/{rel}","templated":true}]}}