{"id":11076,"date":"2017-10-09T08:08:08","date_gmt":"2017-10-09T06:08:08","guid":{"rendered":"http:\/\/www.frankensicht.de\/?p=11076"},"modified":"2017-10-09T08:08:08","modified_gmt":"2017-10-09T06:08:08","slug":"krankheiten-aktiv-vorbeugen","status":"publish","type":"post","link":"https:\/\/www.frankensicht.de\/?p=11076","title":{"rendered":"Krankheiten aktiv vorbeugen"},"content":{"rendered":"<p><span style=\"color: #ff0000;\">M\u00fcnchen:<\/span><\/p>\n<p>Huml wirbt f\u00fcr gesunde Lebensweise &#8211; Bayerns Gesundheitsministerin anl\u00e4sslich der Gesundheitsmesse SenioFit-AktiFit in Forchheim: Krankheiten aktiv vorbeugen<\/p>\n<p>Bayerns Gesundheitsministerin Melanie Huml wirbt f\u00fcr eine gesunde Lebensweise, um Krankheiten vorzubeugen. Huml betonte am Sonntag anl\u00e4sslich der Gesundheitsmesse SenioFit-AktiFit in Forchheim: &#8222;Eines meiner wichtigsten Ziele ist es, dass es in ganz Bayern die bestm\u00f6gliche medizinische Versorgung gibt &amp;ndash; auch auf dem Land. Aber am besten ist es, erst gar nicht krank zu werden &amp;ndash; und viele Krankheiten lassen sich durch eine ausgewogene Ern\u00e4hrung und Bewegung vermeiden.&#8220;<\/p>\n<p><a href=\"https:\/\/www.frankensicht.de\/?attachment_id=8920\" rel=\"attachment wp-att-8920\"><img loading=\"lazy\" decoding=\"async\" class=\"alignnone size-medium wp-image-8920\" src=\"https:\/\/www.frankensicht.de\/wp-content\/uploads\/2015\/08\/P1020624-300x225.jpg\" alt=\"\" width=\"300\" height=\"225\" srcset=\"https:\/\/www.frankensicht.de\/wp-content\/uploads\/2015\/08\/P1020624-300x225.jpg 300w, https:\/\/www.frankensicht.de\/wp-content\/uploads\/2015\/08\/P1020624.jpg 640w\" sizes=\"auto, (max-width: 300px) 100vw, 300px\" \/><\/a><\/p>\n<p>Die Ministerin verwies auf ihr erfolgreiches F\u00f6rderprogramm &#8222;Gesundheitsregionen plus&#8220;. Sie erl\u00e4uterte: &#8222;In einem Fl\u00e4chenland wie Bayern sind regionale L\u00f6sungen im Gesundheitsbereich besonders wichtig. So unterschiedlich die regionalen Strukturen sind, so individuell sind auch die Herausforderungen und deren L\u00f6sungen.&#8220;<\/p>\n<p>Huml f\u00fcgte hinzu: &#8222;St\u00e4dte und Landkreise brauchen daher passgenaue L\u00f6sungen f\u00fcr die \u00f6rtliche Gesundheitsversorgung und Pr\u00e4vention. Ziel des F\u00f6rderprogramms &#8218;Gesundheitsregionen plus&#8216; ist es deshalb, regionale St\u00e4rken auszubauen und die \u00f6rtlichen Akteure st\u00e4rker zu vernetzen. Wir f\u00f6rdern die beteiligten St\u00e4dte und Landkreise jeweils bis zu f\u00fcnf Jahre und verbessern damit die Gesundheitsvorsorge und die medizinische Versorgung der Menschen!&#8220;<\/p>\n<p>Die Ministerin unterstrich: &#8222;Bei der Gesundheitsmesse SenioFit-AktiFit stehen die k\u00f6rperlichen, psychischen und sozialen Faktoren im Zentrum, die ein gesundes \u00c4lterwerden bestimmen. Und genau das ist auch die Schnittmenge mit der &#8218;Gesundheitsregion plus&#8216;. Gemeinsam mit Gesundheits\u00e4mtern, \u00c4rzten, Apotheken, den Fachkr\u00e4ften f\u00fcr Heilberufe oder den Beratungseinrichtungen wollen wir Gesundheitsf\u00f6rderung und Pr\u00e4vention st\u00e4rker in den Alltag der Menschen integrieren. Und deshalb freut es mich umso mehr, dass die &#8218;Gesundheitsregion plus&#8216; Forchheim dieses Jahr Partnerin der Gesundheitsmesse SenioFit-AktiFit ist.&#8220;<\/p>\n<p>Huml f\u00fcgte hinzu: &#8222;Das vom bayerischen Gesundheitsministerium angesto\u00dfene Netzwerk wird in Forchheim aktiv und erfolgreich gelebt. Als &#8218;Gesundheitsregion plus&#8216; hat sich der Landkreis Forchheim verpflichtet, die Gesundheitsversorgung sowie die Gesundheitsf\u00f6rderung und Pr\u00e4vention in der Region weiter voranzubringen. Ein besonders wichtiges Thema dabei ist das &#8218;gesunde \u00c4lterwerden&#8216;.&#8220;<\/p>\n<p>Der Landkreis Forchheim ist bereits seit April 2016 &#8222;Gesundheitsregion plus&#8220; und wird vom bayerischen Gesundheitsministerium bis Ende des Jahres 2020 mit knapp 240.000 Euro unterst\u00fctzt. Insgesamt werden mittlerweile 37 Gesundheitsregionen plus gef\u00f6rdert.<\/p>\n<p>Die Ministerin erg\u00e4nzte: &#8222;Mit vereinten Kr\u00e4ften setzen wir uns im Freistaat daf\u00fcr ein, dass die Menschen ihre gewonnenen Jahre m\u00f6glichst lange in m\u00f6glichst guter Gesundheit verbringen k\u00f6nnen. Hierf\u00fcr bieten Gesundheitsf\u00f6rderung und Pr\u00e4vention Chancen und M\u00f6glichkeiten in jedem Lebensalter und in jeder Lebenslage. Das ist auch der Grundgedanke unsere Schwerpunktthemas Seniorengesundheit. Der offizielle Startschuss hierf\u00fcr erfolgt am 24. Oktober.&#8220;<\/p>\n<p>Quelle: stmgp.bayern.de<\/p>\n<p>&nbsp;<\/p>\n","protected":false},"excerpt":{"rendered":"<p>M\u00fcnchen: Huml wirbt f\u00fcr gesunde Lebensweise &#8211; Bayerns Gesundheitsministerin anl\u00e4sslich der Gesundheitsmesse SenioFit-AktiFit in Forchheim: Krankheiten aktiv vorbeugen Bayerns Gesundheitsministerin Melanie Huml wirbt f\u00fcr eine gesunde Lebensweise, um Krankheiten vorzubeugen. Huml betonte am Sonntag anl\u00e4sslich der Gesundheitsmesse SenioFit-AktiFit in Forchheim: &#8222;Eines meiner wichtigsten Ziele ist es, dass es in ganz Bayern die bestm\u00f6gliche medizinische Versorgung [&hellip;]<\/p>\n","protected":false},"author":7,"featured_media":8920,"comment_status":"closed","ping_status":"open","sticky":false,"template":"","format":"standard","meta":{"footnotes":""},"categories":[78,71],"tags":[2367],"class_list":["post-11076","post","type-post","status-publish","format-standard","has-post-thumbnail","hentry","category-bayern","category-menue","tag-krankheiten-vorbeugen"],"_links":{"self":[{"href":"https:\/\/www.frankensicht.de\/index.php?rest_route=\/wp\/v2\/posts\/11076","targetHints":{"allow":["GET"]}}],"collection":[{"href":"https:\/\/www.frankensicht.de\/index.php?rest_route=\/wp\/v2\/posts"}],"about":[{"href":"https:\/\/www.frankensicht.de\/index.php?rest_route=\/wp\/v2\/types\/post"}],"author":[{"embeddable":true,"href":"https:\/\/www.frankensicht.de\/index.php?rest_route=\/wp\/v2\/users\/7"}],"replies":[{"embeddable":true,"href":"https:\/\/www.frankensicht.de\/index.php?rest_route=%2Fwp%2Fv2%2Fcomments&post=11076"}],"version-history":[{"count":1,"href":"https:\/\/www.frankensicht.de\/index.php?rest_route=\/wp\/v2\/posts\/11076\/revisions"}],"predecessor-version":[{"id":11077,"href":"https:\/\/www.frankensicht.de\/index.php?rest_route=\/wp\/v2\/posts\/11076\/revisions\/11077"}],"wp:featuredmedia":[{"embeddable":true,"href":"https:\/\/www.frankensicht.de\/index.php?rest_route=\/wp\/v2\/media\/8920"}],"wp:attachment":[{"href":"https:\/\/www.frankensicht.de\/index.php?rest_route=%2Fwp%2Fv2%2Fmedia&parent=11076"}],"wp:term":[{"taxonomy":"category","embeddable":true,"href":"https:\/\/www.frankensicht.de\/index.php?rest_route=%2Fwp%2Fv2%2Fcategories&post=11076"},{"taxonomy":"post_tag","embeddable":true,"href":"https:\/\/www.frankensicht.de\/index.php?rest_route=%2Fwp%2Fv2%2Ftags&post=11076"}],"curies":[{"name":"wp","href":"https:\/\/api.w.org\/{rel}","templated":true}]}}