{"id":11073,"date":"2017-10-08T08:56:59","date_gmt":"2017-10-08T06:56:59","guid":{"rendered":"http:\/\/www.frankensicht.de\/?p=11073"},"modified":"2017-10-08T08:56:59","modified_gmt":"2017-10-08T06:56:59","slug":"freundschaft-und-nachbarschaft-zwischen-bayern-und-tschechien-weiter-staerken","status":"publish","type":"post","link":"https:\/\/www.frankensicht.de\/?p=11073","title":{"rendered":"\u201eFreundschaft und Nachbarschaft zwischen Bayern und Tschechien weiter st\u00e4rken\u201c:"},"content":{"rendered":"<p><span style=\"color: #ff0000;\">Bayrisch Eisenstein -Tschechien:<\/span><\/p>\n<p>\u201eFreundschaft und Nachbarschaft zwischen Bayern und Tschechien weiter st\u00e4rken\u201c:<\/p>\n<p>Sprachgipfel als Spiegel des Miteinanders<\/p>\n<p>&nbsp;<\/p>\n<p>Lehrer und Sch\u00fcler, Hochschulvertreter und Studierende, B\u00fcrgermeister und Unternehmer vertiefen die Beziehungen zwischen Bayern und Tschechien \u2013 intensiver Austausch zu Kooperationen \u2013 Staatssekret\u00e4r Bernd Sibler: \u201eInitiativen schaffen ein Klima des Miteinanders\u201c<\/p>\n<p><a href=\"https:\/\/www.frankensicht.de\/?attachment_id=8536\" rel=\"attachment wp-att-8536\"><img loading=\"lazy\" decoding=\"async\" class=\"alignnone size-medium wp-image-8536\" src=\"https:\/\/www.frankensicht.de\/wp-content\/uploads\/2015\/05\/tschechische-republik-300x200.png\" alt=\"\" width=\"300\" height=\"200\" srcset=\"https:\/\/www.frankensicht.de\/wp-content\/uploads\/2015\/05\/tschechische-republik-300x200.png 300w, https:\/\/www.frankensicht.de\/wp-content\/uploads\/2015\/05\/tschechische-republik-220x146.png 220w, https:\/\/www.frankensicht.de\/wp-content\/uploads\/2015\/05\/tschechische-republik.png 900w\" sizes=\"auto, (max-width: 300px) 100vw, 300px\" \/><\/a><\/p>\n<p>\u201eDer bayerisch-tschechische Sprachgipfel hat uns allen heute eindr\u00fccklich gezeigt, wie vielf\u00e4ltig die Kooperationen zwischen bayerischen und tschechischen Schulen, Hochschulen, Bildungseinrichtungen, Kommunen und Unternehmen inzwischen sind. Der intensive Austausch zwischen den Teilnehmern aus der Grenzregion kann wie ein Katalysator wirken und neue Ideen der Zusammenarbeit hervorbringen\u201c, zog Staatssekret\u00e4r Bernd Sibler heute in Bayerisch Eisenstein im Anschluss an die Netzwerktagung Bilanz. Gemeinsam mit Dr. Olaf Heinrich, Pr\u00e4sident der Europaregion Donau-Moldau, hatte er Bildungs- und Wirtschaftsvertreter zu einem bayerisch-tschechischen Sprachgipfel eingeladen, um die nachbarschaftlichen Kontakte weiter zu st\u00e4rken.<\/p>\n<p>\u201eDie freundschaftliche Beziehung zur Tschechischen Republik ist f\u00fcr Bayern nicht nur ein wertvolles Geschenk, sondern auch eine dauerhafte interkulturelle Aufgabe. Daher freue ich mich sehr \u00fcber die vielen Initiativen und Projekte, die unser Bildungsangebot bereichern, ein Klima des Miteinanders schaffen und dar\u00fcber hinaus Impulsgeber f\u00fcr weitere Vorhaben sein k\u00f6nnen\u201c, so der Staatssekret\u00e4r, der selbst in dieser Region zu Hause ist.<\/p>\n<p>Breites Informationsangebot<\/p>\n<p>An rund 25 St\u00e4nden informierten Schulen, Hochschulen, Bildungsinstitutionen und Wirtschaftsverb\u00e4nden \u00fcber verschiedene Programme, Projekte und Kooperationen zwischen tschechischen und bayerischen Partnern. Die Pr\u00e4sidentin der Ostbayerischen Technischen Hochschule (OTH) Amberg-Weiden, Prof. Dr. Andrea Klug, beleuchtete in ihrem Impulsvortrag notwendige Kompetenzen und Strategien der grenz\u00fcberschreitenden Zusammenarbeit zwischen Bayern und Osteuropa. \u00dcber Perspektiven f\u00fcr das nachbarschaftliche Miteinander sprachen im Rahmen des Programms u.a. die tschechische Generalkonsulin Kristina Larischov\u00e0, der deutsche Botschafter in Prag Dr. Christoph Israng, der Vizepr\u00e4sident der IHK Niederbayern Franz-Xaver Birnbeck sowie Dr. Petr Bannert aus dem tschechischen Bildungsministerium.<\/p>\n<p>Vielf\u00e4ltiges Angebot im Schul- und Hochschulbereich<\/p>\n<p>Anhand der Informationsangebote wurde deutlich, dass es eine Vielzahl an Ideen und Initiativen gibt, die Sprache und Kultur der tschechischen Nachbarn den jungen Menschen in Bayern n\u00e4her zu bringen und die grenz\u00fcberschreitende Zusammenarbeit in Forschung und Lehre zu intensivieren.<\/p>\n<p>Im schulischen Bereich geh\u00f6ren dazu u.a. tschechischer Sprachunterricht, rund 140 Schulpartnerschaften mit Auslandsaufenthalten von \u00fcber 4.000 Sch\u00fclerinnen und Sch\u00fclern, der Erwerb von Sprachzertifikaten in Zusammenarbeit mit der Karlsuniversit\u00e4t Prag, tschechische Sommerkurse f\u00fcr Lehrkr\u00e4fte aus Bayern, schulische Initiativen mit der regionalen Wirtschaft oder auch grenz\u00fcberschreitende Kooperationen im schulischen und au\u00dferschulischen Sport.<\/p>\n<p>Im Hochschulbereich gr\u00fcndet sich die Zusammenarbeit neben vielen Einzelkontakten auf \u00fcber 90 offizielle Partnerschaftsvertr\u00e4ge zwischen bayerischen und tschechischen Hochschulen. Das Bayerische Hochschulzentrum f\u00fcr Mittel-, Ost- und S\u00fcdosteuropa (BAYHOST) mit Sitz an der Universit\u00e4t Regensburg unterst\u00fctzt die bayerischen Hochschulen intensiv beim Auf- und Ausbau von Forschungsnetzwerken sowie von studentischem und akademischem Austausch mit tschechischen Partnerhochschulen, insbesondere \u00fcber die angegliederte Bayerisch-Tschechische Hochschulagentur.<\/p>\n<p>Staatssekret\u00e4r Sibler verwies auf die wertvolle Zusammenarbeit zwischen dem Tschechischen Bildungs- und Kulturministerium und dem Bayerischen Bildungsministerium, die sich u.a. in einer gemeinsamen Absichtserkl\u00e4rung zur verst\u00e4rkten Zusammenarbeit in allen kulturellen Bereichen und einer Vereinbarung zum Ausbau der wissenschaftlichen Forschungskooperationen manifestiert.<\/p>\n<p>\u00dcber Sprache Menschen erreichen<\/p>\n<p>Staatssekret\u00e4r Sibler und der Pr\u00e4sident der Europaregion Donau-Moldau Dr. Heinrich dankten allen bayerischen und tschechischen Partnern f\u00fcr ihr Engagement und ihre Bereitschaft, die nachbarschaftlichen Beziehungen weiter zu vertiefen. Mit Blick auf die Zukunft der Donau-Moldau-Region, die Initiativen und Programme in diesem Raum b\u00fcndelt, wandte sich Dr. Heinrich an die Teilnehmer: \u201eAm besten lernt man eine Sprache, wenn man den Menschen mit Neugier, Offenheit und Interesse begegnet. Lassen Sie uns gemeinsam daran arbeiten, dass unsere Region auch sprachlich zusammenw\u00e4chst, damit ein fruchtbares Miteinander gelingen kann und uns allen \u2013 ob kulturell, wirtschaftlich oder politisch \u2013 eine bl\u00fchende Zukunft erm\u00f6glicht.&#8220;<\/p>\n<p>Abschlie\u00dfend betonte Staatssekret\u00e4r Sibler: \u201e\u201aKolik \u0159e\u010d\u00ed zn\u00e1\u0161, tolikr\u00e1t jsi \u010dlov\u011bkem \u2013 So viele Sprachen du sprichst, so oft bist du Mensch.\u2019 Dieses tschechische Sprichwort macht anschaulich, wie wichtig interkulturelle Bildung ist. Dazu geh\u00f6rt unbedingt auch der Erwerb fremdsprachlicher Kenntnisse, weil diese uns einen vertieften Zugang zur jeweils anderen Kultur er\u00f6ffnen. Lassen Sie uns also alle gemeinsam weiter an der Verst\u00e4ndigung arbeiten!\u201c<\/p>\n<p>&nbsp;<\/p>\n<p>Fotos der Veranstaltung k\u00f6nnen ab Freitag, 06.10.2017, ab ca. 14 Uhr unter http:\/\/www.km.bayern.de\/pressematerial kostenfrei heruntergeladen werden.<\/p>\n<p>&nbsp;<\/p>\n","protected":false},"excerpt":{"rendered":"<p>Bayrisch Eisenstein -Tschechien: \u201eFreundschaft und Nachbarschaft zwischen Bayern und Tschechien weiter st\u00e4rken\u201c: Sprachgipfel als Spiegel des Miteinanders &nbsp; Lehrer und Sch\u00fcler, Hochschulvertreter und Studierende, B\u00fcrgermeister und Unternehmer vertiefen die Beziehungen zwischen Bayern und Tschechien \u2013 intensiver Austausch zu Kooperationen \u2013 Staatssekret\u00e4r Bernd Sibler: \u201eInitiativen schaffen ein Klima des Miteinanders\u201c \u201eDer bayerisch-tschechische Sprachgipfel hat uns allen [&hellip;]<\/p>\n","protected":false},"author":7,"featured_media":7610,"comment_status":"closed","ping_status":"open","sticky":false,"template":"","format":"standard","meta":{"footnotes":""},"categories":[78,71],"tags":[2366],"class_list":["post-11073","post","type-post","status-publish","format-standard","has-post-thumbnail","hentry","category-bayern","category-menue","tag-sprachgipfel"],"_links":{"self":[{"href":"https:\/\/www.frankensicht.de\/index.php?rest_route=\/wp\/v2\/posts\/11073","targetHints":{"allow":["GET"]}}],"collection":[{"href":"https:\/\/www.frankensicht.de\/index.php?rest_route=\/wp\/v2\/posts"}],"about":[{"href":"https:\/\/www.frankensicht.de\/index.php?rest_route=\/wp\/v2\/types\/post"}],"author":[{"embeddable":true,"href":"https:\/\/www.frankensicht.de\/index.php?rest_route=\/wp\/v2\/users\/7"}],"replies":[{"embeddable":true,"href":"https:\/\/www.frankensicht.de\/index.php?rest_route=%2Fwp%2Fv2%2Fcomments&post=11073"}],"version-history":[{"count":1,"href":"https:\/\/www.frankensicht.de\/index.php?rest_route=\/wp\/v2\/posts\/11073\/revisions"}],"predecessor-version":[{"id":11074,"href":"https:\/\/www.frankensicht.de\/index.php?rest_route=\/wp\/v2\/posts\/11073\/revisions\/11074"}],"wp:featuredmedia":[{"embeddable":true,"href":"https:\/\/www.frankensicht.de\/index.php?rest_route=\/wp\/v2\/media\/7610"}],"wp:attachment":[{"href":"https:\/\/www.frankensicht.de\/index.php?rest_route=%2Fwp%2Fv2%2Fmedia&parent=11073"}],"wp:term":[{"taxonomy":"category","embeddable":true,"href":"https:\/\/www.frankensicht.de\/index.php?rest_route=%2Fwp%2Fv2%2Fcategories&post=11073"},{"taxonomy":"post_tag","embeddable":true,"href":"https:\/\/www.frankensicht.de\/index.php?rest_route=%2Fwp%2Fv2%2Ftags&post=11073"}],"curies":[{"name":"wp","href":"https:\/\/api.w.org\/{rel}","templated":true}]}}