{"id":11071,"date":"2017-10-07T08:33:15","date_gmt":"2017-10-07T06:33:15","guid":{"rendered":"http:\/\/www.frankensicht.de\/?p=11071"},"modified":"2017-10-07T08:33:15","modified_gmt":"2017-10-07T06:33:15","slug":"internationaler-meeresschutz","status":"publish","type":"post","link":"https:\/\/www.frankensicht.de\/?p=11071","title":{"rendered":"Internationaler Meeresschutz"},"content":{"rendered":"<p><span style=\"color: #ff0000;\">Berlin:<\/span><\/p>\n<p>Internationaler Meeresschutz<br \/>\nHendricks: \u201eBelastung der Weltmeere schnell beenden\u201c<br \/>\nVierte \u201eOur Ocean-Konferenz\u201c zum Meeresschutz beginnt in Malta<\/p>\n<p>Bundesumweltministerin Barbara Hendricks setzt sich bei der vierten \u201eOur<br \/>\nOcean-Konferenz\u201c zum Meeresschutz f\u00fcr die Einrichtung internationaler<br \/>\nSchutzgebiete auf Hoher See ein. Die Meere sind weiterhin die am wenigsten<br \/>\ngesch\u00fctzten Gebiete der Erde. Die Vereinten Nationen haben vereinbart bis<br \/>\n2020 f\u00fcr mindestens 10% der Meeresfl\u00e4chen Schutzgebiete einzurichten.<br \/>\nDie Our Ocean Konferenz wird in diesem Jahr von der Europ\u00e4ischen<br \/>\nKommission organisiert. Sie findet vom 5.-6.Oktober im maltesischen Ort<br \/>\nSt. Julian\u2018s statt.<\/p>\n<p>Themen der Konferenz sind dieses Jahr Meeresschutzgebiete, Klimawandel,<br \/>\nNachhaltige Fischerei, Meeresverschmutzung, Maritime Sicherheit und<br \/>\nNachhaltige \u201aBlaue Wirtschaft. Wie auch in den vergangenen Jahren werden<br \/>\ndie Teilnehmerstaaten freiwillige Verpflichtungen zum Schutz der Weltmeere<br \/>\nbekanntgeben.<\/p>\n<p>Hendricks: \u201eDie Weltmeere leiden unter Verm\u00fcllung, \u00dcberfischung und<br \/>\nKlimawandel. Das internationale Engagement f\u00fcr einen nachhaltigeren<br \/>\nUmgang mit unseren Ozeanen und Meeren m\u00fcssen wir daher weiter<br \/>\nverst\u00e4rken. Deutschland hat mit den Aktionspl\u00e4-nen der G7 und der G20<br \/>\ngegen Meeresm\u00fcll eine wichtige Grundlage gelegt. International anerkannte<br \/>\nMeeresschutzgebiete auf Hoher See w\u00e4ren jetzt ein weiterer notwendiger<br \/>\nSchritt.\u201c<\/p>\n<p>Deutschland setzt sich gemeinsam mit der EU seit vielen Jahren f\u00fcr die<br \/>\nAufnahme von Verhandlungen \u00fcber ein verbindliches Regelwerk zum Schutz<br \/>\nvon Meeresgebieten jen-seits nationaler Hoheitsgewalt ein. Das<br \/>\nUN-Seerechts\u00fcbereinkommen (SR\u00dc) von 1982 enth\u00e4lt dazu zwar bereits<br \/>\nallgemeine Vorgaben. Es bestehen aber erhebliche L\u00fccken in der Umsetzung.<\/p>\n<p>Um den Schutz von Meeresgebieten auf Hoher See zu verbessern, wird sich<br \/>\nDeutschland auf der 4. \u201eOur Ocean-Konferenz\u201c unter anderem<br \/>\nverpflichten, die Identifizierung besonders \u00f6kologisch wertvoller<br \/>\nMeeresgebiete zu unterst\u00fctzen. Bundesumweltministerin Hendricks wird<br \/>\nzudem \u00fcber den G20-Aktionsplan gegen Meeresm\u00fcll informieren, den<br \/>\nDeutschland unter seiner Pr\u00e4sidentschaft initiiert hat. F\u00fcr dessen<br \/>\nUmsetzung und f\u00fcr weitere Meeresschutzprojekte, zum Beispiel zur<br \/>\nnachhaltigen Fischerei, wird Deutschland 30 Millionen Euro bereitstellen.<br \/>\nDie Bundesregierung hatte sich 2016 bei der dritten \u201eOur<br \/>\nOcean-Konferenz\u201c verpflichtet, einen solchen Aktionsplan zu erstellen.<\/p>\n<p>Weitere Informationen<\/p>\n<p>G20-Aktionsplan gegen Meeresm\u00fcll (engl.):<br \/>\nhttps:\/\/www.g20.org\/Content\/DE\/_Anlagen\/G7_G20\/2017-g20-marine-litter-en.pdf?__blob=publicationFile&#038;v=3<\/p>\n<p>Meeresschutz im Rahmen der Internationale Klimaschutzinitiative (IKI):<br \/>\nDie Internationale Klimaschutzinitiative der Bundesregierung unterst\u00fctzt<br \/>\nderzeit 35 Pro-jekte, um die Artenvielfalt in K\u00fcsten und Meeren zu<br \/>\nerhalten und damit die Anpassungsf\u00e4higkeit der K\u00fcstenbewohner gegen die<br \/>\nFolgen des Klimawandels zu st\u00e4rken, zum Beispiel durch die<br \/>\nWiederherstellung und den Schutz von Mangrovenw\u00e4ldern. Das F\u00f6rdervolumen<br \/>\ndes BMUB f\u00fcr diese Projekte betr\u00e4gt rund 191 Mio. \u20ac.<\/p>\n<p><a href=\"https:\/\/www.frankensicht.de\/?attachment_id=4804\" rel=\"attachment wp-att-4804\"><img loading=\"lazy\" decoding=\"async\" class=\"alignnone size-medium wp-image-4804\" src=\"https:\/\/www.frankensicht.de\/wp-content\/uploads\/2012\/12\/schiff-300x225.jpg\" alt=\"\" width=\"300\" height=\"225\" srcset=\"https:\/\/www.frankensicht.de\/wp-content\/uploads\/2012\/12\/schiff-300x225.jpg 300w, https:\/\/www.frankensicht.de\/wp-content\/uploads\/2012\/12\/schiff-1024x768.jpg 1024w\" sizes=\"auto, (max-width: 300px) 100vw, 300px\" \/><\/a><\/p>\n<p>\u201eManagement der Meeres- und K\u00fcstenbiodiversit\u00e4t in pazifischen<br \/>\nInselstaaten und Atollen\u201c \u2013 ein Regionalvorhaben in den L\u00e4ndern<br \/>\nFidschi, Salomonen, Vanuatu, Kiribati und Tonga:<br \/>\nhttps:\/\/www.international-climate-initiative.com\/de\/nc\/projekte\/weltkarte-und-projektliste\/details\/management-der-meeres-und-kuestenbiodiversitaet-in-pazifischen-inselstaaten-und-atollen-344\/?no_cache=1?b=3,2,0,4,0,0&#038;kw=<\/p>\n<p>St\u00e4rkung der regionalen Governance f\u00fcr die Hohe See:<br \/>\nhttps:\/\/www.international-climate-initiative.com\/de\/nc\/projekte\/weltkarte-und-projektliste\/details\/strong-hochsee&#8211;staerkung-der-regionalen-governance-der-hochsee-547\/?no_cache=1?b=2,0,501,4,0,1&#038;kw=Marine<br \/>\nprotection<\/p>\n<p>Blue Solutions &#8211; Umsetzung des Strategischen Plans der<br \/>\nBiodiversit\u00e4tskon-vention im Bereich Erhalt und Wiederherstellung von<br \/>\nMeeres- und K\u00fcsten-\u00f6kosystemen:<br \/>\nhttps:\/\/www.international-climate-initiative.com\/de\/nc\/projekte\/weltkarte-und-projektliste\/details\/281\/<\/p>\n<p>Global Ocean Biodiversity Initiative (GOBI):<br \/>\nhttps:\/\/www.international-climate-initiative.com\/de\/nc\/projekte\/weltkarte-und-projektliste\/details\/482\/<\/p>\n<p>https:\/\/www.facebook.com\/bmub.bund<\/p>\n<p>https:\/\/www.instagram.com\/bmub\/<\/p>\n<p>Quelle:bmub.bund.de<\/p>\n<p>&nbsp;<\/p>\n","protected":false},"excerpt":{"rendered":"<p>Berlin: Internationaler Meeresschutz Hendricks: \u201eBelastung der Weltmeere schnell beenden\u201c Vierte \u201eOur Ocean-Konferenz\u201c zum Meeresschutz beginnt in Malta Bundesumweltministerin Barbara Hendricks setzt sich bei der vierten \u201eOur Ocean-Konferenz\u201c zum Meeresschutz f\u00fcr die Einrichtung internationaler Schutzgebiete auf Hoher See ein. Die Meere sind weiterhin die am wenigsten gesch\u00fctzten Gebiete der Erde. Die Vereinten Nationen haben vereinbart bis [&hellip;]<\/p>\n","protected":false},"author":7,"featured_media":4804,"comment_status":"closed","ping_status":"open","sticky":false,"template":"","format":"standard","meta":{"footnotes":""},"categories":[44,3,30],"tags":[2365],"class_list":["post-11071","post","type-post","status-publish","format-standard","has-post-thumbnail","hentry","category-deutschland-2","category-news","category-welt","tag-internationaler-meeresschutz"],"_links":{"self":[{"href":"https:\/\/www.frankensicht.de\/index.php?rest_route=\/wp\/v2\/posts\/11071","targetHints":{"allow":["GET"]}}],"collection":[{"href":"https:\/\/www.frankensicht.de\/index.php?rest_route=\/wp\/v2\/posts"}],"about":[{"href":"https:\/\/www.frankensicht.de\/index.php?rest_route=\/wp\/v2\/types\/post"}],"author":[{"embeddable":true,"href":"https:\/\/www.frankensicht.de\/index.php?rest_route=\/wp\/v2\/users\/7"}],"replies":[{"embeddable":true,"href":"https:\/\/www.frankensicht.de\/index.php?rest_route=%2Fwp%2Fv2%2Fcomments&post=11071"}],"version-history":[{"count":2,"href":"https:\/\/www.frankensicht.de\/index.php?rest_route=\/wp\/v2\/posts\/11071\/revisions"}],"predecessor-version":[{"id":11075,"href":"https:\/\/www.frankensicht.de\/index.php?rest_route=\/wp\/v2\/posts\/11071\/revisions\/11075"}],"wp:featuredmedia":[{"embeddable":true,"href":"https:\/\/www.frankensicht.de\/index.php?rest_route=\/wp\/v2\/media\/4804"}],"wp:attachment":[{"href":"https:\/\/www.frankensicht.de\/index.php?rest_route=%2Fwp%2Fv2%2Fmedia&parent=11071"}],"wp:term":[{"taxonomy":"category","embeddable":true,"href":"https:\/\/www.frankensicht.de\/index.php?rest_route=%2Fwp%2Fv2%2Fcategories&post=11071"},{"taxonomy":"post_tag","embeddable":true,"href":"https:\/\/www.frankensicht.de\/index.php?rest_route=%2Fwp%2Fv2%2Ftags&post=11071"}],"curies":[{"name":"wp","href":"https:\/\/api.w.org\/{rel}","templated":true}]}}