{"id":11058,"date":"2017-09-30T08:09:17","date_gmt":"2017-09-30T06:09:17","guid":{"rendered":"http:\/\/www.frankensicht.de\/?p=11058"},"modified":"2017-09-30T08:09:17","modified_gmt":"2017-09-30T06:09:17","slug":"gewerbeschau-in-traunstein-praesentiert-erfolgreiche-unternehmen-und-bietet-jungen-menschen-wertvolle-anregungen-fuer-beruflichen-lebensweg","status":"publish","type":"post","link":"https:\/\/www.frankensicht.de\/?p=11058","title":{"rendered":"Gewerbeschau in Traunstein pr\u00e4sentiert erfolgreiche Unternehmen und bietet jungen Menschen wertvolle Anregungen f\u00fcr beruflichen Lebensweg"},"content":{"rendered":"<p><span style=\"color: #ff0000;\">Traunstein:<\/span><\/p>\n<p>\u201eGewerbeschau in Traunstein pr\u00e4sentiert erfolgreiche Unternehmen und bietet jungen Menschen wertvolle Anregungen f\u00fcr beruflichen Lebensweg\u201c<\/p>\n<p>Bildungs- und Wissenschaftsminister Dr. Ludwig Spaenle bei Er\u00f6ffnung der \u201etruna 2017\u201c \u2013 Berufliche Bildung als Erfolgsmodell Bayerns<\/p>\n<p>\u201eDie Gewerbeschau in Traunstein ist ein attraktives Schaufenster, in dem erfolgreiche Unternehmen aus Handel, Handwerk und Dienstleistung ihre Arbeit pr\u00e4sentieren. Und sie ist ein \u00fcberzeugendes Markenzeichen f\u00fcr die Stadt und die gesamte Region und schafft einen direkten Kontakt zwischen Anbietern, Kunden und Gesch\u00e4ftspartnern\u201c, erkl\u00e4rte Bildungs- und Wissenschaftsminister Dr. Ludwig Spaenle heute beim Auftakt zur 20. Gewerbeschau \u201etruna\u201c in Traunstein.<\/p>\n<p><a href=\"https:\/\/www.frankensicht.de\/?attachment_id=7477\" rel=\"attachment wp-att-7477\"><img loading=\"lazy\" decoding=\"async\" class=\"alignnone size-medium wp-image-7477\" src=\"https:\/\/www.frankensicht.de\/wp-content\/uploads\/2014\/08\/P1020626-300x225.jpg\" alt=\"\" width=\"300\" height=\"225\" srcset=\"https:\/\/www.frankensicht.de\/wp-content\/uploads\/2014\/08\/P1020626-300x225.jpg 300w, https:\/\/www.frankensicht.de\/wp-content\/uploads\/2014\/08\/P1020626.jpg 640w\" sizes=\"auto, (max-width: 300px) 100vw, 300px\" \/><\/a><\/p>\n<p>Der Minister hob die Bedeutung der wettbewerbsstarken Unternehmen und Betriebe im Freistaat hervor. Sie sichern vor Ort qualit\u00e4tsvolle Arbeits- und Ausbildungspl\u00e4tze und garantieren die hohe Innovationskraft der bayerischen Wirtschaft. Dazu tragen ma\u00dfgeblich hochqualifizierte Arbeitnehmer, engagierte Unternehmer, eine leistungsf\u00e4hige Forschungsinfrastruktur in allen Regionen sowie mittelstandsorientierte F\u00f6rderprogramme in Bayern bei. Beispielsweise unterst\u00fctzt der Freistaat mit der Zukunftsstrategie \u201eBayern Digital\u201c den \u00dcbergang in die digitale Welt.<\/p>\n<p>\u201eEin besonderes Erfolgsmodell Bayerns sind die berufliche Bildung und das duale System, die weit \u00fcber den Freistaat hinaus hochgesch\u00e4tzt werden. Sie sorgen f\u00fcr bestens qualifizierte Fachkr\u00e4fte, die in Theorie und Praxis fit sind\u201c, so Spaenle. Die berufliche Bildung in Bayern sei dabei stets am Puls der Zeit und bereite Fach- und Nachwuchskr\u00e4fte beispielsweise auf eine vernetzte \u201eIndustrie und Wirtschaft 4.0\u201c vor.<\/p>\n<p>Der Minister betonte: \u201eDer Weg \u00fcber die berufliche Bildung lohnt sich. Die Gewerbeschau in Traunstein zeigt dies eindrucksvoll und gibt besonders jungen Menschen wertvolle Anregungen f\u00fcr ihren beruflichen Lebensweg.\u201c Er w\u00fcnschte Besuchern und Unternehmen eine erfolgreiche Ausstellung mit interessanten Begegnungen, Entdeckungen und Gespr\u00e4chen.<\/p>\n<p>Zum 20. Mal bietet die \u201etruna\u201c in Traunstein eine gro\u00dfe Gewerbeschau mit 200 Ausstellern aus den Bereichen Handel, Handwerk und Dienstleistung. Rund 35.000 Besucher werden in der Ausstellung vom 29. September bis 3. Oktober 2017 erwartet.<\/p>\n<p>Quelle: stmbw.bayern.de<\/p>\n<p>&nbsp;<\/p>\n","protected":false},"excerpt":{"rendered":"<p>Traunstein: \u201eGewerbeschau in Traunstein pr\u00e4sentiert erfolgreiche Unternehmen und bietet jungen Menschen wertvolle Anregungen f\u00fcr beruflichen Lebensweg\u201c Bildungs- und Wissenschaftsminister Dr. Ludwig Spaenle bei Er\u00f6ffnung der \u201etruna 2017\u201c \u2013 Berufliche Bildung als Erfolgsmodell Bayerns \u201eDie Gewerbeschau in Traunstein ist ein attraktives Schaufenster, in dem erfolgreiche Unternehmen aus Handel, Handwerk und Dienstleistung ihre Arbeit pr\u00e4sentieren. Und sie [&hellip;]<\/p>\n","protected":false},"author":7,"featured_media":8920,"comment_status":"closed","ping_status":"open","sticky":false,"template":"","format":"standard","meta":{"footnotes":""},"categories":[78,71],"tags":[2360],"class_list":["post-11058","post","type-post","status-publish","format-standard","has-post-thumbnail","hentry","category-bayern","category-menue","tag-erfolgreiche-unternehmen"],"_links":{"self":[{"href":"https:\/\/www.frankensicht.de\/index.php?rest_route=\/wp\/v2\/posts\/11058","targetHints":{"allow":["GET"]}}],"collection":[{"href":"https:\/\/www.frankensicht.de\/index.php?rest_route=\/wp\/v2\/posts"}],"about":[{"href":"https:\/\/www.frankensicht.de\/index.php?rest_route=\/wp\/v2\/types\/post"}],"author":[{"embeddable":true,"href":"https:\/\/www.frankensicht.de\/index.php?rest_route=\/wp\/v2\/users\/7"}],"replies":[{"embeddable":true,"href":"https:\/\/www.frankensicht.de\/index.php?rest_route=%2Fwp%2Fv2%2Fcomments&post=11058"}],"version-history":[{"count":3,"href":"https:\/\/www.frankensicht.de\/index.php?rest_route=\/wp\/v2\/posts\/11058\/revisions"}],"predecessor-version":[{"id":11061,"href":"https:\/\/www.frankensicht.de\/index.php?rest_route=\/wp\/v2\/posts\/11058\/revisions\/11061"}],"wp:featuredmedia":[{"embeddable":true,"href":"https:\/\/www.frankensicht.de\/index.php?rest_route=\/wp\/v2\/media\/8920"}],"wp:attachment":[{"href":"https:\/\/www.frankensicht.de\/index.php?rest_route=%2Fwp%2Fv2%2Fmedia&parent=11058"}],"wp:term":[{"taxonomy":"category","embeddable":true,"href":"https:\/\/www.frankensicht.de\/index.php?rest_route=%2Fwp%2Fv2%2Fcategories&post=11058"},{"taxonomy":"post_tag","embeddable":true,"href":"https:\/\/www.frankensicht.de\/index.php?rest_route=%2Fwp%2Fv2%2Ftags&post=11058"}],"curies":[{"name":"wp","href":"https:\/\/api.w.org\/{rel}","templated":true}]}}