{"id":11052,"date":"2017-10-01T08:43:59","date_gmt":"2017-10-01T06:43:59","guid":{"rendered":"http:\/\/www.frankensicht.de\/?p=11052"},"modified":"2017-10-01T08:43:59","modified_gmt":"2017-10-01T06:43:59","slug":"maro-verlag-aus-augsburg-erhaelt-bayerischen-kleinverlagspreis-2017","status":"publish","type":"post","link":"https:\/\/www.frankensicht.de\/?p=11052","title":{"rendered":"Maro Verlag aus Augsburg erh\u00e4lt Bayerischen Kleinverlagspreis 2017"},"content":{"rendered":"<p><span style=\"color: #ff0000;\">M\u00fcnchen:<\/span><\/p>\n<p>Kunstminister Spaenle: Maro Verlag aus Augsburg erh\u00e4lt Bayerischen Kleinverlagspreis 2017 &#8211; Kunstminister Dr. Ludwig Spaenle w\u00fcrdigt literarische Qualit\u00e4t des Verlagsprogramms &#8211; Preisgeld von 7.500 Euro und F\u00f6rderung<\/p>\n<p>&nbsp;<\/p>\n<p>&#8222;Den Preis f\u00fcr einen bayerischen Kleinverlag erh\u00e4lt in diesem Jahr der Maro Verlag aus Augsburg&#8220;, dies gab Bayerns Kunstminister Dr. Ludwig Spaenle heute in M\u00fcnchen bekannt. &#8222;Seit fast 50 Jahren sorgt der Maro Verlag f\u00fcr literarische \u00dcberraschungen. Er hat die freiheitsliebenden und wortm\u00e4chtigen Autoren der Beat-Generation aus den USA in den deutschsprachigen Raum gebracht und zeigt bis heute besonderen Sp\u00fcrsinn f\u00fcr bemerkenswerte Autorinnen und Autoren&#8220;, gratulierte der Minister.<\/p>\n<p>Der Kleinverlagspreis ist mit 7.500 Euro dotiert und wird 2017 zum neunten Mal vom Bayerischen Kunstministerium auf Vorschlag einer Jury vergeben. &#8222;Mit dem Bayerischen Kleinverlagspreis zeichnen wir bayerische Unternehmen aus, die die Verlagslandschaft im Freistaat mit innovativen Ideen, herausragenden Programmen und Lust am Entdecken von Autorinnen und Autoren beleben&#8220;, so Minister Spaenle.<\/p>\n<p><a href=\"https:\/\/www.frankensicht.de\/?attachment_id=3409\" rel=\"attachment wp-att-3409\"><img loading=\"lazy\" decoding=\"async\" class=\"alignnone size-medium wp-image-3409\" src=\"https:\/\/www.frankensicht.de\/wp-content\/uploads\/2012\/07\/buch2-300x225.jpg\" alt=\"\" width=\"300\" height=\"225\" srcset=\"https:\/\/www.frankensicht.de\/wp-content\/uploads\/2012\/07\/buch2-300x225.jpg 300w, https:\/\/www.frankensicht.de\/wp-content\/uploads\/2012\/07\/buch2.jpg 640w\" sizes=\"auto, (max-width: 300px) 100vw, 300px\" \/><\/a><\/p>\n<p>Der Maro Verlag wurde 1969 von Benno K\u00e4smayr und Franz Bermeitinger gegr\u00fcndet. Ab Fr\u00fchjahr 1970 erschienen die ersten Buchver\u00f6ffentlichungen. Der Durchbruch kam mit den B\u00fcchern von Charles Bukowski (Gedichte und Kurzprosa, kongenial \u00fcbersetzt von Carl Weissner), der Anfang der 1970er-Jahre Schwierigkeiten hatte, in Deutschland einen Verlag zu finden. Weitere Titel von in Deutschland unver\u00f6ffentlichten amerikanischen Autoren der Beat-Generation, den sogenannten Beatniks, wie William S. Burroughs, Jack Kerouac, Paul Bowles oder John Fante verschafften dem Maro Verlag sein bis heute g\u00fcltiges Renommee. Maro machte das deutsche Publikum auch mit den Texten herausragender Autorinnen aus den USA wie Jane Kerouac, Anne Waldmann oder Juliet Escoria bekannt. Als besonders gewagtes und zu seiner Zeit zukunftsweisendes Projekt galt die Subskriptionsausgabe des Romans Mulligan Stew von Gilbert Sorrentino 1997. 100 nummerierte und signierte Exemplare, verkauft binnen drei Wochen,<br \/>\nfinanzierten die Publikation.<\/p>\n<p>Der Maro Verlag entdeckte zahlreiche deutsche Autorinnen und Autoren wie J\u00f6rg Fauser, G\u00fcnter Ohnemus, Uli Becker, Michael Schulte, Andreas Mand und Susanne Neuffer. Im Maro Verlag erschienen auch die ersten 15 Ausgaben der legend\u00e4ren in Original-Flachdruck-Graphik hergestellten &#8222;Tollen Hefte&#8220;, 1991-2012 von Armin Abmeier, nach dessen Tod von Rotraut Susanne Berner herausgegeben. Die Illustratorin und Autorin pr\u00e4gte die besondere \u00c4sthetik des Maro Verlags. Bereits 1983 erhielt sie f\u00fcr die Gestaltung der Bucheinb\u00e4nde den Celestino-Piatti-Preis f\u00fcr Buchgrafik. Weitere Schwerpunkte des Maro Verlags sind Typographie-B\u00fccher, Fachb\u00fccher zum Thema Textildesign und Textiltechnik sowie Fachb\u00fccher aus den Bereichen Sozialpolitik und Sozialp\u00e4dagogik. 2002 erhielt der Verlag den Kurt-Wolff-Preis zur F\u00f6rderung einer vielf\u00e4ltigen Verlags- und Literaturszene.<\/p>\n<p>Die Jury w\u00fcrdigt mit ihrem Vorschlag, dem Minister Spaenle gern folgt, die Unbeirrbarkeit des Verlags: &#8222;Seit beinahe einem halben Jahrhundert leistet der Maro Verlag Pionierarbeit als innovativer Kleinverlag und ist dabei seinem Grundanliegen, qualitativ hochwertige Belletristik zu verlegen, ohne Kompromisse an den Zeitgeist treu geblieben. Das gilt auch f\u00fcr seine hohen gestalterischen Ma\u00dfst\u00e4be. Bei seinem Publikum hat sich der Verlag immer wieder auf \u00fcberraschende Weise in Erinnerung gebracht. Der Maro Verlag ist in Bewegung geblieben und will bewegen.&#8220; Ein besonderer Schwerpunkt sei die Pflege der deutschsprachigen Autorinnen und Autoren, die ihrem Verlag treu geblieben sind. Nach wie vor sei dem Verlag das Aufsp\u00fcren von Talenten ein wichtiges Anliegen.<\/p>\n<p>&nbsp;<\/p>\n<p>Der Jury geh\u00f6ren an: Nicola Bardola (Autor und Journalist), Tanja Graf (Leiterin Literaturhaus M\u00fcnchen), Hans Kratzer (S\u00fcddeutsche Zeitung) und Sebastian Zembol (Vorstand des B\u00f6rsenvereins des Deutschen Buchhandels &#8211; Landesverband Bayern e.V.).<\/p>\n<p>&nbsp;<\/p>\n<p>Preisverleihung im Literaturhaus M\u00fcnchen<\/p>\n<p>&nbsp;<\/p>\n<p>Die Preisverleihung ist f\u00fcr den 27. November 2017 im M\u00fcnchner Literaturhaus als Auftakt zum Markt der unabh\u00e4ngigen Verlage im Rahmen des Literaturfests M\u00fcnchen geplant. Der Maro Verlag pr\u00e4sentiert sich dort auf Einladung des Literaturhauses mit einem eigenen Stand. Der B\u00f6rsenverein des Deutschen Buchhandels &#8211; Landesverband Bayern finanziert zudem auch in diesem Jahr dem Preistr\u00e4ger-Verlag einen Stand auf der M\u00fcnchner B\u00fccherschau im Kulturzentrum Gasteig.<\/p>\n<p>&nbsp;<\/p>\n<p>Weitere Informationen zum Preis finden Sie im Internet unter http:\/\/www.km.bayern.de\/kunst-und-kultur\/literatur\/preise.html<\/p>\n<p>Quelle: stmbw.bayern.de<\/p>\n","protected":false},"excerpt":{"rendered":"<p>M\u00fcnchen: Kunstminister Spaenle: Maro Verlag aus Augsburg erh\u00e4lt Bayerischen Kleinverlagspreis 2017 &#8211; Kunstminister Dr. Ludwig Spaenle w\u00fcrdigt literarische Qualit\u00e4t des Verlagsprogramms &#8211; Preisgeld von 7.500 Euro und F\u00f6rderung &nbsp; &#8222;Den Preis f\u00fcr einen bayerischen Kleinverlag erh\u00e4lt in diesem Jahr der Maro Verlag aus Augsburg&#8220;, dies gab Bayerns Kunstminister Dr. Ludwig Spaenle heute in M\u00fcnchen bekannt. [&hellip;]<\/p>\n","protected":false},"author":7,"featured_media":3409,"comment_status":"closed","ping_status":"open","sticky":false,"template":"","format":"standard","meta":{"footnotes":""},"categories":[78,71],"tags":[2358],"class_list":["post-11052","post","type-post","status-publish","format-standard","has-post-thumbnail","hentry","category-bayern","category-menue","tag-kleinstverlagspreis-2017"],"_links":{"self":[{"href":"https:\/\/www.frankensicht.de\/index.php?rest_route=\/wp\/v2\/posts\/11052","targetHints":{"allow":["GET"]}}],"collection":[{"href":"https:\/\/www.frankensicht.de\/index.php?rest_route=\/wp\/v2\/posts"}],"about":[{"href":"https:\/\/www.frankensicht.de\/index.php?rest_route=\/wp\/v2\/types\/post"}],"author":[{"embeddable":true,"href":"https:\/\/www.frankensicht.de\/index.php?rest_route=\/wp\/v2\/users\/7"}],"replies":[{"embeddable":true,"href":"https:\/\/www.frankensicht.de\/index.php?rest_route=%2Fwp%2Fv2%2Fcomments&post=11052"}],"version-history":[{"count":1,"href":"https:\/\/www.frankensicht.de\/index.php?rest_route=\/wp\/v2\/posts\/11052\/revisions"}],"predecessor-version":[{"id":11053,"href":"https:\/\/www.frankensicht.de\/index.php?rest_route=\/wp\/v2\/posts\/11052\/revisions\/11053"}],"wp:featuredmedia":[{"embeddable":true,"href":"https:\/\/www.frankensicht.de\/index.php?rest_route=\/wp\/v2\/media\/3409"}],"wp:attachment":[{"href":"https:\/\/www.frankensicht.de\/index.php?rest_route=%2Fwp%2Fv2%2Fmedia&parent=11052"}],"wp:term":[{"taxonomy":"category","embeddable":true,"href":"https:\/\/www.frankensicht.de\/index.php?rest_route=%2Fwp%2Fv2%2Fcategories&post=11052"},{"taxonomy":"post_tag","embeddable":true,"href":"https:\/\/www.frankensicht.de\/index.php?rest_route=%2Fwp%2Fv2%2Ftags&post=11052"}],"curies":[{"name":"wp","href":"https:\/\/api.w.org\/{rel}","templated":true}]}}