{"id":11031,"date":"2017-09-19T07:50:09","date_gmt":"2017-09-19T05:50:09","guid":{"rendered":"http:\/\/www.frankensicht.de\/?p=11031"},"modified":"2017-09-19T07:50:23","modified_gmt":"2017-09-19T05:50:23","slug":"woche-der-demenz","status":"publish","type":"post","link":"https:\/\/www.frankensicht.de\/?p=11031","title":{"rendered":"Woche der Demenz"},"content":{"rendered":"<p><span style=\"color: #ff0000;\">Berlin:<\/span><\/p>\n<p>Woche der Demenz<\/p>\n<p>Dr. Katarina Barley und Hermann Gr\u00f6he: \u201eMenschen mit Demenz und ihre Angeh\u00f6rigen brauchen gesellschaftliche Unterst\u00fctzung\u201c<\/p>\n<p>Unter dem Motto \u201eDemenz. Die Vielfalt im Blick\u201c findet vom 18. bis 24. September deutschlandweit zum dritten Mal die Woche der Demenz unter der gemeinsamen Schirmherrschaft von Bundesfamilienministerin Dr. Katarina Barley und Bundesgesundheitsminister Hermann Gr\u00f6he statt. Mit der Woche der Demenz will die \u201eAllianz f\u00fcr Menschen mit Demenz\u201c Verst\u00e4ndnis und Unterst\u00fctzung f\u00fcr Betroffene und pflegende Angeh\u00f6rige f\u00f6rdern.<\/p>\n<p>Bundesfamilienministerin Dr. Katarina Barley: \u201eDemenz ist in unserer Gesellschaft immer noch ein Tabuthema. Deshalb ist es besonders wichtig, aufzukl\u00e4ren, Vorurteile oder \u00c4ngste abzubauen und Begegnungen mit Betroffenen m\u00f6glich zu machen. Genau dieses Ziel verfolgen die von uns gef\u00f6rderten 500 Standorte im Modellprogramm der Lokalen Allianzen f\u00fcr Menschen mit Demenz: Sch\u00fclerinnen und Sch\u00fcler \u00fcbernehmen Patenschaften f\u00fcr demenziell erkrankte Heimbewohnerinnen und -bewohner, Sportvereine integrieren Menschen mit Demenz durch besondere Angebote, Demenzlotsen sensibilisieren das Personal in Krankenh\u00e4usern und Kommunen schulen Demenzbegleiterinnen und -begleiter insbesondere f\u00fcr Menschen mit Migrationshintergrund. Die Vielfalt des Engagements zeigt: Jeder kann helfen, die Situation von an Demenz erkrankten Menschen und ihren Angeh\u00f6rigen zu verbessern.\u201c<\/p>\n<p>Bundesgesundheitsminister Hermann Gr\u00f6he: \u201eMit der Pflegereform haben wir daf\u00fcr gesorgt, dass Demenzkranke und ihre Familien sp\u00fcrbar mehr Hilfe erhalten. Wir brauchen dar\u00fcber hinaus eine gemeinsame Kraftanstrengung in allen Bereichen unserer Gesellschaft. Dazu geh\u00f6rt eine gute pflegerische und medizinische Versorgung genauso wie ein verst\u00e4ndnisvoller Umgang mit Demenzkranken, sei es in Arztpraxen, Krankenh\u00e4usern, in B\u00fcrger\u00e4mtern oder im Supermarkt. Die Woche der Demenz richtet sich an jeden und jede von uns \u2013 denn Menschen, die an einer Demenz erkrankt sind, brauchen die Unterst\u00fctzung und das Verst\u00e4ndnis der ganzen Gesellschaft.\u201c<\/p>\n<p><a href=\"https:\/\/www.frankensicht.de\/?attachment_id=6376\" rel=\"attachment wp-att-6376\"><img loading=\"lazy\" decoding=\"async\" class=\"alignnone size-medium wp-image-6376\" src=\"https:\/\/www.frankensicht.de\/wp-content\/uploads\/2013\/11\/P1000861-300x225.jpg\" alt=\"\" width=\"300\" height=\"225\" srcset=\"https:\/\/www.frankensicht.de\/wp-content\/uploads\/2013\/11\/P1000861-300x225.jpg 300w, https:\/\/www.frankensicht.de\/wp-content\/uploads\/2013\/11\/P1000861.jpg 640w\" sizes=\"auto, (max-width: 300px) 100vw, 300px\" \/><\/a><\/p>\n<p>Rund 1,6 Millionen Menschen sind heute in Deutschland an Demenz erkrankt. J\u00e4hrlich erkranken 300.000 Menschen neu. Um das Bewusstsein der Mitmenschen vor Ort f\u00fcr die Bed\u00fcrfnisse von Demenzkranken zu st\u00e4rken, mehr Verst\u00e4ndnis f\u00fcr Menschen mit Demenz zu erreichen sowie betroffene Familien zu unterst\u00fctzen, hat die Bundesregierung 2012 die \u201eAllianz f\u00fcr Menschen mit Demenz\u201c ins Leben gerufen. Die Umsetzung der Ma\u00dfnahmen, zu denen sich die Allianz in der Agenda \u201eGemeinsam f\u00fcr Menschen mit Demenz\u201c 2014 verpflichtet hat, endet planm\u00e4\u00dfig im September 2018. Sie ist ein wichtiger Schritt auf dem Weg zu einer Nationalen Demenzstrategie in Deutschland.<\/p>\n<p>Die Bundesregierung hat Verbesserungen f\u00fcr Menschen mit Demenz in dieser Legislaturperiode zu einem Schwerpunkt gemacht: Durch die Pflegereform wurden die Leistungen f\u00fcr Pflegebed\u00fcrftige um insgesamt 5 Milliarden Euro zus\u00e4tzlich pro Jahr ausgeweitet. Menschen mit Demenz erhalten dadurch erstmals einen gleichberechtigten Zugang zu allen Leistungen der Pflegeversicherung. Bereits seit dem 1. Januar 2015 k\u00f6nnen Menschen mit erheblich eingeschr\u00e4nkter Alltagskompetenz bei der Pflege Hilfe durch Tages- und Nachtpflege, Kurzzeitpflege, den Wohngruppenzuschlag und die Anschubfinanzierung f\u00fcr Wohngruppen in Anspruch nehmen. Muss die Wohnung an die Bed\u00fcrfnisse eines Pflegebed\u00fcrftigen angepasst werden, \u00fcbernimmt die Pflegeversicherung die Kosten in H\u00f6he von bis zu 4.000 Euro. Zudem erhalten Pflegebed\u00fcrftige, etwa f\u00fcr Hilfen im Haushalt, zus\u00e4tzlich zum Pflegegeld oder zur Pflegesachleistung einen Betrag von 125 Euro im Monat.<\/p>\n<p>Auch pflegende Angeh\u00f6rige werden durch die Pflegereform entlastet und haben nun erstmals einen eigenen Beratungsanspruch. Wenn pflegende Angeh\u00f6rige krank sind, selbst einmal eine Pause brauchen oder in den Urlaub fahren wollen, kann \u00fcber die sogenannte Verhinderungspflege f\u00fcr die Dauer von bis zu 6 Wochen eine Vertretung f\u00fcr die Pflege in Anspruch genommen werden. Und wenn Besch\u00e4ftigte kurzfristig ihre Arbeit unterbrechen m\u00fcssen, zum Beispiel um z\u00fcgig eine Pflegeeinrichtung f\u00fcr einen Angeh\u00f6rigen zu finden, gew\u00e4hrt die Pflegeversicherung f\u00fcr bis zu zehn Arbeitstage eine Lohnersatzzahlung. Dar\u00fcber hinaus wurde die soziale Absicherung von pflegenden Angeh\u00f6rigen in der Renten- und Arbeitslosenversicherung verbessert. Dadurch wurden f\u00fcr pflegende Angeh\u00f6rige die Beitr\u00e4ge zur Rentenversicherung aus der Pflegeversicherung auf insgesamt 1,4 Milliarden Euro erh\u00f6ht.<\/p>\n<p>Weitere Informationen finden Sie unter:<\/p>\n<p>www.bmfsfj.de<\/p>\n<p>www.wegweiser-demenz.de<\/p>\n<p>www.allianz-fuer-demenz.de<\/p>\n<p>www.lokale-allianzen.de<\/p>\n<p>www.bundesgesundheitsministerium.de<\/p>\n<p>www.bundesgesundheitsministerium.de\/pflegeleistungs-helfer<br \/>\nQuelle: bmfsjj.bund.de<\/p>\n<p>Anmerkung der Redaktion: Sollte man das nicht als ein Leben in Demenz umbenennen f\u00fcr Deutsche Politik(er)<\/p>\n","protected":false},"excerpt":{"rendered":"<p>Berlin: Woche der Demenz Dr. Katarina Barley und Hermann Gr\u00f6he: \u201eMenschen mit Demenz und ihre Angeh\u00f6rigen brauchen gesellschaftliche Unterst\u00fctzung\u201c Unter dem Motto \u201eDemenz. Die Vielfalt im Blick\u201c findet vom 18. bis 24. September deutschlandweit zum dritten Mal die Woche der Demenz unter der gemeinsamen Schirmherrschaft von Bundesfamilienministerin Dr. Katarina Barley und Bundesgesundheitsminister Hermann Gr\u00f6he statt. [&hellip;]<\/p>\n","protected":false},"author":7,"featured_media":7477,"comment_status":"closed","ping_status":"open","sticky":false,"template":"","format":"standard","meta":{"footnotes":""},"categories":[44,3],"tags":[205],"class_list":["post-11031","post","type-post","status-publish","format-standard","has-post-thumbnail","hentry","category-deutschland-2","category-news","tag-demenz"],"_links":{"self":[{"href":"https:\/\/www.frankensicht.de\/index.php?rest_route=\/wp\/v2\/posts\/11031","targetHints":{"allow":["GET"]}}],"collection":[{"href":"https:\/\/www.frankensicht.de\/index.php?rest_route=\/wp\/v2\/posts"}],"about":[{"href":"https:\/\/www.frankensicht.de\/index.php?rest_route=\/wp\/v2\/types\/post"}],"author":[{"embeddable":true,"href":"https:\/\/www.frankensicht.de\/index.php?rest_route=\/wp\/v2\/users\/7"}],"replies":[{"embeddable":true,"href":"https:\/\/www.frankensicht.de\/index.php?rest_route=%2Fwp%2Fv2%2Fcomments&post=11031"}],"version-history":[{"count":1,"href":"https:\/\/www.frankensicht.de\/index.php?rest_route=\/wp\/v2\/posts\/11031\/revisions"}],"predecessor-version":[{"id":11032,"href":"https:\/\/www.frankensicht.de\/index.php?rest_route=\/wp\/v2\/posts\/11031\/revisions\/11032"}],"wp:featuredmedia":[{"embeddable":true,"href":"https:\/\/www.frankensicht.de\/index.php?rest_route=\/wp\/v2\/media\/7477"}],"wp:attachment":[{"href":"https:\/\/www.frankensicht.de\/index.php?rest_route=%2Fwp%2Fv2%2Fmedia&parent=11031"}],"wp:term":[{"taxonomy":"category","embeddable":true,"href":"https:\/\/www.frankensicht.de\/index.php?rest_route=%2Fwp%2Fv2%2Fcategories&post=11031"},{"taxonomy":"post_tag","embeddable":true,"href":"https:\/\/www.frankensicht.de\/index.php?rest_route=%2Fwp%2Fv2%2Ftags&post=11031"}],"curies":[{"name":"wp","href":"https:\/\/api.w.org\/{rel}","templated":true}]}}