{"id":11027,"date":"2017-09-16T08:04:23","date_gmt":"2017-09-16T06:04:23","guid":{"rendered":"http:\/\/www.frankensicht.de\/?p=11027"},"modified":"2017-09-16T08:04:23","modified_gmt":"2017-09-16T06:04:23","slug":"bundesfamilienministerium-und-wissenschaftsministerium-des-landes-baden-wuerttemberg-werden-beim-aufbau-des-deutschen-zentrums-fuer-integrations-und-migrationsforschung-kooperieren","status":"publish","type":"post","link":"https:\/\/www.frankensicht.de\/?p=11027","title":{"rendered":"Bundesfamilienministerium und Wissenschaftsministerium des Landes Baden-W\u00fcrttemberg werden beim Aufbau des Deutschen Zentrums f\u00fcr Integrations- und Migrationsforschung kooperieren"},"content":{"rendered":"<p><span style=\"color: #ff0000;\">Berlin:<\/span><\/p>\n<p>Bundesfamilienministerium und Wissenschaftsministerium des Landes Baden-W\u00fcrttemberg werden beim Aufbau des Deutschen Zentrums f\u00fcr Integrations- und Migrationsforschung kooperieren<\/p>\n<p>Baden-W\u00fcrttemberg unterst\u00fctzt als drittes Bundesland den Aufbau des Deutschen Zentrums f\u00fcr Integrations- und Migrationsforschung<\/p>\n<p>Das Bundesfamilienministerium und das baden-w\u00fcrttembergische Wissenschaftsministerium haben heute eine Kooperationsvereinbarung zum Aufbau des Deutschen Zentrums f\u00fcr Integrations- und Migrationsforschung unterzeichnet.<\/p>\n<p>Bis Ende des Jahres wird das Bundesfamilienministerium ein Institut in Berlin und ein bundesweites Netzwerk von Forschungseinrichtungen aufbauen. Das Institut und die Forschungsgemeinschaft werden die zwei S\u00e4ulen des Deutschen Zentrums f\u00fcr Integrations- und Migrationsforschung (DeZIM) bilden.<\/p>\n<p><a href=\"https:\/\/www.frankensicht.de\/?attachment_id=5417\" rel=\"attachment wp-att-5417\"><img loading=\"lazy\" decoding=\"async\" class=\"alignnone size-medium wp-image-5417\" src=\"https:\/\/www.frankensicht.de\/wp-content\/uploads\/2013\/04\/deutschland-300x180.png\" alt=\"\" width=\"300\" height=\"180\" srcset=\"https:\/\/www.frankensicht.de\/wp-content\/uploads\/2013\/04\/deutschland-300x180.png 300w, https:\/\/www.frankensicht.de\/wp-content\/uploads\/2013\/04\/deutschland.png 800w\" sizes=\"auto, (max-width: 300px) 100vw, 300px\" \/><\/a><\/p>\n<p>Dazu Staatssekret\u00e4r Dr. Ralf Kleindiek: \u201eMit dem Deutschen Zentrum f\u00fcr Integrations- und Migrationsforschung werden wir eine nachhaltige Forschungsinfrastruktur in Deutschland aufbauen. Ich freue mich, dass das Land Baden-W\u00fcrttemberg als weiterer Kooperationspartner den Aufbau des Zentrums unterst\u00fctzt. Denn eine langfristige St\u00e4rkung der Integrations- und Migrationsforschung kann nur gemeinsam mit den L\u00e4ndern gelingen.\u201c<\/p>\n<p>Das BMFSFJ hatte zuvor bereits Kooperationsvereinbarungen mit den L\u00e4ndern Berlin und Niedersachsen geschlossen.<\/p>\n<p>\u201eAngesichts steigender Fl\u00fcchtlingszahlen hat die Integrations- und Migrationsforschung in den letzten Jahren stark an Bedeutung gewonnen. Wir brauchen die Wissenschaft und ihre Forschung, um Ursachen und Folgen von Migration und Integration zu untersuchen und geeignete Wege zu finden, damit Integration gelingt. Ich freue mich besonders, dass das Mannheimer Zentrum f\u00fcr Europ\u00e4ische Sozialforschung ein Gr\u00fcndungsmitglied dieses neuen bundesweiten Netzwerks ist. Das zeigt erneut, dass in Mannheim empirische Sozialforschung auf Spitzenniveau betrieben wird\u201c, sagte die baden-w\u00fcrttembergische Wissenschaftsministerin Theresia Bauer.<\/p>\n<p>Das Mannheimer Zentrum f\u00fcr Europ\u00e4ische Sozialforschung (MZES) der Universit\u00e4t Mannheim wirkt am Aufbau des Deutschen Zentrums f\u00fcr Integrations- und Migrationsforschung mit. Mit Unterst\u00fctzung des Ministeriums f\u00fcr Wissenschaft, Forschung und Kunst Baden-W\u00fcrttemberg wird an der Universit\u00e4t Mannheim eine neue Professur f\u00fcr den Bereich Migration und Integration eingerichtet.<\/p>\n<p>Das MZES der Universit\u00e4t Mannheim ist einer der \u201ezentralen Akteure der Migrations- und Integrationsforschung\u201c, die sich in der Gemeinschaft des Deutschen Zentrums f\u00fcr Integrations- und Migrationsforschung vernetzen sollen.<\/p>\n<p>Der Deutsche Bundestag hat 2016 beschlossen, durch die Bereitstellung von Mitteln das Bundesministerium f\u00fcr Familie, Senioren, Frauen und Jugend (BMFSFJ) mit dem Aufbau eines Deutschen Zentrums f\u00fcr Integrations- und Migrationsforschung zu beauftragen. Von 2017 bis 2020 stehen Mittel in H\u00f6he von 6,8 Mio. Euro zur Verf\u00fcgung.<br \/>\nQuelle:\u00a0bmfsfj.bund.de<\/p>\n","protected":false},"excerpt":{"rendered":"<p>Berlin: Bundesfamilienministerium und Wissenschaftsministerium des Landes Baden-W\u00fcrttemberg werden beim Aufbau des Deutschen Zentrums f\u00fcr Integrations- und Migrationsforschung kooperieren Baden-W\u00fcrttemberg unterst\u00fctzt als drittes Bundesland den Aufbau des Deutschen Zentrums f\u00fcr Integrations- und Migrationsforschung Das Bundesfamilienministerium und das baden-w\u00fcrttembergische Wissenschaftsministerium haben heute eine Kooperationsvereinbarung zum Aufbau des Deutschen Zentrums f\u00fcr Integrations- und Migrationsforschung unterzeichnet. Bis Ende des [&hellip;]<\/p>\n","protected":false},"author":7,"featured_media":5417,"comment_status":"closed","ping_status":"open","sticky":false,"template":"","format":"standard","meta":{"footnotes":""},"categories":[44,3],"tags":[2348,727],"class_list":["post-11027","post","type-post","status-publish","format-standard","has-post-thumbnail","hentry","category-deutschland-2","category-news","tag-itegration","tag-migration"],"_links":{"self":[{"href":"https:\/\/www.frankensicht.de\/index.php?rest_route=\/wp\/v2\/posts\/11027","targetHints":{"allow":["GET"]}}],"collection":[{"href":"https:\/\/www.frankensicht.de\/index.php?rest_route=\/wp\/v2\/posts"}],"about":[{"href":"https:\/\/www.frankensicht.de\/index.php?rest_route=\/wp\/v2\/types\/post"}],"author":[{"embeddable":true,"href":"https:\/\/www.frankensicht.de\/index.php?rest_route=\/wp\/v2\/users\/7"}],"replies":[{"embeddable":true,"href":"https:\/\/www.frankensicht.de\/index.php?rest_route=%2Fwp%2Fv2%2Fcomments&post=11027"}],"version-history":[{"count":1,"href":"https:\/\/www.frankensicht.de\/index.php?rest_route=\/wp\/v2\/posts\/11027\/revisions"}],"predecessor-version":[{"id":11028,"href":"https:\/\/www.frankensicht.de\/index.php?rest_route=\/wp\/v2\/posts\/11027\/revisions\/11028"}],"wp:featuredmedia":[{"embeddable":true,"href":"https:\/\/www.frankensicht.de\/index.php?rest_route=\/wp\/v2\/media\/5417"}],"wp:attachment":[{"href":"https:\/\/www.frankensicht.de\/index.php?rest_route=%2Fwp%2Fv2%2Fmedia&parent=11027"}],"wp:term":[{"taxonomy":"category","embeddable":true,"href":"https:\/\/www.frankensicht.de\/index.php?rest_route=%2Fwp%2Fv2%2Fcategories&post=11027"},{"taxonomy":"post_tag","embeddable":true,"href":"https:\/\/www.frankensicht.de\/index.php?rest_route=%2Fwp%2Fv2%2Ftags&post=11027"}],"curies":[{"name":"wp","href":"https:\/\/api.w.org\/{rel}","templated":true}]}}