{"id":11010,"date":"2017-09-09T07:58:54","date_gmt":"2017-09-09T05:58:54","guid":{"rendered":"http:\/\/www.frankensicht.de\/?p=11010"},"modified":"2017-09-09T08:19:31","modified_gmt":"2017-09-09T06:19:31","slug":"vor%c2%adstel%c2%adlung-der-son%c2%adder%c2%adbrief%c2%admar%c2%adke-fixfo%c2%adxi-aus-der-se%c2%adrie-tag-der-brief%c2%admar%c2%adke","status":"publish","type":"post","link":"https:\/\/www.frankensicht.de\/?p=11010","title":{"rendered":"Vor\u00adstel\u00adlung der Son\u00adder\u00adbrief\u00admar\u00adke \u201eFix&#038;Fo\u00adxi\u201c aus der Se\u00adrie \u201eTag der Brief\u00admar\u00adke\u201c"},"content":{"rendered":"<div class=\"article-header-wrapper\">\n<div class=\"article-header-wrapper-inner\">\n<div class=\"article-header-wrapper-box\">\n<div class=\"article-header\">\n<h1 class=\"isFirstInSlot\">Vor\u00adstel\u00adlung der Son\u00adder\u00adbrief\u00admar\u00adke \u201eFix&amp;Fo\u00adxi\u201c aus der Se\u00adrie \u201eTag der Brief\u00admar\u00adke\u201c<\/h1>\n<div class=\"subheadline\">\n<p class=\"heading\">Das Bundesministerium der Finanzen gibt am 10. September 2017 die Sonderbriefmarke \u201eFix&amp;Foxi\u201c aus der Serie \u201eTag der Briefmarke\u201c heraus.<\/p>\n<\/div>\n<ul class=\"doc-data pressrelease\">\n<li><span class=\"label\">Nummer<\/span> <span class=\"value\">25<\/span><\/li>\n<\/ul>\n<div class=\"picture img-551\">\n<figure class=\"figure-box-wrapper figure-embedded\"><a href=\"https:\/\/www.frankensicht.de\/?attachment_id=11011\" rel=\"attachment wp-att-11011\"><img loading=\"lazy\" decoding=\"async\" class=\"alignnone size-medium wp-image-11011\" src=\"https:\/\/www.frankensicht.de\/wp-content\/uploads\/2017\/09\/1709_Tag_Briefmarke.jpgjsessionid97D0BA802F83F9DF93A2DAFB48442710-300x169.jpeg\" alt=\"\" width=\"300\" height=\"169\" srcset=\"https:\/\/www.frankensicht.de\/wp-content\/uploads\/2017\/09\/1709_Tag_Briefmarke.jpgjsessionid97D0BA802F83F9DF93A2DAFB48442710-300x169.jpeg 300w, https:\/\/www.frankensicht.de\/wp-content\/uploads\/2017\/09\/1709_Tag_Briefmarke.jpgjsessionid97D0BA802F83F9DF93A2DAFB48442710-768x432.jpeg 768w, https:\/\/www.frankensicht.de\/wp-content\/uploads\/2017\/09\/1709_Tag_Briefmarke.jpgjsessionid97D0BA802F83F9DF93A2DAFB48442710-384x217.jpeg 384w, https:\/\/www.frankensicht.de\/wp-content\/uploads\/2017\/09\/1709_Tag_Briefmarke.jpgjsessionid97D0BA802F83F9DF93A2DAFB48442710.jpeg 877w\" sizes=\"auto, (max-width: 300px) 100vw, 300px\" \/><\/a><\/figure>\n<\/div>\n<\/div>\n<\/div>\n<\/div>\n<\/div>\n<div class=\"article-content-wrapper\">\n<div class=\"article-text-wrapper\">\n<div class=\"article-text singleview \">\n<p>Der Parlamentarische Staatssekret\u00e4r beim Bundesminister der Finanzen, <abbr title=\"Doktor\">Dr.<\/abbr>\u00a0Michael Meister, stellt die Briefmarken am kommenden Donnerstag vor. Die Pr\u00e4sentation findet am 7. September 2017 um 16.30 Uhr im Alten Rathaus, Markt 26, 06886 Lutherstadt Wittenberg statt.<\/p>\n<p class=\"Abs15\">Der \u201eTag der Briefmarke\u201c z\u00e4hlt zu den H\u00f6hepunkten eines Philatelistenjahres. Die im Bund Deutscher Philatelisten <abbr title=\"eingetragener Verein\">e.V.<\/abbr> (BDPh) organisierten Sammlerverb\u00e4nde und \u2013vereine werben rund um diesen Festtag mit einer Vielzahl von Briefmarkenausstellungen, Sonderschauen und Tauschveranstaltungen f\u00fcr ihr Hobby, das einen hohen kulturellen Freizeitwert besitzt und vielf\u00e4ltige M\u00f6glichkeiten der Begegnung bietet.<\/p>\n<p class=\"Abs15\">Mit der allj\u00e4hrlichen Herausgabe eines Sonderpostwertzeichens in dieser Serie werden verschiedene Aktivit\u00e4ten begleitet und gef\u00f6rdert. In aller Regel w\u00fcrdigt das Postwertzeichen ein bestimmtes Ereignis, ein besonderes Jubil\u00e4um oder eine bedeutsame Veranstaltung aus dem Bereich der Philatelie. In diesem Jahr werden zum 100. Geburtstag von Rolf Kauka seine ber\u00fchmten Comic-Helden Fix&amp;Foxi mit einer Sonderbriefmarke geehrt.<\/p>\n<p class=\"Abs15\"><em>\u201eFuchsen wir\u00b4s!\u201c das ist das Motto von Fix&amp;Foxi, den ber\u00fchmten F\u00fcchsen von Rolf Kauka (1917-2000), die ihm seine gr\u00f6\u00dfte Erfolgsgeschichte beschert haben. Als Comic-Helden haben die sympathischen Zwillingsbr\u00fcder Millionen Hefte verkauft, und als TV-Figuren mit ihrer eigenen TV-Serie haben sie mit ihrem Witz, ihrem selbstbewussten Auftreten und ihren schlauen Einf\u00e4llen die Herzen der kleinen und gro\u00dfen Zuschauer gewonnen. Die unzertrennlichen Br\u00fcder werden von weiteren kultigen Familien-Charakteren begleitet: dem liebensw\u00fcrdigen Lupo, dem cleveren Lupinchen, der au\u00dfergew\u00f6hnlichen Oma Eusebia, dem genialen Erfinder Professor Knox, dem Briefmarkensammler Onkel Fax (!), aber auch der turbulenten Familie Peppercorn, der letzten TV-Kreation von Rolf Kauka. Durch ihren eigenen erfolgreichen Pay-TV Fernsehsender im In- und Ausland haben Fix&amp;Foxi mittlerweile die Herzen der Zuschauer \u00fcber die Grenzen hinaus erobert \u2013 durch die universelle Sprache der Freundschaft ber\u00fchren sie Kinder wie Erwachsene und treffen nach wie vor den Nerv der Zeit. \u201eMach anderen eine Freude, dann hast du deinen Spa\u00df\u201c \u2013 Fix&amp;Foxi bleiben dem Motto ihres Sch\u00f6pfers Rolf Kauka bis heute treu.<\/em><\/p>\n<p>(Text: Laurence Robinet, <span lang=\"en-GB\" xml:lang=\"en-GB\">Your Family Entertainment<\/span>, M\u00fcnchen)<\/p>\n<p>Das Sonderpostwertzeichen wurde von Professor Wilfried Korfmacher, Meerbusch (Bildvorlage mit freundlicher Genehmigung der <span lang=\"en-GB\" xml:lang=\"en-GB\">Your Family Entertainment<\/span>), M\u00fcnchen gestaltet; sie hat einen Wert von 70 + 30 Cent und ist vom 10. September 2017 an in den Verkaufsstellen der Deutschen Post AG erh\u00e4ltlich.<\/p>\n<aside class=\"sectionRelated\">\u00a0Quelle:bundesfinanzministerium.de<\/aside>\n<\/div>\n<\/div>\n<\/div>\n","protected":false},"excerpt":{"rendered":"<p>Vor\u00adstel\u00adlung der Son\u00adder\u00adbrief\u00admar\u00adke \u201eFix&amp;Fo\u00adxi\u201c aus der Se\u00adrie \u201eTag der Brief\u00admar\u00adke\u201c Das Bundesministerium der Finanzen gibt am 10. September 2017 die Sonderbriefmarke \u201eFix&amp;Foxi\u201c aus der Serie \u201eTag der Briefmarke\u201c heraus. Nummer 25 Der Parlamentarische Staatssekret\u00e4r beim Bundesminister der Finanzen, Dr.\u00a0Michael Meister, stellt die Briefmarken am kommenden Donnerstag vor. Die Pr\u00e4sentation findet am 7. September 2017 um [&hellip;]<\/p>\n","protected":false},"author":7,"featured_media":11011,"comment_status":"closed","ping_status":"open","sticky":false,"template":"","format":"standard","meta":{"footnotes":""},"categories":[44,3],"tags":[2341],"class_list":["post-11010","post","type-post","status-publish","format-standard","has-post-thumbnail","hentry","category-deutschland-2","category-news","tag-fixfoxi"],"_links":{"self":[{"href":"https:\/\/www.frankensicht.de\/index.php?rest_route=\/wp\/v2\/posts\/11010","targetHints":{"allow":["GET"]}}],"collection":[{"href":"https:\/\/www.frankensicht.de\/index.php?rest_route=\/wp\/v2\/posts"}],"about":[{"href":"https:\/\/www.frankensicht.de\/index.php?rest_route=\/wp\/v2\/types\/post"}],"author":[{"embeddable":true,"href":"https:\/\/www.frankensicht.de\/index.php?rest_route=\/wp\/v2\/users\/7"}],"replies":[{"embeddable":true,"href":"https:\/\/www.frankensicht.de\/index.php?rest_route=%2Fwp%2Fv2%2Fcomments&post=11010"}],"version-history":[{"count":2,"href":"https:\/\/www.frankensicht.de\/index.php?rest_route=\/wp\/v2\/posts\/11010\/revisions"}],"predecessor-version":[{"id":11015,"href":"https:\/\/www.frankensicht.de\/index.php?rest_route=\/wp\/v2\/posts\/11010\/revisions\/11015"}],"wp:featuredmedia":[{"embeddable":true,"href":"https:\/\/www.frankensicht.de\/index.php?rest_route=\/wp\/v2\/media\/11011"}],"wp:attachment":[{"href":"https:\/\/www.frankensicht.de\/index.php?rest_route=%2Fwp%2Fv2%2Fmedia&parent=11010"}],"wp:term":[{"taxonomy":"category","embeddable":true,"href":"https:\/\/www.frankensicht.de\/index.php?rest_route=%2Fwp%2Fv2%2Fcategories&post=11010"},{"taxonomy":"post_tag","embeddable":true,"href":"https:\/\/www.frankensicht.de\/index.php?rest_route=%2Fwp%2Fv2%2Ftags&post=11010"}],"curies":[{"name":"wp","href":"https:\/\/api.w.org\/{rel}","templated":true}]}}