{"id":10882,"date":"2017-07-31T10:12:23","date_gmt":"2017-07-31T08:12:23","guid":{"rendered":"http:\/\/www.frankensicht.de\/?p=10882"},"modified":"2017-07-31T10:12:23","modified_gmt":"2017-07-31T08:12:23","slug":"bekaempfung-von-menschenhandel-braucht-aufklaerung-und-kooperation","status":"publish","type":"post","link":"https:\/\/www.frankensicht.de\/?p=10882","title":{"rendered":"Bek\u00e4mpfung von Menschenhandel braucht Aufkl\u00e4rung und Kooperation"},"content":{"rendered":"<p><span style=\"color: #ff0000;\">Berlin:<\/span><\/p>\n<p>Dr. Katarina Barley: Bek\u00e4mpfung von Menschenhandel braucht Aufkl\u00e4rung und Kooperation<\/p>\n<p>Anl\u00e4sslich des gestrigen (Sonntag) Welttages gegen Menschenhandel hat Bundesfamilienministerin Dr. Katarina Barley bei ihren L\u00e4nderkolleginnen und -kollegen f\u00fcr eine ausgeweitete Kooperationsarbeit und einen verbesserten Schutz von gehandelten Kindern und Jugendlichen geworben. Sie setzt sich dabei f\u00fcr die Umsetzung des Kooperationskonzepts \u201eSchutz und Hilfen bei Handel mit Kindern\u201c in den L\u00e4ndern ein.<\/p>\n<p>Hierzu erkl\u00e4rt Bundesfamilienministerin Dr. Katarina Barley:<\/p>\n<p>\u201eAlle Formen von Menschenhandel zielen darauf ab, dass Menschen mit kriminellen Mitteln ausgebeutet werden. Und Menschenhandel gibt es auch bei uns in Deutschland. Unser Ziel ist es, die Opfer zu erkennen, zu sch\u00fctzen und ihnen die notwendige Hilfe und Unterst\u00fctzung zukommen zu lassen. T\u00e4ter d\u00fcrfen mit ihrem kriminellen und menschverachtenden Treiben nicht davon kommen und m\u00fcssen sich ihrer Verantwortung stellen.\u201c<\/p>\n<p><a href=\"https:\/\/www.frankensicht.de\/?attachment_id=1410\" rel=\"attachment wp-att-1410\"><img loading=\"lazy\" decoding=\"async\" class=\"alignnone size-medium wp-image-1410\" src=\"https:\/\/www.frankensicht.de\/wp-content\/uploads\/2012\/05\/paragraf-300x187.jpg\" alt=\"\" width=\"300\" height=\"187\" srcset=\"https:\/\/www.frankensicht.de\/wp-content\/uploads\/2012\/05\/paragraf-300x187.jpg 300w, https:\/\/www.frankensicht.de\/wp-content\/uploads\/2012\/05\/paragraf.jpg 640w\" sizes=\"auto, (max-width: 300px) 100vw, 300px\" \/><\/a><\/p>\n<p>Um geeignete Schutzma\u00dfnahmen f\u00fcr gehandelte Kinder in Deutschland auf den Weg zu bringen, erarbeitet das Bundesministerium f\u00fcr Familie, Senioren, Frauen und Jugend in Zusammenarbeit mit der Kinderschutzorganisation ECPAT e.V. Deutschland und dem KOK e.V. (Bundesweiter Koordinierungskreis gegen Menschenhandel) Empfehlungen f\u00fcr die Zusammenarbeit von Jugendamt, Polizei, Fachberatungsstellen und weiteren Akteuren zur Identifizierung und zum Schutz von Opfern von Kinderhandel. Diese werden in einem intensiven Konsultationsprozess mit weiteren Expertinnen und Experten beraten.<\/p>\n<p>Bundesfamilienministerin Dr. Katarina Barley betont:<\/p>\n<p>\u201eKinder und Jugendliche, die in die F\u00e4nge von Menschenh\u00e4ndlern geraten, brauchen alle notwendigen Hilfen des Kinderschutzsystems. Hilfe, Schutz und konsequente Strafverfolgung k\u00f6nnen nur durch eine koordinierte, vertrauensvolle Zusammenarbeit von Jugend\u00e4mtern, Polizei und weiteren Akteuren gelingen. Dabei muss immer das Wohl des Kindes im Mittelpunkt stehen.\u201c<\/p>\n<p>Weiterentwicklung der Strukturen auf Bundesebene<\/p>\n<p>Vor dem Hintergrund internationaler Entwicklungen und den am 15. Oktober 2016 in Kraft getretenen neuen Straftatbest\u00e4nden zur Bek\u00e4mpfung des Menschenhandels betont Dr. Katarina Barley dar\u00fcber hinaus die Notwendigkeit einer verbesserten und differenzierten Datenlage und einer Koordinierung und Gesamtstrategie auf Bundesebene: \u201eIn dieser Legislaturperiode haben wir wichtige Gesetze zur Verbesserung der Bek\u00e4mpfung des Menschenhandels verabschiedet. Worauf es jetzt ankommt, ist, unser Wissen zu erweitern, unseren Blick zu sch\u00e4rfen und die Zusammenarbeit aller relevanten Akteure zu unterst\u00fctzen.\u201c<\/p>\n<p>Daher hat das Bundesfamilienministerium eine Initiative innerhalb der Bundesregierung gestartet. Ziel ist die Verbesserung und Weiterentwicklung der Strukturen. Konkret soll eine unabh\u00e4ngige nationale Forschungs- und Berichterstatterstelle sowie einer Koordinierungsstelle der Bundesregierung zur Bek\u00e4mpfung des Menschenhandels eingerichtet werden.<\/p>\n<p>Unterst\u00fctzung von (potenziellen) Opfern von Menschenhandel<\/p>\n<p>Das bundesweite Hilfetelefon \u201eGewalt gegen Frauen\u201c ber\u00e4t auch Opfer von Menschenhandel. Es ist rund um die Uhr unter der Nummer 08000 116 016 erreichbar. Es ist kostenlos, barrierefrei, vertraulich und sicher und in 18 Sprachen verf\u00fcgbar. Auf Wunsch kann das Hilfetelefon an eine spezialisierte Fachberatungsstelle vermitteln.<\/p>\n<p>Unter der Meldeadresse www.nicht-wegsehen.net k\u00f6nnen Verdachtsf\u00e4lle von Kindesmissbrauch und Ausbeutung weltweit, und unabh\u00e4ngig von der Landessprache schnell und einfach gemeldet werden.<br \/>\nQuelle: bmfsfj.bund.de<\/p>\n","protected":false},"excerpt":{"rendered":"<p>Berlin: Dr. Katarina Barley: Bek\u00e4mpfung von Menschenhandel braucht Aufkl\u00e4rung und Kooperation Anl\u00e4sslich des gestrigen (Sonntag) Welttages gegen Menschenhandel hat Bundesfamilienministerin Dr. Katarina Barley bei ihren L\u00e4nderkolleginnen und -kollegen f\u00fcr eine ausgeweitete Kooperationsarbeit und einen verbesserten Schutz von gehandelten Kindern und Jugendlichen geworben. Sie setzt sich dabei f\u00fcr die Umsetzung des Kooperationskonzepts \u201eSchutz und Hilfen bei [&hellip;]<\/p>\n","protected":false},"author":7,"featured_media":1410,"comment_status":"closed","ping_status":"open","sticky":false,"template":"","format":"standard","meta":{"footnotes":""},"categories":[44,3],"tags":[964],"class_list":["post-10882","post","type-post","status-publish","format-standard","has-post-thumbnail","hentry","category-deutschland-2","category-news","tag-menschenhandel"],"_links":{"self":[{"href":"https:\/\/www.frankensicht.de\/index.php?rest_route=\/wp\/v2\/posts\/10882","targetHints":{"allow":["GET"]}}],"collection":[{"href":"https:\/\/www.frankensicht.de\/index.php?rest_route=\/wp\/v2\/posts"}],"about":[{"href":"https:\/\/www.frankensicht.de\/index.php?rest_route=\/wp\/v2\/types\/post"}],"author":[{"embeddable":true,"href":"https:\/\/www.frankensicht.de\/index.php?rest_route=\/wp\/v2\/users\/7"}],"replies":[{"embeddable":true,"href":"https:\/\/www.frankensicht.de\/index.php?rest_route=%2Fwp%2Fv2%2Fcomments&post=10882"}],"version-history":[{"count":2,"href":"https:\/\/www.frankensicht.de\/index.php?rest_route=\/wp\/v2\/posts\/10882\/revisions"}],"predecessor-version":[{"id":10884,"href":"https:\/\/www.frankensicht.de\/index.php?rest_route=\/wp\/v2\/posts\/10882\/revisions\/10884"}],"wp:featuredmedia":[{"embeddable":true,"href":"https:\/\/www.frankensicht.de\/index.php?rest_route=\/wp\/v2\/media\/1410"}],"wp:attachment":[{"href":"https:\/\/www.frankensicht.de\/index.php?rest_route=%2Fwp%2Fv2%2Fmedia&parent=10882"}],"wp:term":[{"taxonomy":"category","embeddable":true,"href":"https:\/\/www.frankensicht.de\/index.php?rest_route=%2Fwp%2Fv2%2Fcategories&post=10882"},{"taxonomy":"post_tag","embeddable":true,"href":"https:\/\/www.frankensicht.de\/index.php?rest_route=%2Fwp%2Fv2%2Ftags&post=10882"}],"curies":[{"name":"wp","href":"https:\/\/api.w.org\/{rel}","templated":true}]}}