{"id":10786,"date":"2017-06-21T08:58:53","date_gmt":"2017-06-21T06:58:53","guid":{"rendered":"http:\/\/www.frankensicht.de\/?p=10786"},"modified":"2017-06-21T08:58:53","modified_gmt":"2017-06-21T06:58:53","slug":"freistaat-evangelisch-lutherische-kirche-und-stadt-nuernberg-laden-am-1-juli-zum-bayerischen-reformationsfest-nach-nuernberg","status":"publish","type":"post","link":"https:\/\/www.frankensicht.de\/?p=10786","title":{"rendered":"Freistaat, Evangelisch-Lutherische Kirche und Stadt N\u00fcrnberg laden am 1. Juli zum Bayerischen Reformationsfest nach N\u00fcrnberg"},"content":{"rendered":"<p><span style=\"color: #ff0000;\">M\u00fcnchen:<\/span><\/p>\n<p>Freistaat, Evangelisch-Lutherische Kirche und Stadt N\u00fcrnberg laden am 1. Juli zum Bayerischen Reformationsfest nach N\u00fcrnberg &#8211; Gottesdienst, Stra\u00dfenfest und Empfang<\/p>\n<p>&nbsp;<\/p>\n<p>Ministerialdirektor Herbert P\u00fcls, Regionalbischof Stefan Ark Nitsche und Kulturreferentin Julia Lehner stellen in N\u00fcrnberg Programm vor &#8211; Festgottesdienst in St. Sebald, Stra\u00dfenfest rund um den N\u00fcrnberger Hauptmarkt sowie Empfang der Staatsregierung<br \/>\nN\u00fcrnberg. Mit einem Festgottesdienst, einem B\u00fcrgerfest mit buntem Markttreiben wie zu Luthers Zeiten und einem Empfang der Staatsregierung feiert Bayern am Samstag, 1. Juli, 11 Uhr ein Reformationsfest. Ministerpr\u00e4sident Horst Seehofer und Kultusminister Dr. Ludwig Spaenle werden ebenso wie der evangelische Landesbischof Dr. Heinrich Beford-Strohm und der Bamberger Erzbischof Dr. Ludwig Schick zum Reformationsfest in der Noris erwartet. Anlass f\u00fcr das Fest ist die Ver\u00f6ffentlichung der 95 Thesen durch den Augustinerm\u00f6nch Dr. Martin Luther vor 500 Jahren. Der Tag wird veranstaltet von der Evang.-Luth. Kirche in Bayern und dem Freistaat Bayern in Verbindung mit der Stadt N\u00fcrnberg.<\/p>\n<p>Der N\u00fcrnberger evangelische Regionalbischof Prof. Dr. Stefan Ark Nitsche betonte heute bei einem Pressegespr\u00e4ch in N\u00fcrnberg: &#8222;Damals wie heute war die Frage: Was tr\u00e4gt angesichts von Angst? In N\u00fcrnberg gab es 1525 eine breite Aufbruchsstimmung, sich der neuen Lehre Luthers von der Freiheit eines Christenmenschen anzuschlie\u00dfen, weil die Menschen \u00fcberzeugt waren: Das tr\u00e4gt und macht frei. Am 1. Juli w\u00fcnsche ich mir ein B\u00fcrgerfest der Freiheit.&#8220;<\/p>\n<p><a href=\"https:\/\/www.frankensicht.de\/?attachment_id=9386\" rel=\"attachment wp-att-9386\"><img loading=\"lazy\" decoding=\"async\" class=\"alignnone size-medium wp-image-9386\" src=\"https:\/\/www.frankensicht.de\/wp-content\/uploads\/2016\/03\/kreuz-203x300.jpg\" alt=\"\" width=\"203\" height=\"300\" srcset=\"https:\/\/www.frankensicht.de\/wp-content\/uploads\/2016\/03\/kreuz-203x300.jpg 203w, https:\/\/www.frankensicht.de\/wp-content\/uploads\/2016\/03\/kreuz.jpg 385w\" sizes=\"auto, (max-width: 203px) 100vw, 203px\" \/><\/a><\/p>\n<p>Ministerialdirektor Herbert P\u00fcls vom Bayerischen Kultusministerium sagte: &#8222;Bayern gilt als Synonym f\u00fcr ein katholisch gepr\u00e4gtes Land in Deutschland und das ist es auch. Aber die Wahrheit ist vielschichtiger: Rund ein F\u00fcnftel der Menschen in Bayern ist evangelisch. Evangelische Christen und die evangelisch-lutherische Kirche pr\u00e4gen Bayern ganz wesentlich mit. Und das \u00f6kumenische Miteinander wird in Bayern so intensiv wie in wohl kaum einem anderen Land gelebt&#8220;. Und der Ministerialdirektor erinnerte daran, dass Bayerns Kultusminister Dr. Ludwig Spaenle den Ansto\u00df zu dem Bayerischen Reformationsfest gegeben habe. Die Kooperationspartner h\u00e4tten diese Idee gern aufgegriffen. Am 1. Juli werde in N\u00fcrnberg gefeiert. Der Freistaat selbst habe zahlreiche Veranstaltungen im Jahr 2017 zur Reformation und Gegenreformation angeboten, derzeit z. B. die Landesausstellung &#8222;Ritter, Bauern, Lutheraner&#8220; in Coburg.<\/p>\n<p>&nbsp;<\/p>\n<p>Kulturreferentin Prof. Dr. Julia Lehner sagte: &#8222;&#8220;Ich freue mich sehr, dass wir nun auch auf der Zielgeraden der Lutherdekade gerade in N\u00fcrnberg als Schl\u00fcsselort des Reformationsgeschehens mit einem breit gef\u00e4cherten Angebot unserer st\u00e4dtischen Museen zum Bayerischen Reformationsfest unterhaltsame und spannenden Akzente setzen k\u00f6nnen.&#8220;<\/p>\n<p>&nbsp;<\/p>\n<p>Folkert Uhde, der k\u00fcnstlerische Leiter des Festes, gab einen multimedialen Einblick in die vielf\u00e4ltigen Aktivit\u00e4ten.<\/p>\n<p>Der Gottesdienst am 1. Juli um 11 Uhr in St. Sebald mit Landesbischof Dr. Heinrich Bedford-Strohm, dem Chor des Bayerischen Rundfunks, der Capella de la Torre und einer auf M\u00e4rkten und in Kirchen gesungenen Ballade des Liedermachers Martin Luther wird vom Bayerischen Rundfunk live im Fernsehen \u00fcbertragen.<\/p>\n<p>Ebenfalls \u00fcbertragen wird der\u00a0 Festakt im Historischen Rathaussaal, bei dem Ministerpr\u00e4sident Horst Seehofer den Festvortrag zu 500 Jahren Reformation in Bayern halten wird. Der Chor des Bayerischen Rundfunks bietet den k\u00fcnstlerischen Rahmen f\u00fcr die Gru\u00dfworte von Landesbischof Dr. Heinrich Bedford-Strohm, Erzbischof Dr. Ludwig Schick, Staatsminister\u00a0 Dr. Ludwig Spaenle und Oberb\u00fcrgermeister Dr. Ulrich Maly.<\/p>\n<p>Ab Mittag beleben bei dem Stra\u00dfenfest Gaukler, Stelzenl\u00e4ufer, Ritter mit Gefolge, Schwertk\u00e4mpfer und andere Artisten den Platz vor der Sebalduskirche. Historische Handwerker bieten ihre handgearbeiteten Waren feil und laden zum Mitmachen ein. Dar\u00fcber hinaus setzen die Museen der Stadt N\u00fcrnberg besondere Programmakzente. So l\u00e4dt das Team des Spielzeugmuseums mit Spielen wie zu Luthers Zeiten am Sebalder Platz Jung und Alt zum Reifentreiben, Kreiselschlagen und anderen spannenden Geschicklichkeits- und Bewegungsspielen ein. Das Stadtmuseum im Fembohaus befasst sich in F\u00fchrungen u.a. mit Konrad Weigands Historienbild &#8222;Luthers Hochzeit&#8220; und das Museum Albrecht-D\u00fcrer-Haus pr\u00e4sentiert die Ausstellung &#8222;Neuer Geist und neuer Glaube: Albrecht D\u00fcrer als Zeitzeuge der Reformation&#8220;.<\/p>\n<p>Spezialisten f\u00fcr Alte Musik hauchen dem Geist der Lutherzeit musikalisch neues Leben ein, Langenzenner Theatergruppen spielen Szenen zu Luther und bei F\u00fchrungen durch die Sebalduskirche oder bei Kurzvortr\u00e4gen und Lesungen von Kunst- und Sprachwissenschaftlern, Historikern und Theologen kann man \u00dcberraschendes rund um das Thema &#8222;N\u00fcrnberg und die Reformation&#8220; entdecken. Sch\u00fclerinnen und Sch\u00fcler aus \u00fcber einem Dutzend bayerischer Schulen pr\u00e4sentieren selbst entwickelte Bandprojekte, Chorwerke und Theatervorf\u00fchrungen.<\/p>\n<p>&nbsp;<\/p>\n<p>Weitere Informationen unter www.bayerisches-reformationsfest.de.<\/p>\n<p>Quelle: stmbw.bayern.de<\/p>\n","protected":false},"excerpt":{"rendered":"<p>M\u00fcnchen: Freistaat, Evangelisch-Lutherische Kirche und Stadt N\u00fcrnberg laden am 1. Juli zum Bayerischen Reformationsfest nach N\u00fcrnberg &#8211; Gottesdienst, Stra\u00dfenfest und Empfang &nbsp; Ministerialdirektor Herbert P\u00fcls, Regionalbischof Stefan Ark Nitsche und Kulturreferentin Julia Lehner stellen in N\u00fcrnberg Programm vor &#8211; Festgottesdienst in St. Sebald, Stra\u00dfenfest rund um den N\u00fcrnberger Hauptmarkt sowie Empfang der Staatsregierung N\u00fcrnberg. Mit [&hellip;]<\/p>\n","protected":false},"author":7,"featured_media":9386,"comment_status":"closed","ping_status":"open","sticky":false,"template":"","format":"standard","meta":{"footnotes":""},"categories":[78,71],"tags":[2283],"class_list":["post-10786","post","type-post","status-publish","format-standard","has-post-thumbnail","hentry","category-bayern","category-menue","tag-reformationstag"],"_links":{"self":[{"href":"https:\/\/www.frankensicht.de\/index.php?rest_route=\/wp\/v2\/posts\/10786","targetHints":{"allow":["GET"]}}],"collection":[{"href":"https:\/\/www.frankensicht.de\/index.php?rest_route=\/wp\/v2\/posts"}],"about":[{"href":"https:\/\/www.frankensicht.de\/index.php?rest_route=\/wp\/v2\/types\/post"}],"author":[{"embeddable":true,"href":"https:\/\/www.frankensicht.de\/index.php?rest_route=\/wp\/v2\/users\/7"}],"replies":[{"embeddable":true,"href":"https:\/\/www.frankensicht.de\/index.php?rest_route=%2Fwp%2Fv2%2Fcomments&post=10786"}],"version-history":[{"count":2,"href":"https:\/\/www.frankensicht.de\/index.php?rest_route=\/wp\/v2\/posts\/10786\/revisions"}],"predecessor-version":[{"id":10788,"href":"https:\/\/www.frankensicht.de\/index.php?rest_route=\/wp\/v2\/posts\/10786\/revisions\/10788"}],"wp:featuredmedia":[{"embeddable":true,"href":"https:\/\/www.frankensicht.de\/index.php?rest_route=\/wp\/v2\/media\/9386"}],"wp:attachment":[{"href":"https:\/\/www.frankensicht.de\/index.php?rest_route=%2Fwp%2Fv2%2Fmedia&parent=10786"}],"wp:term":[{"taxonomy":"category","embeddable":true,"href":"https:\/\/www.frankensicht.de\/index.php?rest_route=%2Fwp%2Fv2%2Fcategories&post=10786"},{"taxonomy":"post_tag","embeddable":true,"href":"https:\/\/www.frankensicht.de\/index.php?rest_route=%2Fwp%2Fv2%2Ftags&post=10786"}],"curies":[{"name":"wp","href":"https:\/\/api.w.org\/{rel}","templated":true}]}}