{"id":10727,"date":"2017-05-30T08:02:40","date_gmt":"2017-05-30T06:02:40","guid":{"rendered":"http:\/\/www.frankensicht.de\/?p=10727"},"modified":"2017-05-30T08:02:40","modified_gmt":"2017-05-30T06:02:40","slug":"bayerischer-justizvollzug-verhilft-mit-28-millionen-euro-dem-imposanten-kaisersaal-zu-neuem-glanz-in-altem-gewand","status":"publish","type":"post","link":"https:\/\/www.frankensicht.de\/?p=10727","title":{"rendered":"Bayerischer Justizvollzug verhilft mit 2,8 Millionen Euro dem imposanten Kaisersaal zu neuem Glanz in altem Gewand!&#8220;"},"content":{"rendered":"<p><span style=\"color: #ff0000;\">M\u00fcnchen:<\/span><\/p>\n<p>Bayerns Justizminister Bausback bei der Wiederer\u00f6ffnung des Kaisersaals: &#8222;Bayerischer Justizvollzug verhilft mit 2,8 Millionen Euro dem imposanten Kaisersaal zu neuem Glanz in altem Gewand!&#8220;<br \/>\nBayerns Justizminister Prof. Dr. Winfried Bausback er\u00f6ffnet heute nach rund zweij\u00e4hriger Bauzeit feierlich den generalsanierten Kaisersaal der ehemaligen Zisterzienserabtei in der Justizvollzugsanstalt Ebrach. Bausback in seiner Festrede: &#8222;Das alte Gewand des imposanten Kaisersaals strahlt nun wieder in neuem Glanz. Uns war es im Rahmen der Sanierungsarbeiten wichtig, zu renovieren und zu modernisieren. Gleichzeitig wollten wir die zahlreichen Gem\u00e4lde und alten Bauwerke dieses wundersch\u00f6nen Klosters erhalten. Und das ist uns ganz hervorragend gelungen!&#8220;<\/p>\n<p>Der bayerische Justizvollzug hat rund 2,8 Millionen Euro in die aktuellen Sanierungsarbeiten investiert. Neben einer umfassenden Dachsanierung wurden zahlreiche Modernisierungsma\u00dfnahmen durchgef\u00fchrt. So wurde zum Beispiel die komplette Elektroinstallation erneuert, eine neue Beleuchtungstechnik eingebaut und der geforderte Brandschutz realisiert. Durch weitere Bauma\u00dfnahmen, beispielsweise durch den Einbau eines Aufzugs, ist der Kaisersaal nun auch barrierefrei erschlossen. Justizminister Bausback zeichnet die Justizvollzugsanstalt Ebrach daher auch mit dem Signet &#8222;Bayern barrierefrei&#8220; aus.<\/p>\n<p><a href=\"https:\/\/www.frankensicht.de\/?attachment_id=3276\" rel=\"attachment wp-att-3276\"><img loading=\"lazy\" decoding=\"async\" class=\"alignnone size-medium wp-image-3276\" src=\"https:\/\/www.frankensicht.de\/wp-content\/uploads\/2012\/07\/knast-300x225.png\" alt=\"\" width=\"300\" height=\"225\" srcset=\"https:\/\/www.frankensicht.de\/wp-content\/uploads\/2012\/07\/knast-300x225.png 300w, https:\/\/www.frankensicht.de\/wp-content\/uploads\/2012\/07\/knast.png 840w\" sizes=\"auto, (max-width: 300px) 100vw, 300px\" \/><\/a><\/p>\n<p>Bayerns Justizminister wendet sich an alle Beteiligten: &#8222;Ein Projekt dieser Gr\u00f6\u00dfenordnung ist nur mit viel Unterst\u00fctzung realisierbar. Ich danke allen, die an der Planung, Finanzierung und Umsetzung des Bauvorhabens mitgewirkt haben.&#8220;<\/p>\n<p>Bausback abschlie\u00dfend: &#8222;Der bayerische Justizvollzug ist sich der Verantwortung f\u00fcr seine denkmalgesch\u00fctzten Geb\u00e4ude sehr bewusst. Schon in der Vergangenheit haben wir daher auch hier in Ebrach ganz erhebliche Anstrengungen unternommen. Seit 1980 sind 57,5 Millionen Euro f\u00fcr Bauma\u00dfnahmen in die Justizvollzugsanstalt geflossen. Und auch zuk\u00fcnftig wollen wir weiter investieren &#8211; um die Sicherheitsstandards st\u00e4ndig zu erh\u00f6hen und gleichzeitig die Geb\u00e4udesubstanz des Klosters zu erhalten und weiter zu verbessern.&#8220;<\/p>\n<p>Quelle:stmj.bayern.de<\/p>\n","protected":false},"excerpt":{"rendered":"<p>M\u00fcnchen: Bayerns Justizminister Bausback bei der Wiederer\u00f6ffnung des Kaisersaals: &#8222;Bayerischer Justizvollzug verhilft mit 2,8 Millionen Euro dem imposanten Kaisersaal zu neuem Glanz in altem Gewand!&#8220; Bayerns Justizminister Prof. Dr. Winfried Bausback er\u00f6ffnet heute nach rund zweij\u00e4hriger Bauzeit feierlich den generalsanierten Kaisersaal der ehemaligen Zisterzienserabtei in der Justizvollzugsanstalt Ebrach. Bausback in seiner Festrede: &#8222;Das alte Gewand [&hellip;]<\/p>\n","protected":false},"author":7,"featured_media":3276,"comment_status":"closed","ping_status":"open","sticky":false,"template":"","format":"standard","meta":{"footnotes":""},"categories":[78,71],"tags":[2262,2263],"class_list":["post-10727","post","type-post","status-publish","format-standard","has-post-thumbnail","hentry","category-bayern","category-menue","tag-erlbach","tag-kaisersaal"],"_links":{"self":[{"href":"https:\/\/www.frankensicht.de\/index.php?rest_route=\/wp\/v2\/posts\/10727","targetHints":{"allow":["GET"]}}],"collection":[{"href":"https:\/\/www.frankensicht.de\/index.php?rest_route=\/wp\/v2\/posts"}],"about":[{"href":"https:\/\/www.frankensicht.de\/index.php?rest_route=\/wp\/v2\/types\/post"}],"author":[{"embeddable":true,"href":"https:\/\/www.frankensicht.de\/index.php?rest_route=\/wp\/v2\/users\/7"}],"replies":[{"embeddable":true,"href":"https:\/\/www.frankensicht.de\/index.php?rest_route=%2Fwp%2Fv2%2Fcomments&post=10727"}],"version-history":[{"count":1,"href":"https:\/\/www.frankensicht.de\/index.php?rest_route=\/wp\/v2\/posts\/10727\/revisions"}],"predecessor-version":[{"id":10728,"href":"https:\/\/www.frankensicht.de\/index.php?rest_route=\/wp\/v2\/posts\/10727\/revisions\/10728"}],"wp:featuredmedia":[{"embeddable":true,"href":"https:\/\/www.frankensicht.de\/index.php?rest_route=\/wp\/v2\/media\/3276"}],"wp:attachment":[{"href":"https:\/\/www.frankensicht.de\/index.php?rest_route=%2Fwp%2Fv2%2Fmedia&parent=10727"}],"wp:term":[{"taxonomy":"category","embeddable":true,"href":"https:\/\/www.frankensicht.de\/index.php?rest_route=%2Fwp%2Fv2%2Fcategories&post=10727"},{"taxonomy":"post_tag","embeddable":true,"href":"https:\/\/www.frankensicht.de\/index.php?rest_route=%2Fwp%2Fv2%2Ftags&post=10727"}],"curies":[{"name":"wp","href":"https:\/\/api.w.org\/{rel}","templated":true}]}}