{"id":10718,"date":"2017-05-28T08:34:54","date_gmt":"2017-05-28T06:34:54","guid":{"rendered":"http:\/\/www.frankensicht.de\/?p=10718"},"modified":"2017-05-28T08:34:54","modified_gmt":"2017-05-28T06:34:54","slug":"vom-29-mai-bis-2-juni-finden-an-den-beruflichen-oberschulen-in-bayern-die-schriftlichen-abiturpruefungen-2017-statt","status":"publish","type":"post","link":"https:\/\/www.frankensicht.de\/?p=10718","title":{"rendered":"Vom 29. Mai bis 2. Juni finden an den Beruflichen Oberschulen in Bayern die schriftlichen Abiturpr\u00fcfungen 2017 statt"},"content":{"rendered":"<p><span style=\"color: #ff0000;\">M\u00fcnchen:<\/span><\/p>\n<p>Bildungsminister Dr. Ludwig Spaenle w\u00fcnscht Sch\u00fclerinnen und Sch\u00fclern der Beruflichen Oberschulen &#8222;alles Gute, die n\u00f6tige Konzentration und viel Erfolg&#8220; f\u00fcr Abiturpr\u00fcfungen<br \/>\nVom 29. Mai bis 2. Juni finden an den Beruflichen Oberschulen in Bayern die schriftlichen Abiturpr\u00fcfungen 2017 statt<\/p>\n<p><a href=\"https:\/\/www.frankensicht.de\/?attachment_id=10709\" rel=\"attachment wp-att-10709\"><img loading=\"lazy\" decoding=\"async\" class=\"alignnone size-medium wp-image-10709\" src=\"https:\/\/www.frankensicht.de\/wp-content\/uploads\/2017\/05\/sonne1-300x225.jpg\" alt=\"\" width=\"300\" height=\"225\" srcset=\"https:\/\/www.frankensicht.de\/wp-content\/uploads\/2017\/05\/sonne1-300x225.jpg 300w, https:\/\/www.frankensicht.de\/wp-content\/uploads\/2017\/05\/sonne1.jpg 640w\" sizes=\"auto, (max-width: 300px) 100vw, 300px\" \/><\/a><\/p>\n<p>Kommende Woche treten rund 31.000 Sch\u00fclerinnen und Sch\u00fcler an den Fachoberschulen (FOS) und Berufsoberschulen (BOS) in Bayern die schriftlichen Pr\u00fcfungen an, um die fachgebundene bzw. allgemeine Hochschulreife oder die Fachhochschulreife zu erwerben. Die W\u00fcnsche von Bildungsminister Dr. Ludwig Spaenle begleiten die bayerischen Sch\u00fclerinnen und Sch\u00fcler der Abschlussklassen: &#8222;Sie haben sich mit Hilfe Ihrer Lehrkr\u00e4fte intensiv vorbereitet und k\u00f6nnen nun die Kenntnisse und Kompetenzen zeigen, die Sie in den vergangenen Jahren erworben und vertieft haben. F\u00fcr die kommenden Pr\u00fcfungen w\u00fcnsche ich Ihnen alles Gute, die n\u00f6tige Konzentration und viel Erfolg.&#8220;<\/p>\n<p>&nbsp;<\/p>\n<p>Abiturpr\u00fcfungen 2017 an den Beruflichen Oberschulen<\/p>\n<p>In der Woche vom 29. Mai bis 2. Juni legen die FOS- und BOS-Sch\u00fclerinnen und Sch\u00fcler vier schriftliche Pr\u00fcfungen ab: am Montag, 29. Mai, im Fach Deutsch, am Dienstag, 30. Mai, in Englisch, am Donnerstag, 1. Juni, in Mathematik und am Freitag, 2. Juni, in einem ihrer Ausbildungsrichtung entsprechenden Profilfach. Eine m\u00fcndliche Gruppenpr\u00fcfung im Fach Englisch haben die Pr\u00fcflinge bereits im Zeitraum vom 8. Mai bis 26. Mai absolviert.<\/p>\n<p>Nach erfolgreichem Bestehen der Abschlusspr\u00fcfung erhalten die Absolventinnen und Absolventen am 7. Juli 2017 ihr Zeugnis der Fachhochschul- bzw. Hochschulreife. Minister Spaenle wandte sich noch mit folgender Botschaft an die jungen Menschen: &#8222;Mit dem Abschlusszeugnis der Fach- oder Berufsoberschule schaffen Sie ein solides Fundament, auf dem Sie Ihre berufliche und pers\u00f6nliche Zukunft sinnvoll aufbauen k\u00f6nnen. Alles Gute und viel Erfolg f\u00fcr Ihren weiteren Weg in Studium und Beruf.&#8220;<\/p>\n<p>&nbsp;<\/p>\n<p>Berufliche Oberschulen: Fachoberschulen und Berufsoberschulen<\/p>\n<p>Die Beruflichen Oberschulen in Bayern, die die Fach- (FOS) und Berufsoberschulen (BOS) umfassen, bieten neben den Gymnasien einen zweiten, gleichwertigen Weg zur Hochschule an. Die Fachoberschule baut auf einem mittleren Schulabschluss auf, die Berufsoberschule zus\u00e4tzlich auf einer abgeschlossenen Berufsausbildung bzw. mehrj\u00e4hriger Berufserfahrung. Die FOS umfasst die Jahrgangsstufen 11\/12, die BOS die Jahrgangsstufe 12. Beide Schularten verleihen nach der Jahrgangsstufe 12 die Fachhochschulreife, die in diesem Jahr rund 25.000 der Pr\u00fcflinge anstreben.<\/p>\n<p>An der FOS und der BOS k\u00f6nnen die Sch\u00fclerinnen und Sch\u00fcler nach erfolgreichem Abschluss der Jahrgangsstufen 12\/13 die fachgebundene oder die allgemeine Hochschulreife erlangen. Auf dieses Ziel bereiten sich in diesem Jahr rund 6.000 Sch\u00fclerinnen und Sch\u00fcler vor. Zus\u00e4tzliche Voraussetzung f\u00fcr den Erwerb der allgemeinen Hochschulreife ist der Nachweis der notwendigen Kenntnisse in einer zweiten Fremdsprache.<\/p>\n<p>Quelle: stmbw.bayern.de<\/p>\n","protected":false},"excerpt":{"rendered":"<p>M\u00fcnchen: Bildungsminister Dr. Ludwig Spaenle w\u00fcnscht Sch\u00fclerinnen und Sch\u00fclern der Beruflichen Oberschulen &#8222;alles Gute, die n\u00f6tige Konzentration und viel Erfolg&#8220; f\u00fcr Abiturpr\u00fcfungen Vom 29. Mai bis 2. Juni finden an den Beruflichen Oberschulen in Bayern die schriftlichen Abiturpr\u00fcfungen 2017 statt Kommende Woche treten rund 31.000 Sch\u00fclerinnen und Sch\u00fcler an den Fachoberschulen (FOS) und Berufsoberschulen (BOS) [&hellip;]<\/p>\n","protected":false},"author":7,"featured_media":10709,"comment_status":"closed","ping_status":"open","sticky":false,"template":"","format":"standard","meta":{"footnotes":""},"categories":[78,71],"tags":[2260],"class_list":["post-10718","post","type-post","status-publish","format-standard","has-post-thumbnail","hentry","category-bayern","category-menue","tag-abitur-2017"],"_links":{"self":[{"href":"https:\/\/www.frankensicht.de\/index.php?rest_route=\/wp\/v2\/posts\/10718","targetHints":{"allow":["GET"]}}],"collection":[{"href":"https:\/\/www.frankensicht.de\/index.php?rest_route=\/wp\/v2\/posts"}],"about":[{"href":"https:\/\/www.frankensicht.de\/index.php?rest_route=\/wp\/v2\/types\/post"}],"author":[{"embeddable":true,"href":"https:\/\/www.frankensicht.de\/index.php?rest_route=\/wp\/v2\/users\/7"}],"replies":[{"embeddable":true,"href":"https:\/\/www.frankensicht.de\/index.php?rest_route=%2Fwp%2Fv2%2Fcomments&post=10718"}],"version-history":[{"count":2,"href":"https:\/\/www.frankensicht.de\/index.php?rest_route=\/wp\/v2\/posts\/10718\/revisions"}],"predecessor-version":[{"id":10720,"href":"https:\/\/www.frankensicht.de\/index.php?rest_route=\/wp\/v2\/posts\/10718\/revisions\/10720"}],"wp:featuredmedia":[{"embeddable":true,"href":"https:\/\/www.frankensicht.de\/index.php?rest_route=\/wp\/v2\/media\/10709"}],"wp:attachment":[{"href":"https:\/\/www.frankensicht.de\/index.php?rest_route=%2Fwp%2Fv2%2Fmedia&parent=10718"}],"wp:term":[{"taxonomy":"category","embeddable":true,"href":"https:\/\/www.frankensicht.de\/index.php?rest_route=%2Fwp%2Fv2%2Fcategories&post=10718"},{"taxonomy":"post_tag","embeddable":true,"href":"https:\/\/www.frankensicht.de\/index.php?rest_route=%2Fwp%2Fv2%2Ftags&post=10718"}],"curies":[{"name":"wp","href":"https:\/\/api.w.org\/{rel}","templated":true}]}}