{"id":10714,"date":"2017-05-25T08:14:45","date_gmt":"2017-05-25T06:14:45","guid":{"rendered":"http:\/\/www.frankensicht.de\/?p=10714"},"modified":"2017-05-26T08:11:47","modified_gmt":"2017-05-26T06:11:47","slug":"das-deutsche-internet-institut-entsteht-in-berlin","status":"publish","type":"post","link":"https:\/\/www.frankensicht.de\/?p=10714","title":{"rendered":"Das Deutsche Internet-Institut entsteht in Berlin"},"content":{"rendered":"<p><span style=\"color: #ff0000;\">Berlin:<\/span><\/p>\n<p>Das Deutsche Internet-Institut entsteht in Berlin<\/p>\n<p>Das Deutsche Internet-Institut wird in Berlin von einem Konsortium aus<br \/>\nf\u00fcnf Hochschulen und zwei au\u00dferuniversit\u00e4ren Forschungseinrichtungen aus<br \/>\nBerlin und Brandenburg gegr\u00fcndet. Dies hat Bundesforschungsministerin<br \/>\nJohanna Wanka heute bekannt gegeben. Das Konsortium aus Freier Universit\u00e4t<br \/>\nBerlin, Humboldt-Universit\u00e4t zu Berlin, Technischer Universit\u00e4t Berlin,<br \/>\nUniversit\u00e4t der K\u00fcnste Berlin, Universit\u00e4t Potsdam, Fraunhofer-FOKUS und<br \/>\ndem Wissenschaftszentrum Berlin f\u00fcr Sozialforschung als Koordinator hat<br \/>\nsich in einem zweistufigen wettbewerblichen Verfahren durchgesetzt.<\/p>\n<p><a href=\"https:\/\/www.frankensicht.de\/?attachment_id=10695\" rel=\"attachment wp-att-10695\"><img loading=\"lazy\" decoding=\"async\" class=\"alignnone size-medium wp-image-10695\" src=\"https:\/\/www.frankensicht.de\/wp-content\/uploads\/2017\/05\/elektronik-300x225.jpg\" alt=\"\" width=\"300\" height=\"225\" srcset=\"https:\/\/www.frankensicht.de\/wp-content\/uploads\/2017\/05\/elektronik-300x225.jpg 300w, https:\/\/www.frankensicht.de\/wp-content\/uploads\/2017\/05\/elektronik.jpg 640w\" sizes=\"auto, (max-width: 300px) 100vw, 300px\" \/><\/a><\/p>\n<p>In der letzten Runde hatten f\u00fcnf Bewerber Konzepte erarbeitet, die von<br \/>\neiner international besetzten Expertenjury unter Vorsitz von Prof. Dr.<br \/>\nViktor Mayer-Sch\u00f6nberger vom Oxford Internet-Institut begutachtet worden<br \/>\nsind. Das neue Institut soll die ethischen, rechtlichen, wirtschaftlichen<br \/>\nund gesellschaftlichen Aspekte von Internet und Digitalisierung erforschen.<br \/>\nDaf\u00fcr stellt das Bundesministerium f\u00fcr Bildung und Forschung (BMBF)<br \/>\nF\u00f6rdermittel in H\u00f6he von bis zu 50 Millionen Euro in den ersten f\u00fcnf<br \/>\nJahren bereit.<\/p>\n<p>&#8222;Die Digitalisierung und das Internet pr\u00e4gen immer st\u00e4rker unseren<br \/>\nAlltag, unsere Gesellschaft und unsere Wirtschaft. Das Deutsche<br \/>\nInternet-Institut wird unabh\u00e4ngig und interdisziplin\u00e4r die<br \/>\nDigitalisierung und ihre Auswirkungen f\u00fcr uns Menschen in den Blick nehmen<br \/>\nund in ihrer ganzen Komplexit\u00e4t erforschen. Mit seiner Gr\u00fcndung schaffen<br \/>\nwir nicht nur einen neuen Leuchtturm in der deutschen Forschungslandschaft,<br \/>\nsondern schaffen zugleich eine Einrichtung, die ihre Erkenntnisse an<br \/>\nGesellschaft, Wirtschaft und Politik weitergibt&#8220;, sagte<br \/>\nBundesforschungsministerin Wanka. &#8222;Ich gratuliere dem Konsortium aus Berlin<br \/>\nund Brandenburg, das sich mit seinem \u00fcberzeugenden Konzept gegen ein<br \/>\nstarkes Bewerberfeld durchgesetzt hat.&#8220;<\/p>\n<p>Mit dem zuk\u00fcnftigen &#8222;Internet-Institut f\u00fcr die vernetzte Gesellschaft&#8220;<br \/>\nwill das Gewinnerkonsortium die tiefgreifenden Transformationsprozesse im<br \/>\ndigitalen Wandel und die Ver\u00e4nderungen der Gesellschaft analysieren und<br \/>\nk\u00fcnftige Handlungsoptionen skizzieren. Dabei sollen innovative und<br \/>\ninterdisziplin\u00e4re Formen des Forschens und der Vermittlung von Wissen<br \/>\nentwickelt und eingesetzt werden.<\/p>\n<p>Das Deutsche Internet-Institut ist als &#8222;lernendes Zentrum&#8220; angelegt und<br \/>\nsoll Impulse in der nationalen und internationalen Forschung geben sowie<br \/>\nneue Themen aufnehmen. Als zentraler Akteur in der Forschungslandschaft<br \/>\nsoll das Institut selber aktuelle Schwerpunkte setzen. Mit einem<br \/>\ninterdisziplin\u00e4ren Ansatz verfolgt es das Ziel, die Gesellschaft und ihre<br \/>\nInstitutionen, Unternehmen und Politik mit praxisnahen Anwendungsmodellen<br \/>\nzu unterst\u00fctzen. Dar\u00fcber hinaus vernetzt das Deutsche Internet-Institut<br \/>\ndie einschl\u00e4gige Forschungslandschaft und f\u00f6rdert den wissenschaftlichen<br \/>\nNachwuchs, beispielsweise mit Forschungsaufenthalten exzellenter<br \/>\nNachwuchswissenschaftlerinnen und -wissenschaftler. Die Direktorenstellen<br \/>\ndes Instituts sollen international ausgeschrieben werden.<\/p>\n<p>Mit seiner Gr\u00fcndung setzt die Bundesregierung ein zentrales Ziel ihrer<br \/>\nDigitalen Agenda 2014-2017 um. Das Deutsche Internet-Institut nimmt noch in<br \/>\ndiesem Jahr die Arbeit auf. In regelm\u00e4\u00dfigen Abst\u00e4nden soll das Institut<br \/>\nzur Qualit\u00e4tssicherung evaluiert werden. Nach einer erfolgreichen<br \/>\nAnlaufphase k\u00f6nnten die neuen Handlungsspielr\u00e4ume zum Tragen kommen, die<br \/>\nder ge\u00e4nderte Artikel 91b im Grundgesetz zur langfristigen strategischen<br \/>\nZusammenarbeit von Bund und L\u00e4ndern im Bereich der Wissenschaft geschaffen<br \/>\nhat.<\/p>\n<p>Quelle: bmdf.bund.de<\/p>\n<p>&nbsp;<\/p>\n","protected":false},"excerpt":{"rendered":"<p>Berlin: Das Deutsche Internet-Institut entsteht in Berlin Das Deutsche Internet-Institut wird in Berlin von einem Konsortium aus f\u00fcnf Hochschulen und zwei au\u00dferuniversit\u00e4ren Forschungseinrichtungen aus Berlin und Brandenburg gegr\u00fcndet. Dies hat Bundesforschungsministerin Johanna Wanka heute bekannt gegeben. Das Konsortium aus Freier Universit\u00e4t Berlin, Humboldt-Universit\u00e4t zu Berlin, Technischer Universit\u00e4t Berlin, Universit\u00e4t der K\u00fcnste Berlin, Universit\u00e4t Potsdam, Fraunhofer-FOKUS [&hellip;]<\/p>\n","protected":false},"author":7,"featured_media":10695,"comment_status":"open","ping_status":"open","sticky":false,"template":"","format":"standard","meta":{"footnotes":""},"categories":[44,3],"tags":[2258],"class_list":["post-10714","post","type-post","status-publish","format-standard","has-post-thumbnail","hentry","category-deutschland-2","category-news","tag-interne-istitut"],"_links":{"self":[{"href":"https:\/\/www.frankensicht.de\/index.php?rest_route=\/wp\/v2\/posts\/10714","targetHints":{"allow":["GET"]}}],"collection":[{"href":"https:\/\/www.frankensicht.de\/index.php?rest_route=\/wp\/v2\/posts"}],"about":[{"href":"https:\/\/www.frankensicht.de\/index.php?rest_route=\/wp\/v2\/types\/post"}],"author":[{"embeddable":true,"href":"https:\/\/www.frankensicht.de\/index.php?rest_route=\/wp\/v2\/users\/7"}],"replies":[{"embeddable":true,"href":"https:\/\/www.frankensicht.de\/index.php?rest_route=%2Fwp%2Fv2%2Fcomments&post=10714"}],"version-history":[{"count":2,"href":"https:\/\/www.frankensicht.de\/index.php?rest_route=\/wp\/v2\/posts\/10714\/revisions"}],"predecessor-version":[{"id":10716,"href":"https:\/\/www.frankensicht.de\/index.php?rest_route=\/wp\/v2\/posts\/10714\/revisions\/10716"}],"wp:featuredmedia":[{"embeddable":true,"href":"https:\/\/www.frankensicht.de\/index.php?rest_route=\/wp\/v2\/media\/10695"}],"wp:attachment":[{"href":"https:\/\/www.frankensicht.de\/index.php?rest_route=%2Fwp%2Fv2%2Fmedia&parent=10714"}],"wp:term":[{"taxonomy":"category","embeddable":true,"href":"https:\/\/www.frankensicht.de\/index.php?rest_route=%2Fwp%2Fv2%2Fcategories&post=10714"},{"taxonomy":"post_tag","embeddable":true,"href":"https:\/\/www.frankensicht.de\/index.php?rest_route=%2Fwp%2Fv2%2Ftags&post=10714"}],"curies":[{"name":"wp","href":"https:\/\/api.w.org\/{rel}","templated":true}]}}