{"id":10678,"date":"2017-05-21T08:20:56","date_gmt":"2017-05-21T06:20:56","guid":{"rendered":"http:\/\/www.frankensicht.de\/?p=10678"},"modified":"2017-05-21T08:20:56","modified_gmt":"2017-05-21T06:20:56","slug":"vorbereitungen-fuer-die-weltklimakonferenz-im-november-in-bonn-sind-auf-einem-guten-weg","status":"publish","type":"post","link":"https:\/\/www.frankensicht.de\/?p=10678","title":{"rendered":"Vorbereitungen f\u00fcr die Weltklimakonferenz im November in Bonn sind auf einem guten Weg"},"content":{"rendered":"<p><span style=\"color: #ff0000;\">Fidji &#8211; Bonn:<\/span><\/p>\n<p>Gemeinsame Pressemitteilung des UN-Klimasekretariats mit der Republik<br \/>\nFidschi, dem Bundesumweltministerium und der Stadt Bonn<\/p>\n<p>Vorbereitungen f\u00fcr die Weltklimakonferenz im November in Bonn sind auf<br \/>\neinem guten Weg<\/p>\n<p>Die Vorbereitungen f\u00fcr die 23. UN-Klimakonferenz (COP 23) vom 6.-17.<br \/>\nNovember sind in vollem Gange und verlaufen bisher nach Plan, so dass die<br \/>\nnotwendige Infrastruktur bereitstehen wird und alle erforderlichen<br \/>\nVorkehrungen f\u00fcr eine Konferenz getroffen sind, die dazu beitragen kann,<br \/>\ndie Ziele und Ambitionen des Pariser \u00dcbereinkommens weiter<br \/>\nvoranzubringen.<\/p>\n<p>Die Delegierten werden in modernsten Konferenzeinrichtungen tagen k\u00f6nnen,<br \/>\nes wird zahlreiche Dienstleistungen sowie Ausstellungen, Konzerte oder<br \/>\nandere kulturelle Ereignisse geben, die auch von den Bonner B\u00fcrgern<br \/>\ngenutzt werden k\u00f6nnen.<\/p>\n<p>Um eine dynamische und erfolgreiche Konferenz zu erm\u00f6glichen, gibt es eine<br \/>\nenge Zusammenarbeit zwischen dem UN-Klimasekretariat (UNFCCC), das die<br \/>\nKonferenz ausrichtet, der Bundesregierung, der nordrhein-westf\u00e4lischen<br \/>\nLandesregierung, der Bonner Stadtverwaltung und der Regierung Fidschis,<br \/>\ndie die Pr\u00e4sidentschaft der Konferenz \u00fcbernimmt.<\/p>\n<p><a href=\"https:\/\/www.frankensicht.de\/?attachment_id=6464\" rel=\"attachment wp-att-6464\"><img loading=\"lazy\" decoding=\"async\" class=\"alignnone size-medium wp-image-6464\" src=\"https:\/\/www.frankensicht.de\/wp-content\/uploads\/2013\/11\/muelleimer-300x225.jpg\" alt=\"\" width=\"300\" height=\"225\" srcset=\"https:\/\/www.frankensicht.de\/wp-content\/uploads\/2013\/11\/muelleimer-300x225.jpg 300w, https:\/\/www.frankensicht.de\/wp-content\/uploads\/2013\/11\/muelleimer.jpg 640w\" sizes=\"auto, (max-width: 300px) 100vw, 300px\" \/><\/a><\/p>\n<p>Am letzten Tag der Vorbereitungskonferenz f\u00fcr die COP23 in Bonn sagte<br \/>\nUNFCCC-Exekutivsekret\u00e4rin Patricia Espinosa: \u201eIch m\u00f6chte der<br \/>\nk\u00fcnftigen Pr\u00e4sidentschaft Fidschi herzlich f\u00fcr ihre F\u00fchrungsrolle<br \/>\ndanken, Deutschland f\u00fcr die ausgezeichnete Unterst\u00fctzung, dem Land<br \/>\nNordrhein-Westfalen f\u00fcr den R\u00fcckhalt und der Stadt Bonn f\u00fcr die<br \/>\nBem\u00fchungen, die Konferenz zum Erfolg werden zu lassen. Wir f\u00fchlen uns<br \/>\nau\u00dferordentlich geehrt, diese Konferenz ausrichten zu d\u00fcrfen und sind<br \/>\nfest entschlossen, starke positive Ergebnisse zu erzielen, die den<br \/>\nKlimaschutz weltweit voranbringen. Dar\u00fcber hinaus soll es eine<br \/>\numweltfreundliche Konferenz werden und ein Ereignis, das die Verhandlungen<br \/>\nund die vielen geplanten Veranstaltungen mit einem positiven Geist<br \/>\nbefl\u00fcgelt.\u201c<\/p>\n<p>Die Chefunterh\u00e4ndlerin der COP23-Pr\u00e4sidentschaft, Botschafterin Nazhat<br \/>\nShemeem Khan, brachte den Dank Fidschis f\u00fcr die Unterst\u00fctzung und<br \/>\nErmutigung zum Ausdruck, die das Land bisher durch UNFCCC, die deutsche<br \/>\nRegierung und die jetzige Pr\u00e4sidentschaft der im letzten Jahr in<br \/>\nMarrakesch abgehaltenen Klimakonferenz (COP 22) erfahren hat: \u201eIm<br \/>\nNachgang zu der im Mai in Bonn abgehaltenen Klimakonferenz ist klar<br \/>\ngeworden, dass weithin der Wunsch besteht, die Dynamik der Umsetzung des<br \/>\nPariser Abkommens aufrecht zu erhalten. In der Zusammenarbeit mit unseren<br \/>\nPartnern wollen wir diesen gemeinsamen Enthusiasmus nutzen, um auf der 23.<br \/>\nKlimakonferenz und dar\u00fcber hinaus ehrgeizige Ziele anzustreben. Die<br \/>\nTatsache, dass der Gedanke des \u201eTalanoa\u201c, des Geschichtenerz\u00e4hlens<br \/>\nund Dialogs, schon jetzt immer mehr die Verhandlungen und Beratungen<br \/>\ndurchdringt, ist f\u00fcr uns besonders ermutigend. Wir sind der festen<br \/>\n\u00dcberzeugung, dass dieser integrative, respektvolle und beteiligende<br \/>\nAnsatz zu einem Entscheidungsprozess f\u00fchrt, der den globalen Klimaschutz<br \/>\nvoranbringt.\u201c<\/p>\n<p>\u201eTalanoa\u201c ist ein Begriff der pazifischen Inseln, der sich auf das<br \/>\nErz\u00e4hlen von Geschichten, die Weitergabe von Ideen und das Gespr\u00e4ch<br \/>\nzwischen Menschen bezieht und das Erreichen von Konsens zum Ziel hat. Auch<br \/>\nder Name einer der Hauptkonferenzbereiche ist ein Begriff aus der Kultur<br \/>\nFidschis.<\/p>\n<p>Der UN Klima-Campus<br \/>\nEs wird eine \u201eBula-Zone\u201c geben, bestehend aus dem WCCB, dem UN-Campus<br \/>\nund einem erweiterten Bereich hinter dem Geb\u00e4ude der Deutschen Welle. Das<br \/>\nWort \u201eBula\u201c entstammt der Kultur Fidschis und ist gleicherma\u00dfen eine<br \/>\nGru\u00dfformel und ein Segenswunsch f\u00fcr Gesundheit und Gl\u00fcck.<br \/>\nDie \u201eBonn-Zone\u201c wiederum erstreckt sich \u00fcber den Parkbereich der<br \/>\nRheinaue. Hier werden Veranstaltungen zum Klimaschutz stattfinden, einige<br \/>\nhochrangige Treffen, Side Events und Ausstellungen, die vom UNFCCC und der<br \/>\ndeutschen Regierung ausgerichtet werden. Hier werden auch Veranstaltungen<br \/>\nin den Delegationspavillons stattfinden.<\/p>\n<p>Jochen Flasbarth, Staatssekret\u00e4r im Bundesumweltministerium, erkl\u00e4rte,<br \/>\ndass Deutschland sich geehrt f\u00fchle, drei gro\u00dfe internationale<br \/>\nKonferenzen zum Klimaschutz auszurichten bzw. zu unterst\u00fctzen, n\u00e4mlich<br \/>\nden Petersberger Klimadialog, den G20-Gipfel und die COP23: \u201eIm Rahmen<br \/>\nunserer G20 Pr\u00e4sidentschaft bem\u00fchen wir uns, die Umsetzung des Pariser<br \/>\nAbkommens voranzutreiben und konzentrieren uns dabei ganz besonders auf<br \/>\ndie verletzlichen kleinen Inselstaaten. Es ist uns eine gro\u00dfe Freude,<br \/>\nFidschi als erstem kleinem Inselentwicklungsland, das die Pr\u00e4sidentschaft<br \/>\neiner Weltklimakonferenz \u00fcbernimmt, bei der Durchf\u00fchrung der Konferenz<br \/>\ntechnisch zu unterst\u00fctzen. Wir freuen uns darauf, ein neues und<br \/>\ninnovatives Konzept f\u00fcr internationale Konferenzen vorzustellen: eine<br \/>\nKonferenz &#8211; zwei Zonen. Mit diesem Konzept heben wir die Bedeutung der<br \/>\nnichtstaatlichen Akteure hervor, die mit ihren Aktionen die offiziellen<br \/>\nVerhandlungen der Regierungen erg\u00e4nzen.\u201c<\/p>\n<p>In Bonn haben sich insgesamt bereits etwa 20 UN-Organisationen angesiedelt,<br \/>\ndie mit dem Thema Nachhaltigkeit befasst sind. Weiterhin hat Bonn<br \/>\nErfahrung mit der Ausrichtung von Gro\u00dfveranstaltungen, wenngleich noch<br \/>\nnicht mit einer Konferenz dieses Ausma\u00dfes. Der Oberb\u00fcrgermeister von<br \/>\nBonn, Ashok Sridharan erkl\u00e4rte: \u201eBonn war Gastgeberstadt der<br \/>\nKlimakonferenzen 1999 und 2001 und wir sind stolz darauf nun erneut<br \/>\nTreffpunkt f\u00fcr eine Weltklimakonferenz zu sein. Dieses Mal ist die<br \/>\nHerausforderung wesentlich gr\u00f6\u00dfer: Die erwartete Teilnehmerzahl wird<br \/>\nalles \u00fcbertreffen, was Bonn bisher erlebt hat. F\u00fcr uns ist das eine<br \/>\ngro\u00dfe Chance: Der Name Bonns wird zwei Wochen lang in den Nachrichten der<br \/>\nWelt pr\u00e4sent sein. Wir d\u00fcrfen auch die positiven wirtschaftlichen<br \/>\nAuswirkungen einer solchen Konferenz nicht au\u00dfer Acht lassen.<br \/>\nGleichzeitig ist es aber auch eine Herausforderung: Wir werden alles<br \/>\ndaf\u00fcr tun, dass sich die Delegierten aus aller Welt hier in der deutschen<br \/>\nStadt der Vereinten Nationen willkommen f\u00fchlen.\u201c<\/p>\n<p>Er fuhr fort: \u201eDie Konferenz wird uns dar\u00fcber hinaus eine hervorragende<br \/>\nGelegenheit bieten, um zu zeigen, dass Bonn die Themen Nachhaltigkeit und<br \/>\nKlimaschutz ernst nimmt. Wir haben vor, auch die Bonnerinnen und Bonner<br \/>\nmit den Themen der Konferenz vertraut zu machen und sie einzubeziehen, wo<br \/>\ndas m\u00f6glich ist, denn sie werden auch mit einigen Einschr\u00e4nkungen<br \/>\numgehen m\u00fcssen. Der heutige Bundespr\u00e4sident hat Bonn einmal als<br \/>\n&#8222;Welthauptstadt der Nachhaltigkeit&#8220; bezeichnet. Ich bin sicher, diesem Ruf<br \/>\nwird die Stadt alle Ehre machen.&#8220;<\/p>\n<p>Die Stadt Bonn und die gesamte Region f\u00fchren zahlreiche Ma\u00dfnahmen zur<br \/>\nSt\u00e4rkung der Nachhaltigkeit durch. So wird die Stadtverwaltung<br \/>\nzus\u00e4tzlich zu einem bereits heute gut funktionierenden und integrierten<br \/>\nSystem des \u00f6ffentlichen Nahverkehrs zus\u00e4tzliche Stra\u00dfenbahnen und Busse<br \/>\nf\u00fcr einen reibungslosen Zugang zum Konferenzgel\u00e4nde einsetzen. Die<br \/>\nDeutsche Bahn baut gerade mit finanzieller Unterst\u00fctzung des Landes<br \/>\nNordrhein-Westfalen eine neue Haltestelle (UN-Campus) ganz in der N\u00e4he<br \/>\ndes Konferenzgel\u00e4ndes.<\/p>\n<p>Um das \u00fcbergeordnete Ziel der Klimaneutralit\u00e4t zu erreichen, werden die<br \/>\nim Zusammenhang mit der Konferenz erzeugten Treibhausgasemissionen soweit<br \/>\nirgend m\u00f6glich reduziert werden. Unvermeidbare Emissionen werden u.a.<br \/>\nmittels der UN-Initiative Climate Neutral Now ausgeglichen. Hierzu<br \/>\ngeh\u00f6ren z. B. Emissionen aufgrund von Reise- und Anfahrtswegen, die den<br \/>\nL\u00f6wenanteil an der Gesamtbilanz ausmachen.<\/p>\n<p>Weitere Informationen sowie Bildmaterial zur Weltklimakonferenz COP23 in<br \/>\nBonn finden Sie unter http:\/\/www.bmub.bund.de\/cop23\/.<br \/>\nhttps:\/\/www.facebook.com\/bmub.bund<\/p>\n<p>https:\/\/www.instagram.com\/bmub\/<\/p>\n<p>Quell: bmub.bund.de<\/p>\n<p>&nbsp;<\/p>\n","protected":false},"excerpt":{"rendered":"<p>Fidji &#8211; Bonn: Gemeinsame Pressemitteilung des UN-Klimasekretariats mit der Republik Fidschi, dem Bundesumweltministerium und der Stadt Bonn Vorbereitungen f\u00fcr die Weltklimakonferenz im November in Bonn sind auf einem guten Weg Die Vorbereitungen f\u00fcr die 23. UN-Klimakonferenz (COP 23) vom 6.-17. November sind in vollem Gange und verlaufen bisher nach Plan, so dass die notwendige Infrastruktur [&hellip;]<\/p>\n","protected":false},"author":7,"featured_media":6464,"comment_status":"closed","ping_status":"open","sticky":false,"template":"","format":"standard","meta":{"footnotes":""},"categories":[3,30],"tags":[2254],"class_list":["post-10678","post","type-post","status-publish","format-standard","has-post-thumbnail","hentry","category-news","category-welt","tag-weltklimakonferenz"],"_links":{"self":[{"href":"https:\/\/www.frankensicht.de\/index.php?rest_route=\/wp\/v2\/posts\/10678","targetHints":{"allow":["GET"]}}],"collection":[{"href":"https:\/\/www.frankensicht.de\/index.php?rest_route=\/wp\/v2\/posts"}],"about":[{"href":"https:\/\/www.frankensicht.de\/index.php?rest_route=\/wp\/v2\/types\/post"}],"author":[{"embeddable":true,"href":"https:\/\/www.frankensicht.de\/index.php?rest_route=\/wp\/v2\/users\/7"}],"replies":[{"embeddable":true,"href":"https:\/\/www.frankensicht.de\/index.php?rest_route=%2Fwp%2Fv2%2Fcomments&post=10678"}],"version-history":[{"count":2,"href":"https:\/\/www.frankensicht.de\/index.php?rest_route=\/wp\/v2\/posts\/10678\/revisions"}],"predecessor-version":[{"id":10682,"href":"https:\/\/www.frankensicht.de\/index.php?rest_route=\/wp\/v2\/posts\/10678\/revisions\/10682"}],"wp:featuredmedia":[{"embeddable":true,"href":"https:\/\/www.frankensicht.de\/index.php?rest_route=\/wp\/v2\/media\/6464"}],"wp:attachment":[{"href":"https:\/\/www.frankensicht.de\/index.php?rest_route=%2Fwp%2Fv2%2Fmedia&parent=10678"}],"wp:term":[{"taxonomy":"category","embeddable":true,"href":"https:\/\/www.frankensicht.de\/index.php?rest_route=%2Fwp%2Fv2%2Fcategories&post=10678"},{"taxonomy":"post_tag","embeddable":true,"href":"https:\/\/www.frankensicht.de\/index.php?rest_route=%2Fwp%2Fv2%2Ftags&post=10678"}],"curies":[{"name":"wp","href":"https:\/\/api.w.org\/{rel}","templated":true}]}}