{"id":10672,"date":"2017-05-18T08:05:11","date_gmt":"2017-05-18T06:05:11","guid":{"rendered":"http:\/\/www.frankensicht.de\/?p=10672"},"modified":"2017-05-18T08:05:11","modified_gmt":"2017-05-18T06:05:11","slug":"foerderung-aus-dem-europaeischen-sozialfonds-wird-aufgestockt","status":"publish","type":"post","link":"https:\/\/www.frankensicht.de\/?p=10672","title":{"rendered":"F\u00f6rderung aus dem Europ\u00e4ischen Sozialfonds wird aufgestockt"},"content":{"rendered":"<p>M\u00fcnchen:<\/p>\n<p>Zehn Millionen Euro zus\u00e4tzlich f\u00fcr innovative Projekte an Bayerns Hochschulen &#8211; Minister Spaenle: &#8222;Beleg f\u00fcr die exzellente Arbeit der Hochschulen beim Wissenstransfer&#8220;<br \/>\nF\u00f6rderung aus dem Europ\u00e4ischen Sozialfonds wird aufgestockt<\/p>\n<p>Den bayerischen Hochschulen stehen weitere zehn Millionen Euro an europ\u00e4ischen F\u00f6rdermitteln f\u00fcr innovative Projekte zur Verf\u00fcgung. Dies gab Wissenschaftsminister Dr. Ludwig Spaenle heute in M\u00fcnchen bekannt. Damit ist die Summe auf 17 Millionen Euro angewachsen. \u00a0Das Geld stammt aus dem Europ\u00e4ischen Sozialfonds (ESF) und soll bis 2020 Netzwerkt\u00e4tigkeiten zwischen Hochschulen und Unternehmen f\u00f6rdern. &#8222;Diese zus\u00e4tzlichen EU-Mittel sind ein Beleg daf\u00fcr, dass die Hochschulen in Bayern im Bereich des Wissenstransfers exzellente Arbeit leisten. Ihre Innovationskraft konnte \u00fcberzeugen&#8220;, so Minister Spaenle.<\/p>\n<p><a href=\"https:\/\/www.frankensicht.de\/?attachment_id=4845\" rel=\"attachment wp-att-4845\"><img loading=\"lazy\" decoding=\"async\" class=\"alignnone size-medium wp-image-4845\" src=\"https:\/\/www.frankensicht.de\/wp-content\/uploads\/2012\/12\/1euro-300x225.jpg\" alt=\"\" width=\"300\" height=\"225\" srcset=\"https:\/\/www.frankensicht.de\/wp-content\/uploads\/2012\/12\/1euro-300x225.jpg 300w, https:\/\/www.frankensicht.de\/wp-content\/uploads\/2012\/12\/1euro.jpg 640w\" sizes=\"auto, (max-width: 300px) 100vw, 300px\" \/><\/a><\/p>\n<p>&#8222;Die zehn Millionen zus\u00e4tzlich k\u00f6nnen nun der Motor sein f\u00fcr weitere Projekte, die die Zusammenarbeit zwischen den Hochschulen und Unternehmen in der Region voranbringen&#8220;, betonte er. Im Mittelpunkt stehen dabei die Mitarbeiterinnen und Mitarbeiter kleiner sowie mittlerer Unternehmen vor Ort, die sich \u00fcber speziell zugeschnittene Angebote der Hochschulen weiter qualifizieren k\u00f6nnen. Die neuen Projekte sollen sich schwerpunktm\u00e4\u00dfig den Themen &#8222;Digitalisierung&#8220; und &#8222;Arbeit 4.0\/Industrie 4.0&#8220; widmen.<\/p>\n<p>Um die Besch\u00e4ftigungschancen der Menschen in Europa zu verbessern, stellt die Europ\u00e4ische Union \u00fcber den Europ\u00e4ischen Sozialfonds F\u00f6rdermittel f\u00fcr Bildungs-, Ausbildungs- und Qualifizierungsma\u00dfnahmen zur Verf\u00fcgung. Im Mittelpunkt der Initiative im Wissenschaftsbereich steht die verbesserte Vernetzung von Wirtschaft und Wissenschaft, f\u00fcr die bis zum Jahr 2020 bereits sieben Millionen Euro bereitgestellt worden waren.<\/p>\n<p>Quelle:stmbw.bayern.dee<\/p>\n","protected":false},"excerpt":{"rendered":"<p>M\u00fcnchen: Zehn Millionen Euro zus\u00e4tzlich f\u00fcr innovative Projekte an Bayerns Hochschulen &#8211; Minister Spaenle: &#8222;Beleg f\u00fcr die exzellente Arbeit der Hochschulen beim Wissenstransfer&#8220; F\u00f6rderung aus dem Europ\u00e4ischen Sozialfonds wird aufgestockt Den bayerischen Hochschulen stehen weitere zehn Millionen Euro an europ\u00e4ischen F\u00f6rdermitteln f\u00fcr innovative Projekte zur Verf\u00fcgung. Dies gab Wissenschaftsminister Dr. Ludwig Spaenle heute in M\u00fcnchen [&hellip;]<\/p>\n","protected":false},"author":7,"featured_media":4845,"comment_status":"closed","ping_status":"open","sticky":false,"template":"","format":"standard","meta":{"footnotes":""},"categories":[78,71],"tags":[2252],"class_list":["post-10672","post","type-post","status-publish","format-standard","has-post-thumbnail","hentry","category-bayern","category-menue","tag-sozialfonds"],"_links":{"self":[{"href":"https:\/\/www.frankensicht.de\/index.php?rest_route=\/wp\/v2\/posts\/10672","targetHints":{"allow":["GET"]}}],"collection":[{"href":"https:\/\/www.frankensicht.de\/index.php?rest_route=\/wp\/v2\/posts"}],"about":[{"href":"https:\/\/www.frankensicht.de\/index.php?rest_route=\/wp\/v2\/types\/post"}],"author":[{"embeddable":true,"href":"https:\/\/www.frankensicht.de\/index.php?rest_route=\/wp\/v2\/users\/7"}],"replies":[{"embeddable":true,"href":"https:\/\/www.frankensicht.de\/index.php?rest_route=%2Fwp%2Fv2%2Fcomments&post=10672"}],"version-history":[{"count":1,"href":"https:\/\/www.frankensicht.de\/index.php?rest_route=\/wp\/v2\/posts\/10672\/revisions"}],"predecessor-version":[{"id":10673,"href":"https:\/\/www.frankensicht.de\/index.php?rest_route=\/wp\/v2\/posts\/10672\/revisions\/10673"}],"wp:featuredmedia":[{"embeddable":true,"href":"https:\/\/www.frankensicht.de\/index.php?rest_route=\/wp\/v2\/media\/4845"}],"wp:attachment":[{"href":"https:\/\/www.frankensicht.de\/index.php?rest_route=%2Fwp%2Fv2%2Fmedia&parent=10672"}],"wp:term":[{"taxonomy":"category","embeddable":true,"href":"https:\/\/www.frankensicht.de\/index.php?rest_route=%2Fwp%2Fv2%2Fcategories&post=10672"},{"taxonomy":"post_tag","embeddable":true,"href":"https:\/\/www.frankensicht.de\/index.php?rest_route=%2Fwp%2Fv2%2Ftags&post=10672"}],"curies":[{"name":"wp","href":"https:\/\/api.w.org\/{rel}","templated":true}]}}