{"id":10660,"date":"2017-05-14T08:39:35","date_gmt":"2017-05-14T06:39:35","guid":{"rendered":"http:\/\/www.frankensicht.de\/?p=10660"},"modified":"2017-05-14T08:39:35","modified_gmt":"2017-05-14T06:39:35","slug":"die-alpen-koennen-pionierregion-fuer-klimaneutrales-wirtschaften-und-leben-werden","status":"publish","type":"post","link":"https:\/\/www.frankensicht.de\/?p=10660","title":{"rendered":"Die Alpen k\u00f6nnen Pionierregion f\u00fcr klimaneutrales Wirtschaften und Leben werden"},"content":{"rendered":"<p><span style=\"color: #ff0000;\">Berlin:<\/span><\/p>\n<p>Schwarzel\u00fchr-Sutter:\u201cDie Alpen k\u00f6nnen Pionierregion f\u00fcr klimaneutrales<br \/>\nWirtschaften und Leben werden\u201c<br \/>\nNeuer Alpenzustandsbericht zeigt Potentiale gr\u00fcner Wirtschaftszweige<\/p>\n<p>Heute beginnt die internationale Konferenz zum nachhaltigen Wirtschaften im<br \/>\nAlpenraum. Fachleute aus den Alpenl\u00e4ndern diskutieren dabei, wie die<br \/>\nAlpen zu einer Modellregion f\u00fcr Klimaschutz und klimaneutrales wie<br \/>\nnachhaltiges Wirtschaften entwickelt werden k\u00f6nnten. Zur Er\u00f6ffnung der<br \/>\nKonferenz in Rosenheim sagte die parlamentarische Staatssekret\u00e4rin<br \/>\nSchwarzel\u00fchr-Sutter: \u201cDie Alpenregion sp\u00fcrt schon heute den<br \/>\nKlimawandel. Das f\u00fchrt zu einer Reihe Problemen, er\u00f6ffnet aber auch neue<br \/>\nChancen f\u00fcr den Alpenraum, insbesondere dann wenn der Aufbau einer<br \/>\ngr\u00fcnen Wirtschaft wirklich vorankommt. Die Alpenstaaten verf\u00fcgen \u00fcber<br \/>\nein enormes Potential, diese Herausforderung aktiv anzunehmen und k\u00f6nnen<br \/>\neine Pionierregion f\u00fcr klimaneutrales Wirtschaften und Leben werden.&#8220;<\/p>\n<p>Die Alpen sind besonders stark vom Klimawandel betroffen: Gletscher<br \/>\nschmelzen, Schneegrenzen verschieben sich, Artenvielfalt geht verloren.<br \/>\nDie Region ist daher auf den weltweiten Klimaschutz angewiesen und muss<br \/>\nselbst zahlreiche Schutzma\u00dfnahmen ergreifen. Gleichzeitig ist der<br \/>\nAlpenraum wirtschaftlich stark und innovativ, die Region z\u00e4hlt zu den am<br \/>\nbesten entwickelten Regionen Europas. Deshalb hatte die XIV.<br \/>\nAlpenkonferenz am 13. Oktober 2016 auf Vorschlag von Bundesministerin<br \/>\nHendricks Empfehlungen beschlossen, wie die Alpen zu einer Modellregion<br \/>\nf\u00fcr eine klimafreundliche und ressourcenschonende Entwicklung in Europa<br \/>\nwerden k\u00f6nnen.<\/p>\n<p><a href=\"https:\/\/www.frankensicht.de\/?attachment_id=10059\" rel=\"attachment wp-att-10059\"><img loading=\"lazy\" decoding=\"async\" class=\"alignnone size-medium wp-image-10059\" src=\"https:\/\/www.frankensicht.de\/wp-content\/uploads\/2016\/10\/radieschen3-300x225.jpg\" alt=\"\" width=\"300\" height=\"225\" srcset=\"https:\/\/www.frankensicht.de\/wp-content\/uploads\/2016\/10\/radieschen3-300x225.jpg 300w, https:\/\/www.frankensicht.de\/wp-content\/uploads\/2016\/10\/radieschen3.jpg 640w\" sizes=\"auto, (max-width: 300px) 100vw, 300px\" \/><\/a><\/p>\n<p>Der unter Leitung des Umweltbundesamtes erstellte Alpenzustandsbericht<br \/>\n&#8222;Gr\u00fcnes Wirtschaften im Alpenraum&#8220; zeigt, dass in der Region bereits<br \/>\nviele innovative Praxisbeispiele f\u00fcr nachhaltiges Wirtschaften<br \/>\nexistieren. Darauf wollen die Alpenstaaten nun aufbauen \u2013 zum Beispiel<br \/>\nin Bezug auf einen nachhaltigen Tourismus, den naturvertr\u00e4glichen Ausbau<br \/>\nerneuerbarer Energien, die Vermarktung lokaler, nachhaltiger Produkte oder<br \/>\ndie Zusammenarbeit von Akteuren aus Wirtschaft und Naturschutz.<br \/>\nMit einem ehrgeizigen Aktionsprogramm f\u00fcr Gr\u00fcnes Wirtschaften im<br \/>\nAlpenraum sollen aus den politischen Empfehlungen des 6.<br \/>\nAlpenzustandsberichts konkret umsetzbare Aktionen und Initiativen<br \/>\nentstehen.<\/p>\n<p>In einem intensiven Dialog von Akteuren aus Politik, Verwaltung,<br \/>\nWirtschaft, Regionen, Kommunen, Wissenschaft, Verb\u00e4nden und Initiativen<br \/>\nsoll es gelingen, f\u00fcr das Aktionsprogramm konkrete Impulse f\u00fcr die<br \/>\nUmsetzung einer gr\u00fcnen Wirtschaft in der Region zu erzeugen. Die heutige<br \/>\nKonferenz ist der Auftakt f\u00fcr diesen vom Bundesumweltministerium<br \/>\ngef\u00f6rderten Prozess.<br \/>\nDas Aktionsprogramm wird der XV. Alpenkonferenz unter Vorsitz \u00d6sterreichs<br \/>\nim Herbst 2018 zur Verabschiedung vorgelegt.<\/p>\n<p>Den Alpenzustandsbericht finden Sie unter www.bmub.bund.de\/N53616<br \/>\nDie Erkl\u00e4rung der XIV. Alpenkonferenz finden Sie unter<br \/>\nhttp:\/\/www.bmub.bund.de\/fileadmin\/Daten_BMU\/Download_PDF\/Europa___International\/alpenkonferenz_2017-22_erklaerung_nachhaltiges_wirtschaften_bf.pdf<br \/>\nDie Webseite der Alpenkonferenz finden Sie unter:<br \/>\nhttp:\/\/www.alpconv.org\/de\/convention\/default.html<\/p>\n<p>https:\/\/www.facebook.com\/bmub.bund<\/p>\n<p>https:\/\/www.instagram.com\/bmub\/<\/p>\n<p>Quelle: bmub.bund.de<\/p>\n","protected":false},"excerpt":{"rendered":"<p>Berlin: Schwarzel\u00fchr-Sutter:\u201cDie Alpen k\u00f6nnen Pionierregion f\u00fcr klimaneutrales Wirtschaften und Leben werden\u201c Neuer Alpenzustandsbericht zeigt Potentiale gr\u00fcner Wirtschaftszweige Heute beginnt die internationale Konferenz zum nachhaltigen Wirtschaften im Alpenraum. Fachleute aus den Alpenl\u00e4ndern diskutieren dabei, wie die Alpen zu einer Modellregion f\u00fcr Klimaschutz und klimaneutrales wie nachhaltiges Wirtschaften entwickelt werden k\u00f6nnten. Zur Er\u00f6ffnung der Konferenz in Rosenheim [&hellip;]<\/p>\n","protected":false},"author":7,"featured_media":10059,"comment_status":"closed","ping_status":"open","sticky":false,"template":"","format":"standard","meta":{"footnotes":""},"categories":[44,3],"tags":[2249],"class_list":["post-10660","post","type-post","status-publish","format-standard","has-post-thumbnail","hentry","category-deutschland-2","category-news","tag-alpen-klimawechsel"],"_links":{"self":[{"href":"https:\/\/www.frankensicht.de\/index.php?rest_route=\/wp\/v2\/posts\/10660","targetHints":{"allow":["GET"]}}],"collection":[{"href":"https:\/\/www.frankensicht.de\/index.php?rest_route=\/wp\/v2\/posts"}],"about":[{"href":"https:\/\/www.frankensicht.de\/index.php?rest_route=\/wp\/v2\/types\/post"}],"author":[{"embeddable":true,"href":"https:\/\/www.frankensicht.de\/index.php?rest_route=\/wp\/v2\/users\/7"}],"replies":[{"embeddable":true,"href":"https:\/\/www.frankensicht.de\/index.php?rest_route=%2Fwp%2Fv2%2Fcomments&post=10660"}],"version-history":[{"count":2,"href":"https:\/\/www.frankensicht.de\/index.php?rest_route=\/wp\/v2\/posts\/10660\/revisions"}],"predecessor-version":[{"id":10662,"href":"https:\/\/www.frankensicht.de\/index.php?rest_route=\/wp\/v2\/posts\/10660\/revisions\/10662"}],"wp:featuredmedia":[{"embeddable":true,"href":"https:\/\/www.frankensicht.de\/index.php?rest_route=\/wp\/v2\/media\/10059"}],"wp:attachment":[{"href":"https:\/\/www.frankensicht.de\/index.php?rest_route=%2Fwp%2Fv2%2Fmedia&parent=10660"}],"wp:term":[{"taxonomy":"category","embeddable":true,"href":"https:\/\/www.frankensicht.de\/index.php?rest_route=%2Fwp%2Fv2%2Fcategories&post=10660"},{"taxonomy":"post_tag","embeddable":true,"href":"https:\/\/www.frankensicht.de\/index.php?rest_route=%2Fwp%2Fv2%2Ftags&post=10660"}],"curies":[{"name":"wp","href":"https:\/\/api.w.org\/{rel}","templated":true}]}}