{"id":10649,"date":"2017-05-12T08:30:55","date_gmt":"2017-05-12T06:30:55","guid":{"rendered":"http:\/\/www.frankensicht.de\/?p=10649"},"modified":"2017-05-12T08:30:55","modified_gmt":"2017-05-12T06:30:55","slug":"in-der-forschung-ganz-vorn-dabei-in-der-lehre-hoch-anerkannt","status":"publish","type":"post","link":"https:\/\/www.frankensicht.de\/?p=10649","title":{"rendered":"&#8222;In der Forschung ganz vorn dabei, in der Lehre hoch anerkannt&#8220;"},"content":{"rendered":"<p><span style=\"color: #ff0000;\">W\u00fcrzburg:<\/span><\/p>\n<p>&#8222;In der Forschung ganz vorn dabei, in der Lehre hoch anerkannt&#8220; &#8211; Wissenschaftsminister Spaenle beim Dies academicus der Julius-Maximilians-Universit\u00e4t W\u00fcrzburg<br \/>\nBayerns Wissenschaftsminister Dr. Ludwig Spaenle w\u00fcrdigte beim Dies Academicus der Julius-Maximilians-Universit\u00e4t W\u00fcrzburg die ausgezeichnete Entwicklung der Alma Julia: &#8222;Die Einwerbung von massiven Forschungsf\u00f6rdermitteln z. B. f\u00fcr das Helmholtz-Institut f\u00fcr RNA-basierte Infektionsforschung und f\u00fcr die Max-Planck-Forschungsgruppe ,Systemimmunologie&#8216; zeigen: Die Julius-Maximilians-Universit\u00e4t W\u00fcrzburg ist in der Forschung ganz weit vorn &#8211; in der Medizin sowie den Life Sciences, aber nicht nur da.&#8220; Der Minister erg\u00e4nzte die Liste der Highlights am Forscherhimmel um die Einwerbung des Instituts f\u00fcr Topologische Isolatoren mit Forschungsbau, um die bewilligten Forschungsbauten f\u00fcr das Institut f\u00fcr nachhaltige Chemie und Katalyse mit Bor als Schl\u00fcsselelement sowie das kurz vor der Realisierung stehende Zentrum f\u00fcr Philologie und Digitalit\u00e4t. Letzterer wurde erst vor wenigen Wochen vom Wissenschaftsrat der Bund-L\u00e4nder-F\u00f6rderung als von nationalem Interesse anempfohlen.<br \/>\nVier W\u00fcrzburger Lehrstuhlinhabern wurde in den j\u00fcngsten Jahren der Leibniz-Preis verliehen.<\/p>\n<p><a href=\"https:\/\/www.frankensicht.de\/?attachment_id=8590\" rel=\"attachment wp-att-8590\"><img loading=\"lazy\" decoding=\"async\" class=\"alignnone size-medium wp-image-8590\" src=\"https:\/\/www.frankensicht.de\/wp-content\/uploads\/2015\/06\/lava-225x300.jpg\" alt=\"\" width=\"225\" height=\"300\" srcset=\"https:\/\/www.frankensicht.de\/wp-content\/uploads\/2015\/06\/lava-225x300.jpg 225w, https:\/\/www.frankensicht.de\/wp-content\/uploads\/2015\/06\/lava.jpg 480w\" sizes=\"auto, (max-width: 225px) 100vw, 225px\" \/><\/a><\/p>\n<p>Hohe Attraktivit\u00e4t der Lehre<\/p>\n<p>&#8222;Die \u00e4lteste bayerische Universit\u00e4t ist fit f\u00fcr die Herausforderungen des 21. Jahrhunderts. Und nicht nur in der Forschung, sondern auch in der Lehre. 29.000 Studierende haben sich im laufenden Studienjahr f\u00fcr den Standort W\u00fcrzburg entschieden, ein neuer Rekord, der ohne die Attraktivit\u00e4t der Lehre und das gro\u00dfe Ansehen der Lehrenden der Alma Julia undenkbar w\u00e4re&#8220;, so der Minister.<\/p>\n<p>Auch bei der Erhaltung der bestehenden Bausubstanz komme die Universit\u00e4t W\u00fcrzburg gut voran. Gegenw\u00e4rtig stehen die Generalsanierung des Zentralbaus Chemie sowie die Sanierung der Mensa auf dem Hubland auf der Agenda mit einem jeweils mittleren zweistelligen Millionenbetrag auf der Agenda.<\/p>\n<p>Abschlie\u00dfend dankte Minister Spaenle allen Verantwortlichen der Alma Julia insbesondere Pr\u00e4sidenten Prof. Dr. Alfred Forchel und der Universit\u00e4tsleitung sowie den Mitgliedern der Universit\u00e4tsgremien, den Lehrenden und den Mitarbeitern f\u00fcr ihr enormes Engagement an der Universit\u00e4t W\u00fcrzburg.<\/p>\n<p>Quelle: stmbw.bayern.de<\/p>\n","protected":false},"excerpt":{"rendered":"<p>W\u00fcrzburg: &#8222;In der Forschung ganz vorn dabei, in der Lehre hoch anerkannt&#8220; &#8211; Wissenschaftsminister Spaenle beim Dies academicus der Julius-Maximilians-Universit\u00e4t W\u00fcrzburg Bayerns Wissenschaftsminister Dr. Ludwig Spaenle w\u00fcrdigte beim Dies Academicus der Julius-Maximilians-Universit\u00e4t W\u00fcrzburg die ausgezeichnete Entwicklung der Alma Julia: &#8222;Die Einwerbung von massiven Forschungsf\u00f6rdermitteln z. B. f\u00fcr das Helmholtz-Institut f\u00fcr RNA-basierte Infektionsforschung und f\u00fcr die [&hellip;]<\/p>\n","protected":false},"author":7,"featured_media":8590,"comment_status":"closed","ping_status":"open","sticky":false,"template":"","format":"standard","meta":{"footnotes":""},"categories":[71,84,87],"tags":[407],"class_list":["post-10649","post","type-post","status-publish","format-standard","has-post-thumbnail","hentry","category-menue","category-unterfranken","category-wurzburg-unterfranken","tag-forschung"],"_links":{"self":[{"href":"https:\/\/www.frankensicht.de\/index.php?rest_route=\/wp\/v2\/posts\/10649","targetHints":{"allow":["GET"]}}],"collection":[{"href":"https:\/\/www.frankensicht.de\/index.php?rest_route=\/wp\/v2\/posts"}],"about":[{"href":"https:\/\/www.frankensicht.de\/index.php?rest_route=\/wp\/v2\/types\/post"}],"author":[{"embeddable":true,"href":"https:\/\/www.frankensicht.de\/index.php?rest_route=\/wp\/v2\/users\/7"}],"replies":[{"embeddable":true,"href":"https:\/\/www.frankensicht.de\/index.php?rest_route=%2Fwp%2Fv2%2Fcomments&post=10649"}],"version-history":[{"count":4,"href":"https:\/\/www.frankensicht.de\/index.php?rest_route=\/wp\/v2\/posts\/10649\/revisions"}],"predecessor-version":[{"id":10653,"href":"https:\/\/www.frankensicht.de\/index.php?rest_route=\/wp\/v2\/posts\/10649\/revisions\/10653"}],"wp:featuredmedia":[{"embeddable":true,"href":"https:\/\/www.frankensicht.de\/index.php?rest_route=\/wp\/v2\/media\/8590"}],"wp:attachment":[{"href":"https:\/\/www.frankensicht.de\/index.php?rest_route=%2Fwp%2Fv2%2Fmedia&parent=10649"}],"wp:term":[{"taxonomy":"category","embeddable":true,"href":"https:\/\/www.frankensicht.de\/index.php?rest_route=%2Fwp%2Fv2%2Fcategories&post=10649"},{"taxonomy":"post_tag","embeddable":true,"href":"https:\/\/www.frankensicht.de\/index.php?rest_route=%2Fwp%2Fv2%2Ftags&post=10649"}],"curies":[{"name":"wp","href":"https:\/\/api.w.org\/{rel}","templated":true}]}}