{"id":10644,"date":"2017-05-11T08:33:26","date_gmt":"2017-05-11T06:33:26","guid":{"rendered":"http:\/\/www.frankensicht.de\/?p=10644"},"modified":"2017-05-11T08:33:26","modified_gmt":"2017-05-11T06:33:26","slug":"innovationspreis-zu-hause-daheim-fuer-wohnen-fuer-hilfe","status":"publish","type":"post","link":"https:\/\/www.frankensicht.de\/?p=10644","title":{"rendered":"Innovationspreis &#8222;Zu Hause daheim&#8220; f\u00fcr Wohnen f\u00fcr Hilfe"},"content":{"rendered":"<p><span style=\"color: #ff0000;\">Erlangen:<\/span><\/p>\n<p>Innovationspreis &#8222;Zu Hause daheim&#8220; f\u00fcr Wohnen f\u00fcr Hilfe<br \/>\nDie Stadt Erlangen wurde vergangenen Freitag in Regensburg mit dem Innovationspreis &#8222;Zu Hause daheim&#8220; ausgezeichnet. Bayerns Sozial-Staatsministerin Emilia M\u00fcller \u00fcbergab den mit 2.000 Euro dotierten zweiten Preis an das Projekt &#8222;Wohnen f\u00fcr Hilfe&#8220;, das die st\u00e4dtische Abteilung Wohnungswesen seit nunmehr sechs Jahren durchf\u00fchrt. Dabei werden Wohnpartnerschaften zwischen Studierenden und \u00e4lteren Menschen vermittelt. Statt Mietzahlungen erbringen die jungen Menschen Hilfeleistungen im Alltag. Der Mietpreis betr\u00e4gt dabei f\u00fcr jeden Quadratmeter Wohnfl\u00e4che rund eine Stunde Hilfe im Monat. &#8222;Wir freuen uns \u00fcber die Auszeichnung. Sie zeigt, dass das Thema wichtig ist.<br \/>\nUnd es ist eine &#8218;Win-Win-Situation&#8216; f\u00fcr die Beteiligten. Senioren k\u00f6nnen dank der Hilfe in ihren vier W\u00e4nden wohnen bleiben, Studierende haben aufgrund der angespannten Wohnungslage die M\u00f6glichkeit einer Unterkunft&#8220;, berichtet Gabriela Hesel, die zusammen mit ihrer Kollegin Ursula Andretzky den Preis entgegennahm.<\/p>\n<p><a href=\"https:\/\/www.frankensicht.de\/?attachment_id=189\" rel=\"attachment wp-att-189\"><img loading=\"lazy\" decoding=\"async\" class=\"alignnone size-full wp-image-189\" src=\"https:\/\/www.frankensicht.de\/wp-content\/uploads\/wappen.png\" alt=\"\" width=\"220\" height=\"254\" \/><\/a><br \/>\nStolz ist B\u00fcrgermeisterin und Sozialreferentin Elisabeth Preu\u00df, in deren Bereich &#8222;Wohnen f\u00fcr Hilfe&#8220; angesiedelt ist: &#8222;Die Mitarbeiterinnen in der Abteilung Wohnungswesen arbeiten sehr akribisch und mit viel Engagement, die Ehrung haben sie sich verdient. Zudem zeigen die Zahlen, dass wir mit Wohnen f\u00fcr Hilfe auch den richten Nerv treffen. Seit Start des Projektes konnten fast 160 Wohnpartnerschaften vermittelt werden, fast 40 gibt es aktuell.&#8220;<br \/>\nVerliehen wurde der Preis in diesem Jahr zum ersten Mal. Ausgezeichnet wurden insgesamt je drei innovative und kreative Initiativen aus jedem Regierungsbezirk, die ein selbstbestimmtes Leben im Alter erm\u00f6glichen. Bereits 2013 wurde die Stadt f\u00fcr das Projekt ausgezeichnet: Vom Stifterverband f\u00fcr die deutsche Wissenschaft wurde ihr der Titel &#8222;Hochschulperle 2013&#8220; verliehen.<\/p>\n<p>Quelle:erlangen.de<\/p>\n","protected":false},"excerpt":{"rendered":"<p>Erlangen: Innovationspreis &#8222;Zu Hause daheim&#8220; f\u00fcr Wohnen f\u00fcr Hilfe Die Stadt Erlangen wurde vergangenen Freitag in Regensburg mit dem Innovationspreis &#8222;Zu Hause daheim&#8220; ausgezeichnet. Bayerns Sozial-Staatsministerin Emilia M\u00fcller \u00fcbergab den mit 2.000 Euro dotierten zweiten Preis an das Projekt &#8222;Wohnen f\u00fcr Hilfe&#8220;, das die st\u00e4dtische Abteilung Wohnungswesen seit nunmehr sechs Jahren durchf\u00fchrt. Dabei werden Wohnpartnerschaften [&hellip;]<\/p>\n","protected":false},"author":7,"featured_media":189,"comment_status":"closed","ping_status":"open","sticky":false,"template":"","format":"standard","meta":{"footnotes":""},"categories":[111,71,85],"tags":[1904],"class_list":["post-10644","post","type-post","status-publish","format-standard","has-post-thumbnail","hentry","category-erlangen-mittelfranken","category-menue","category-mittelfranken","tag-innovationspreis"],"_links":{"self":[{"href":"https:\/\/www.frankensicht.de\/index.php?rest_route=\/wp\/v2\/posts\/10644","targetHints":{"allow":["GET"]}}],"collection":[{"href":"https:\/\/www.frankensicht.de\/index.php?rest_route=\/wp\/v2\/posts"}],"about":[{"href":"https:\/\/www.frankensicht.de\/index.php?rest_route=\/wp\/v2\/types\/post"}],"author":[{"embeddable":true,"href":"https:\/\/www.frankensicht.de\/index.php?rest_route=\/wp\/v2\/users\/7"}],"replies":[{"embeddable":true,"href":"https:\/\/www.frankensicht.de\/index.php?rest_route=%2Fwp%2Fv2%2Fcomments&post=10644"}],"version-history":[{"count":3,"href":"https:\/\/www.frankensicht.de\/index.php?rest_route=\/wp\/v2\/posts\/10644\/revisions"}],"predecessor-version":[{"id":10647,"href":"https:\/\/www.frankensicht.de\/index.php?rest_route=\/wp\/v2\/posts\/10644\/revisions\/10647"}],"wp:featuredmedia":[{"embeddable":true,"href":"https:\/\/www.frankensicht.de\/index.php?rest_route=\/wp\/v2\/media\/189"}],"wp:attachment":[{"href":"https:\/\/www.frankensicht.de\/index.php?rest_route=%2Fwp%2Fv2%2Fmedia&parent=10644"}],"wp:term":[{"taxonomy":"category","embeddable":true,"href":"https:\/\/www.frankensicht.de\/index.php?rest_route=%2Fwp%2Fv2%2Fcategories&post=10644"},{"taxonomy":"post_tag","embeddable":true,"href":"https:\/\/www.frankensicht.de\/index.php?rest_route=%2Fwp%2Fv2%2Ftags&post=10644"}],"curies":[{"name":"wp","href":"https:\/\/api.w.org\/{rel}","templated":true}]}}