{"id":10642,"date":"2017-05-10T08:55:02","date_gmt":"2017-05-10T06:55:02","guid":{"rendered":"http:\/\/www.frankensicht.de\/?p=10642"},"modified":"2017-05-10T08:55:02","modified_gmt":"2017-05-10T06:55:02","slug":"unwetter-im-landkreis-aschaffenburg","status":"publish","type":"post","link":"https:\/\/www.frankensicht.de\/?p=10642","title":{"rendered":"Unwetter im Landkreis Aschaffenburg"},"content":{"rendered":"<p><span style=\"color: #ff0000;\">Achaffenburg:<\/span><\/p>\n<p>Unwetter im Landkreis Aschaffenburg &#8211; Bayerns Innenstaatssekret\u00e4r Gerhard Eck und Justizminister Prof. Dr. Winfried Bausback berichten im Ministerrat: Sch\u00e4den in zweistelliger Millionenh\u00f6he \u2013 Engagierte Einsatzkr\u00e4fte verhindern Schlimmeres \u2013 Freistaat pr\u00fcft finanzielle Unterst\u00fctzung \u2013 Appell f\u00fcr Elementarschadensversicherungen<br \/>\nBayerns Innenstaatssekret\u00e4r Gerhard Eck und Justizminister Prof. Dr. Winfried Bausback haben in der heutigen Kabinettssitzung der Bayerischen Staatsregierung \u00fcber das Unwetter im n\u00f6rdlichen Landkreis Aschaffenburg berichtet, das am Donnerstag, den 4. Mai 2017, insbesondere den Markt M\u00f6mbris, die Gemeinde Krombach und auch die Stadt Alzenau heimgesucht hatte. Auch wenn es noch keine detaillierten Schadensaufstellungen gibt, rechnet Eck insgesamt mit Sachsch\u00e4den in zweistelliger Millionenh\u00f6he. &#8222;Dank der hervorragenden Arbeit unserer Einsatzkr\u00e4fte konnten aber noch gr\u00f6\u00dfere Sachsch\u00e4den verhindert werden&#8220;, erkl\u00e4rten Eck und Bausback. Auch habe es gottseidank keine Verletzten gegeben. Rund 650 Einsatzkr\u00e4fte waren in der Spitze eingesetzt, darunter fast alle Feuerwehren des Landkreises Aschaffenburg sowie unter anderem das Technische Hilfswerk, das Bayerische Rote Kreuz und die Bayerische Polizei. &#8222;Die Zusammenarbeit unserer Einsatzkr\u00e4fte hat ausgezeichnet geklappt&#8220;, lobte Eck. Bausback betonte: &#8222;In dieser ernsten Lage geht es nun vor allem darum, den Menschen in der Region schnell und unb\u00fcrokratisch zu helfen!&#8220; Justizminister Bausback und Innenstaatssekret\u00e4r Eck sind sich einig: &#8222;Es hat sich ausgezahlt, dass der Landkreis Aschaffenburg in den letzten Jahren erheblich in die Ausstattung des Katastrophenschutzes investiert hatte und gro\u00dfen Wert auf die Ausbildung der Einsatzkr\u00e4fte legt.&#8220;<\/p>\n<p><a href=\"https:\/\/www.frankensicht.de\/?attachment_id=5014\" rel=\"attachment wp-att-5014\"><img loading=\"lazy\" decoding=\"async\" class=\"alignnone size-medium wp-image-5014\" src=\"https:\/\/www.frankensicht.de\/wp-content\/uploads\/2013\/01\/trinkwasser-300x225.jpg\" alt=\"\" width=\"300\" height=\"225\" srcset=\"https:\/\/www.frankensicht.de\/wp-content\/uploads\/2013\/01\/trinkwasser-300x225.jpg 300w, https:\/\/www.frankensicht.de\/wp-content\/uploads\/2013\/01\/trinkwasser-1024x768.jpg 1024w, https:\/\/www.frankensicht.de\/wp-content\/uploads\/2013\/01\/trinkwasser.jpg 1280w\" sizes=\"auto, (max-width: 300px) 100vw, 300px\" \/><\/a><\/p>\n<p>Wie Prof. Dr. Bausback erkl\u00e4rte, war die Unterst\u00fctzung der vom Unwetter Betroffenen ein wichtiger Punkt in der heutigen Kabinettssitzung. &#8222;Vor Ort haben Kommunen, Firmen und Privatpersonen teilweise sehr hohe Unwettersch\u00e4den zu tragen&#8220;, so der Justizminister. &#8222;Als Freistaat pr\u00fcfen wir derzeit mit Hochdruck, ob und wie wir helfen k\u00f6nnen.&#8220; Ein Teil der Sch\u00e4den k\u00f6nne voraussichtlich \u00fcber bestehende F\u00f6rderprogramme abgedeckt werden. Nach Bausbacks Worten sollen bei F\u00e4llen einer akuten Existenzgef\u00e4hrdung auch Soforthilfen gepr\u00fcft werden. &#8222;\u00dcber die genauen Unterst\u00fctzungshilfen wird das Kabinett entscheiden, sobald die konkreten Sch\u00e4den detailliert erhoben sind&#8220;, k\u00fcndigten Bausback und Eck an. Dabei werde es auch darauf ankommen, welche Sch\u00e4den versichert beziehungsweise versicherbar waren. Justizminister Prof. Dr. Bausback und Innenstaatssekret\u00e4r Eck appellierten deshalb an alle B\u00fcrgerinnen und B\u00fcrger, entsprechende Elementarschadensversicherungen abzuschlie\u00dfen, um vor Unwettersch\u00e4den Vorsorge zu treffen.<\/p>\n<p>Quelle:stmj.bayern.de<\/p>\n","protected":false},"excerpt":{"rendered":"<p>Achaffenburg: Unwetter im Landkreis Aschaffenburg &#8211; Bayerns Innenstaatssekret\u00e4r Gerhard Eck und Justizminister Prof. Dr. Winfried Bausback berichten im Ministerrat: Sch\u00e4den in zweistelliger Millionenh\u00f6he \u2013 Engagierte Einsatzkr\u00e4fte verhindern Schlimmeres \u2013 Freistaat pr\u00fcft finanzielle Unterst\u00fctzung \u2013 Appell f\u00fcr Elementarschadensversicherungen Bayerns Innenstaatssekret\u00e4r Gerhard Eck und Justizminister Prof. Dr. Winfried Bausback haben in der heutigen Kabinettssitzung der Bayerischen Staatsregierung [&hellip;]<\/p>\n","protected":false},"author":7,"featured_media":5014,"comment_status":"closed","ping_status":"open","sticky":false,"template":"","format":"standard","meta":{"footnotes":""},"categories":[86,78,71],"tags":[2247],"class_list":["post-10642","post","type-post","status-publish","format-standard","has-post-thumbnail","hentry","category-aschaffenburg-unterfranken","category-bayern","category-menue","tag-unwetter"],"_links":{"self":[{"href":"https:\/\/www.frankensicht.de\/index.php?rest_route=\/wp\/v2\/posts\/10642","targetHints":{"allow":["GET"]}}],"collection":[{"href":"https:\/\/www.frankensicht.de\/index.php?rest_route=\/wp\/v2\/posts"}],"about":[{"href":"https:\/\/www.frankensicht.de\/index.php?rest_route=\/wp\/v2\/types\/post"}],"author":[{"embeddable":true,"href":"https:\/\/www.frankensicht.de\/index.php?rest_route=\/wp\/v2\/users\/7"}],"replies":[{"embeddable":true,"href":"https:\/\/www.frankensicht.de\/index.php?rest_route=%2Fwp%2Fv2%2Fcomments&post=10642"}],"version-history":[{"count":1,"href":"https:\/\/www.frankensicht.de\/index.php?rest_route=\/wp\/v2\/posts\/10642\/revisions"}],"predecessor-version":[{"id":10643,"href":"https:\/\/www.frankensicht.de\/index.php?rest_route=\/wp\/v2\/posts\/10642\/revisions\/10643"}],"wp:featuredmedia":[{"embeddable":true,"href":"https:\/\/www.frankensicht.de\/index.php?rest_route=\/wp\/v2\/media\/5014"}],"wp:attachment":[{"href":"https:\/\/www.frankensicht.de\/index.php?rest_route=%2Fwp%2Fv2%2Fmedia&parent=10642"}],"wp:term":[{"taxonomy":"category","embeddable":true,"href":"https:\/\/www.frankensicht.de\/index.php?rest_route=%2Fwp%2Fv2%2Fcategories&post=10642"},{"taxonomy":"post_tag","embeddable":true,"href":"https:\/\/www.frankensicht.de\/index.php?rest_route=%2Fwp%2Fv2%2Ftags&post=10642"}],"curies":[{"name":"wp","href":"https:\/\/api.w.org\/{rel}","templated":true}]}}