{"id":10639,"date":"2017-05-09T08:18:12","date_gmt":"2017-05-09T06:18:12","guid":{"rendered":"http:\/\/www.frankensicht.de\/?p=10639"},"modified":"2017-05-09T08:18:12","modified_gmt":"2017-05-09T06:18:12","slug":"buergerentscheid-zur-erba-siedlung","status":"publish","type":"post","link":"https:\/\/www.frankensicht.de\/?p=10639","title":{"rendered":"B\u00fcrgerentscheid zur ERBA-Siedlung"},"content":{"rendered":"<p><span style=\"color: #ff0000;\">Erlangen:<\/span><\/p>\n<p>B\u00fcrgerentscheid zur ERBA-Siedlung<\/p>\n<p>Gr\u00fcnes Licht f\u00fcr GEWOBAU-Neubauprojekt am Anger<br \/>\nAm Sonntag hat sich eine Mehrheit der Erlangerinnen und Erlanger f\u00fcr ein Neubauprojekt der st\u00e4dtischen Wohnbaugesellschaft GEWOBAU im Stadtteil Anger ausgesprochen. Laut Schnellmeldungen stimmten 59 % gegen den Vorschlag einer B\u00fcrgerinitiative, bestehende Geb\u00e4ude f\u00fcr das Projekt nicht abzurei\u00dfen. Insgesamt 34.127 Wahlberechtigte nahmen an der Abstimmung teil, die Beteiligung lag somit bei 41,6 %. Das amtliche Endergebnis soll bis Mittwoch vorliegen.<\/p>\n<p><a href=\"https:\/\/www.frankensicht.de\/?attachment_id=8893\" rel=\"attachment wp-att-8893\"><img loading=\"lazy\" decoding=\"async\" class=\"alignnone size-medium wp-image-8893\" src=\"https:\/\/www.frankensicht.de\/wp-content\/uploads\/2015\/08\/P1010933-300x225.jpg\" alt=\"\" width=\"300\" height=\"225\" srcset=\"https:\/\/www.frankensicht.de\/wp-content\/uploads\/2015\/08\/P1010933-300x225.jpg 300w, https:\/\/www.frankensicht.de\/wp-content\/uploads\/2015\/08\/P1010933.jpg 640w\" sizes=\"auto, (max-width: 300px) 100vw, 300px\" \/><\/a><br \/>\n&#8222;Mit der Zustimmung der B\u00fcrgerinnen und B\u00fcrger kann nun der Bau von rund neu 90 dringend ben\u00f6tigten Wohnungen beginnen. Wir gestalten sie barrierefrei, energieeffizient und vor allem bezahlbar&#8220;, sagte Oberb\u00fcrgermeister Florian Janik. &#8222;Ich freue mich, dass wir die Mehrheit von dem Projekt \u00fcberzeugen konnten. Bei dem Projekt stellen wir neben der Schaffung von g\u00fcnstigem Wohnraum den Erhalt von Lebensqualit\u00e4t durch viel Gr\u00fcn und ein lebenswertes Umfeld in den Mittelpunkt.&#8220; Dennoch h\u00e4tten das B\u00fcrgerbegehren und der Entscheid gezeigt, dass mit dem verst\u00e4rkten Wohnungsneubau in Erlangen auch Sorgen und Bef\u00fcrchtungen verbunden seien. &#8222;Die Zustimmung zu dem Vorhaben betrachten wir nicht als Freifahrtschein f\u00fcr alle Bauprojekte in der Stadt. Wir nehmen die Einw\u00e4nde der B\u00fcrgerinnen und B\u00fcrger sehr ernst und achten deshalb bei jedem Wohnbauprojekt darauf, dass die Lebensqualit\u00e4t in den Stadtteilen nicht nur erhalten bleibt, sondern auch verbessert wird&#8220;, sagte Janik. Es werde auch weiterhin darum gehen, die Mieter und Anwohner bei jedem einzelnen Projekt so gut wie m\u00f6glich mitzunehmen.<\/p>\n<p>Quelle:erlangen.de<\/p>\n","protected":false},"excerpt":{"rendered":"<p>Erlangen: B\u00fcrgerentscheid zur ERBA-Siedlung Gr\u00fcnes Licht f\u00fcr GEWOBAU-Neubauprojekt am Anger Am Sonntag hat sich eine Mehrheit der Erlangerinnen und Erlanger f\u00fcr ein Neubauprojekt der st\u00e4dtischen Wohnbaugesellschaft GEWOBAU im Stadtteil Anger ausgesprochen. Laut Schnellmeldungen stimmten 59 % gegen den Vorschlag einer B\u00fcrgerinitiative, bestehende Geb\u00e4ude f\u00fcr das Projekt nicht abzurei\u00dfen. Insgesamt 34.127 Wahlberechtigte nahmen an der Abstimmung [&hellip;]<\/p>\n","protected":false},"author":7,"featured_media":8893,"comment_status":"closed","ping_status":"open","sticky":false,"template":"","format":"standard","meta":{"footnotes":""},"categories":[78,111,71],"tags":[2246],"class_list":["post-10639","post","type-post","status-publish","format-standard","has-post-thumbnail","hentry","category-bayern","category-erlangen-mittelfranken","category-menue","tag-erba-siedlung"],"_links":{"self":[{"href":"https:\/\/www.frankensicht.de\/index.php?rest_route=\/wp\/v2\/posts\/10639","targetHints":{"allow":["GET"]}}],"collection":[{"href":"https:\/\/www.frankensicht.de\/index.php?rest_route=\/wp\/v2\/posts"}],"about":[{"href":"https:\/\/www.frankensicht.de\/index.php?rest_route=\/wp\/v2\/types\/post"}],"author":[{"embeddable":true,"href":"https:\/\/www.frankensicht.de\/index.php?rest_route=\/wp\/v2\/users\/7"}],"replies":[{"embeddable":true,"href":"https:\/\/www.frankensicht.de\/index.php?rest_route=%2Fwp%2Fv2%2Fcomments&post=10639"}],"version-history":[{"count":2,"href":"https:\/\/www.frankensicht.de\/index.php?rest_route=\/wp\/v2\/posts\/10639\/revisions"}],"predecessor-version":[{"id":10641,"href":"https:\/\/www.frankensicht.de\/index.php?rest_route=\/wp\/v2\/posts\/10639\/revisions\/10641"}],"wp:featuredmedia":[{"embeddable":true,"href":"https:\/\/www.frankensicht.de\/index.php?rest_route=\/wp\/v2\/media\/8893"}],"wp:attachment":[{"href":"https:\/\/www.frankensicht.de\/index.php?rest_route=%2Fwp%2Fv2%2Fmedia&parent=10639"}],"wp:term":[{"taxonomy":"category","embeddable":true,"href":"https:\/\/www.frankensicht.de\/index.php?rest_route=%2Fwp%2Fv2%2Fcategories&post=10639"},{"taxonomy":"post_tag","embeddable":true,"href":"https:\/\/www.frankensicht.de\/index.php?rest_route=%2Fwp%2Fv2%2Ftags&post=10639"}],"curies":[{"name":"wp","href":"https:\/\/api.w.org\/{rel}","templated":true}]}}