{"id":10628,"date":"2017-05-05T08:00:42","date_gmt":"2017-05-05T06:00:42","guid":{"rendered":"http:\/\/www.frankensicht.de\/?p=10628"},"modified":"2017-05-05T08:00:42","modified_gmt":"2017-05-05T06:00:42","slug":"medizinische-fakultaet-und-universitaetsklinikum-haben-sich-ausserordentlich-gut-entwickelt","status":"publish","type":"post","link":"https:\/\/www.frankensicht.de\/?p=10628","title":{"rendered":"&#8222;Medizinische Fakult\u00e4t und Universit\u00e4tsklinikum haben sich au\u00dferordentlich gut entwickelt&#8220;"},"content":{"rendered":"<p><span style=\"color: #ff0000;\">Regensburg:<\/span><\/p>\n<p>&#8222;Medizinische Fakult\u00e4t und Universit\u00e4tsklinikum haben sich au\u00dferordentlich gut entwickelt&#8220;<\/p>\n<p>Bayerns Wissenschaftsminister Dr. Ludwig Spaenle w\u00fcrdigte beim Festakt &#8222;25 Jahre station\u00e4re Universit\u00e4tsmedizin&#8220; in Regensburg die Entwicklung der dortigen Hochschulmedizin: &#8222;Forschung, Lehre und Krankenversorgung pr\u00e4sentieren sich als Einheit. Und sie sind eng mit den naturwissenschaftlichen F\u00e4chern und der Vorklinik vernetzt. In den 25 Jahren ihres Bestehens haben sich die Medizinische Fakult\u00e4t und das Universit\u00e4tsklinikum au\u00dferordentlich gut entwickelt.&#8220; Die Zahl der Betten sei von knapp 500 auf mittlerweile 833 angestiegen, und mit fast 4.500 Mitarbeiterinnen und Mitarbeitern sei das Universit\u00e4tsklinikum ein wichtiger Arbeitgeber in der Region. An der Medizinischen Fakult\u00e4t und dem Universit\u00e4tsklinikum werden gegenw\u00e4rtig rund 2.000 Studierende der Human- und Zahnmedizin sowie 50 im Studiengang Molekulare Medizin ausgebildet. &#8222;Das Universit\u00e4tsklinikum ist f\u00fcr seine Hochleistungsmedizin weit \u00fcber die Region hinaus hoch anerkannt!&#8220; Der Staatsminister dankte dem<br \/>\nVorstand ebenso wie den Chef\u00e4rzten, \u00c4rzten, Pflegekr\u00e4ften und Mitarbeitern des Universit\u00e4tsklinikums Regensburg f\u00fcr deren Wirken.<\/p>\n<p><a href=\"https:\/\/www.frankensicht.de\/?attachment_id=4951\" rel=\"attachment wp-att-4951\"><img loading=\"lazy\" decoding=\"async\" class=\"alignnone size-medium wp-image-4951\" src=\"https:\/\/www.frankensicht.de\/wp-content\/uploads\/2013\/01\/krankenhaus-300x187.jpg\" alt=\"\" width=\"300\" height=\"187\" srcset=\"https:\/\/www.frankensicht.de\/wp-content\/uploads\/2013\/01\/krankenhaus-300x187.jpg 300w, https:\/\/www.frankensicht.de\/wp-content\/uploads\/2013\/01\/krankenhaus.jpg 640w\" sizes=\"auto, (max-width: 300px) 100vw, 300px\" \/><\/a><\/p>\n<p>Einen besonderen Namen habe sich die Regensburger Medizin z. B. in der Immunologie, der Humangenetik oder der Tumorforschung gemacht. Beispielhaft nannte Minister Spaenle das Regensburger Centrum f\u00fcr Interventionelle Immunologie (RCI). In der medizinischen Versorgung griff der Minister die Einrichtung der Kinderuniversit\u00e4tsklinik Ostbayern &#8222;Kuno&#8220; heraus, mit der die Kinder- und Jugendmedizin auf Maximal-Niveau angehoben wurde, beispielsweise mit dem Kinderlebertransplantationsprogramm.<\/p>\n<p>Quelle: stmbw.bayern.de<\/p>\n","protected":false},"excerpt":{"rendered":"<p>Regensburg: &#8222;Medizinische Fakult\u00e4t und Universit\u00e4tsklinikum haben sich au\u00dferordentlich gut entwickelt&#8220; Bayerns Wissenschaftsminister Dr. Ludwig Spaenle w\u00fcrdigte beim Festakt &#8222;25 Jahre station\u00e4re Universit\u00e4tsmedizin&#8220; in Regensburg die Entwicklung der dortigen Hochschulmedizin: &#8222;Forschung, Lehre und Krankenversorgung pr\u00e4sentieren sich als Einheit. Und sie sind eng mit den naturwissenschaftlichen F\u00e4chern und der Vorklinik vernetzt. In den 25 Jahren ihres Bestehens [&hellip;]<\/p>\n","protected":false},"author":7,"featured_media":4951,"comment_status":"closed","ping_status":"open","sticky":false,"template":"","format":"standard","meta":{"footnotes":""},"categories":[78,71],"tags":[1848],"class_list":["post-10628","post","type-post","status-publish","format-standard","has-post-thumbnail","hentry","category-bayern","category-menue","tag-medizin"],"_links":{"self":[{"href":"https:\/\/www.frankensicht.de\/index.php?rest_route=\/wp\/v2\/posts\/10628","targetHints":{"allow":["GET"]}}],"collection":[{"href":"https:\/\/www.frankensicht.de\/index.php?rest_route=\/wp\/v2\/posts"}],"about":[{"href":"https:\/\/www.frankensicht.de\/index.php?rest_route=\/wp\/v2\/types\/post"}],"author":[{"embeddable":true,"href":"https:\/\/www.frankensicht.de\/index.php?rest_route=\/wp\/v2\/users\/7"}],"replies":[{"embeddable":true,"href":"https:\/\/www.frankensicht.de\/index.php?rest_route=%2Fwp%2Fv2%2Fcomments&post=10628"}],"version-history":[{"count":1,"href":"https:\/\/www.frankensicht.de\/index.php?rest_route=\/wp\/v2\/posts\/10628\/revisions"}],"predecessor-version":[{"id":10629,"href":"https:\/\/www.frankensicht.de\/index.php?rest_route=\/wp\/v2\/posts\/10628\/revisions\/10629"}],"wp:featuredmedia":[{"embeddable":true,"href":"https:\/\/www.frankensicht.de\/index.php?rest_route=\/wp\/v2\/media\/4951"}],"wp:attachment":[{"href":"https:\/\/www.frankensicht.de\/index.php?rest_route=%2Fwp%2Fv2%2Fmedia&parent=10628"}],"wp:term":[{"taxonomy":"category","embeddable":true,"href":"https:\/\/www.frankensicht.de\/index.php?rest_route=%2Fwp%2Fv2%2Fcategories&post=10628"},{"taxonomy":"post_tag","embeddable":true,"href":"https:\/\/www.frankensicht.de\/index.php?rest_route=%2Fwp%2Fv2%2Ftags&post=10628"}],"curies":[{"name":"wp","href":"https:\/\/api.w.org\/{rel}","templated":true}]}}